{"id":81981,"date":"2025-07-25T16:59:32","date_gmt":"2025-07-25T14:59:32","guid":{"rendered":"https:\/\/yepsea.com\/?p=81981"},"modified":"2025-08-18T11:55:05","modified_gmt":"2025-08-18T09:55:05","slug":"mines-de-sulcis","status":"publish","type":"post","link":"https:\/\/www.yepsea.com\/fr\/mines-de-sulcis\/","title":{"rendered":"Les mines du Sulcis : \u00e0 la d\u00e9couverte du patrimoine minier de la Sardaigne"},"content":{"rendered":"<h2 class=\"wp-block-heading\">\u00c0 la d\u00e9couverte des mines du Sulcis : un voyage dans le c\u0153ur minier de la Sardaigne<\/h2>\n\n\n\n<p>Le site <strong>Sulcis-Iglesiente<\/strong>avec ses fascinantes <strong>mines<\/strong>repr\u00e9sente l'un des lieux les plus \u00e9vocateurs de l'Europe. <strong>Sardaigne<\/strong>. Visitez le site <strong>Mines de Sulcis<\/strong> est une v\u00e9ritable plong\u00e9e dans le temps, un itin\u00e9raire \u00e0 travers la nature sauvage, l'histoire industrielle et la culture ouvri\u00e8re. Cet article vous guidera \u00e0 la d\u00e9couverte de l'une des r\u00e9gions les plus riches en termes de patrimoine culturel et naturel. <strong>l'exploitation mini\u00e8re<\/strong>en vous montrant les lieux incontournables, en vous racontant des histoires de <strong>mineurs<\/strong>l'exploration de sites tels que <strong>Carbonia<\/strong>, <strong>Iglesias<\/strong>, <strong>Porto Flavia<\/strong>, <strong>Serbariu<\/strong>, <strong>Nebida<\/strong>, <strong>Buggerru<\/strong> et bien d'autres choses encore. Si vous aimez l'aventure, la m\u00e9moire historique et l'arch\u00e9ologie industrielle, vous \u00eates au bon endroit !<\/p>\n\n\n\n<h2 class=\"wp-block-heading\">Itin\u00e9raire dans les mines du Sulcis : par o\u00f9 commencer ?<\/h2>\n\n\n\n<p>Un bon <strong>itin\u00e9raire<\/strong> \u00e0 <strong>Mines de Sulcis<\/strong> commence \u00e0 partir de <strong>Carbonia<\/strong>Le c\u0153ur battant de l'Union europ\u00e9enne, le <strong>Bassin houiller du Sulcis<\/strong>. Fond\u00e9e en 1938 pr\u00e9cis\u00e9ment pour exploiter l'activit\u00e9 <strong>l'exploitation mini\u00e8re<\/strong>, le <strong>ville de Carbonia<\/strong> conserve son charme industriel. En continuant vers le sud-ouest, nous arrivons \u00e0 <strong>Iglesias<\/strong>Le centre historique de la <strong>Secteur minier en Sardaigne<\/strong> et point strat\u00e9gique pour visiter les mines <strong>m\u00e9tallif\u00e8re<\/strong> et de <strong>charbon<\/strong> en pointill\u00e9s <strong>territoire d'Iglesias<\/strong>. L'<strong>itin\u00e9raire<\/strong> peut \u00e9galement inclure des sites c\u00f4tiers spectaculaires tels que <strong>Nebida<\/strong>, <strong>Masua<\/strong> et la zone de <strong>Porto Flavia<\/strong>v\u00e9ritables joyaux de la c\u00f4te sud-ouest de la Sardaigne, o\u00f9 les <strong>mines<\/strong> semblent plonger dans la mer.<\/p>\n\n\n\n<figure class=\"wp-block-image size-full\"><img fetchpriority=\"high\" decoding=\"async\" width=\"1024\" height=\"682\" src=\"https:\/\/yepsea.com\/wp-content\/uploads\/miniere-del-sulcisjpg.jpg\" alt=\"Mines de Sulcis\" class=\"wp-image-81982\" srcset=\"https:\/\/www.yepsea.com\/wp-content\/uploads\/miniere-del-sulcisjpg.jpg 1024w, https:\/\/www.yepsea.com\/wp-content\/uploads\/miniere-del-sulcisjpg-768x512.jpg 768w, https:\/\/www.yepsea.com\/wp-content\/uploads\/miniere-del-sulcisjpg-18x12.jpg 18w\" sizes=\"(max-width: 1024px) 100vw, 1024px\" \/><figcaption class=\"wp-element-caption\">Mines de Sulcis<\/figcaption><\/figure>\n\n\n\n<h2 class=\"wp-block-heading\">Qu'est-ce que le parc g\u00e9omining de Sardaigne ?<\/h2>\n\n\n\n<p>Le site <strong>Parc g\u00e9omining historique et environnemental de la Sardaigne<\/strong> est une initiative cr\u00e9\u00e9e pour mettre en valeur et prot\u00e9ger le vaste patrimoine de l'Europe. <strong>l'exploitation mini\u00e8re<\/strong> de l'\u00eele. A l'int\u00e9rieur de celui-ci se trouvent de nombreux <strong>sites miniers<\/strong>dont certains sont devenus des mus\u00e9es ou des centres d'interpr\u00e9tation. <strong>Mus\u00e9e du charbon de Carbonia<\/strong>, le <strong>Mine de Porto Flavia<\/strong>, le <strong>Lamarmora laveria<\/strong> et le <strong>Grotte de Sainte-Barbe<\/strong>. I <strong>sites inclus dans le parc g\u00e9o-min\u00e9ral<\/strong> offrir <strong>visites guid\u00e9es<\/strong> et des parcours immersifs qui permettent de comprendre ce qu'\u00e9tait le travail souterrain dans la poussi\u00e8re, l'obscurit\u00e9 et la fatigue.<\/p>\n\n\n\n<h2 class=\"wp-block-heading\">Visite du mus\u00e9e du charbon \u00e0 Carbonia<\/h2>\n\n\n\n<p>Le site <strong>Mus\u00e9e du charbon<\/strong> est situ\u00e9 dans la zone de <strong>Mine Serbariu<\/strong>l'une des plus importantes du bassin minier sarde. Ici, on peut encore respirer l'odeur de la <strong>poussi\u00e8re de charbon<\/strong>. A travers des photographies, des outils de travail, des installations originales et des histoires de la <strong>mineurs<\/strong>le mus\u00e9e reconstitue fid\u00e8lement les <strong>histoire du charbon<\/strong> et le<strong>l'industrie mini\u00e8re<\/strong> Italien. La <strong>Mine Serbariu<\/strong> n'est pas un simple mus\u00e9e, mais un v\u00e9ritable <strong>village minier<\/strong> soigneusement conserv\u00e9s. Une \u00e9tape incontournable pour ceux qui veulent conna\u00eetre les racines de l'histoire de l'Europe.<strong>l'exploitation mini\u00e8re<\/strong> en Sardaigne.<\/p>\n\n\n\n<h2 class=\"wp-block-heading\">Porto Flavia : une mine sur la mer<\/h2>\n\n\n\n<p>La <strong>Mine de Porto Flavia<\/strong>L'h\u00f4tel est situ\u00e9 \u00e0 proximit\u00e9 de la mer cristalline et offre une vue imprenable sur la mer. <strong>Masua<\/strong>est l'un des endroits les plus spectaculaires de la<strong>arch\u00e9ologie industrielle<\/strong> Italien. Construit en 1924, il repr\u00e9sentait une avant-garde technologique pour le transport des marchandises. <strong>min\u00e9ral<\/strong>Les navires \u00e9taient charg\u00e9s directement depuis le r\u00e9cif au moyen d'un ing\u00e9nieux syst\u00e8me de courroies. C'est l\u00e0 qu'ils extraient principalement <strong>le plomb et le zinc<\/strong>de <strong>d\u00e9p\u00f4ts<\/strong> \u00e0 l'int\u00e9rieur des terres, avant d'\u00eatre canalis\u00e9e vers la mer. Aujourd'hui, la visite de Porto Flavia est une exp\u00e9rience \u00e0 couper le souffle, suspendue entre les rochers et les vagues.<\/p>\n\n\n\n<h2 class=\"wp-block-heading\">Que voir \u00e0 Nebida et Laveria Lamarmora ?<\/h2>\n\n\n\n<p><strong>Nebida<\/strong>petit village minier nich\u00e9 au milieu des rochers, offre une vue incroyable sur les <strong>Mer de Sulcis<\/strong>. Le symbole du lieu est le <strong>Laveria Lamarmora<\/strong>une station d'\u00e9puration pour les <strong>min\u00e9ral<\/strong> construit \u00e0 la fin du 19e si\u00e8cle. La structure en pierre surplombe un panorama d'une rare beaut\u00e9 et raconte la vie difficile de l'homme de la rue. <strong>mineurs<\/strong> et l'ing\u00e9niosit\u00e9 de la <strong>installations mini\u00e8res<\/strong> de l'\u00e9poque. Aujourd'hui, Nebida est \u00e9galement un endroit id\u00e9al pour se d\u00e9tendre apr\u00e8s avoir explor\u00e9 la r\u00e9gion, peut-\u00eatre en d\u00e9gustant une cuisine sarde typique.<\/p>\n\n\n\n<h2 class=\"wp-block-heading\">L'extraordinaire grotte de Santa Barbara<\/h2>\n\n\n\n<p>D\u00e9couvert accidentellement en 1952 \u00e0 l'int\u00e9rieur du <strong>mine de San Giovanni<\/strong>, le <strong>Grotte de Sainte-Barbe<\/strong> est l'une des merveilles g\u00e9ologiques de la Sardaigne. Il s'agit d'une cavit\u00e9 karstique recouverte de cristaux et de stalactites, que l'on rencontre sur la route dans l'ancienne <strong>mine<\/strong>. Autrefois accessible uniquement aux <strong>mineurs<\/strong>Aujourd'hui, elle peut \u00eatre visit\u00e9e gr\u00e2ce \u00e0 un petit train qui circule dans les tunnels creus\u00e9s dans la roche. La grotte est \u00e9galement un lieu spirituel important, d\u00e9di\u00e9 au saint patron de la r\u00e9gion. <strong>mineurs<\/strong>c\u00e9l\u00e9br\u00e9e chaque ann\u00e9e avec une grande d\u00e9votion.<\/p>\n\n\n\n<h2 class=\"wp-block-heading\">Villages miniers : histoires de communaut\u00e9s et de r\u00e9sistance<\/h2>\n\n\n\n<p>Visitez le site <strong>villages miniers<\/strong> de Sulcis est une occasion unique de d\u00e9couvrir comment les familles de la <strong>mineurs<\/strong>. A <strong>Cortoghiana<\/strong>, <strong>Bacu Abis<\/strong> e <strong>Gonnesa<\/strong>On y trouve des exemples d'architecture sociale destin\u00e9e \u00e0 rendre la vie des travailleurs plus digne. Chaque village disposait d'\u00e9coles, d'\u00e9glises, de cin\u00e9mas et de coop\u00e9ratives. Dans certains cas, comme \u00e0 <strong>Guspini<\/strong> o <strong>Fluminimaggiore<\/strong>Ces centres ont \u00e9t\u00e9 partiellement r\u00e9cup\u00e9r\u00e9s et offrent des mus\u00e9es, des expositions et des festivals consacr\u00e9s au pass\u00e9. <strong>extractif<\/strong>.<\/p>\n\n\n\n<h2 class=\"wp-block-heading\">Les mines d\u00e9saffect\u00e9es du Sulcis : un patrimoine \u00e0 valoriser<\/h2>\n\n\n\n<p>Un grand nombre d'entre eux <strong>Mines de Sulcis<\/strong> sont aujourd'hui <strong>d\u00e9saffect\u00e9<\/strong>mais ils repr\u00e9sentent une ressource culturelle extraordinaire. Leur conservation fait partie de la <strong>Parc g\u00e9ologique de Sardaigne<\/strong>et de nombreux <strong>soci\u00e9t\u00e9s mini\u00e8res<\/strong> collaborent avec des organismes publics pour le r\u00e9am\u00e9nagement. Quelques-uns de ces projets sont en cours de r\u00e9alisation. <strong>installations industrielles<\/strong>tels que ceux de <strong>Portovesme<\/strong>Les sites arch\u00e9ologiques, qui sont encore en activit\u00e9, constituent le plus grand d\u00e9fi, mais le tourisme conscient et respectueux de ces lieux de m\u00e9moire reste le plus important. Dans toute la Sardaigne, de <strong>Arbus<\/strong> a <strong>Sant'Antioco<\/strong>patrimoine <strong>l'exploitation mini\u00e8re<\/strong> est immense et ne demande qu'\u00e0 \u00eatre racont\u00e9e.<\/p>\n\n\n\n<h2 class=\"wp-block-heading\">Min\u00e9raux exploit\u00e9s dans le Sulcis : quels \u00e9taient-ils et \u00e0 quoi servaient-ils ?<\/h2>\n\n\n\n<p>Le <strong>Mines sardes<\/strong>et en particulier ceux de la <strong>Sulcis-Iglesiente<\/strong>\u00e9taient riches en <strong>gal\u00e8ne argentif\u00e8re<\/strong>, <strong>galvaniser<\/strong>, <strong>baryte<\/strong>, <strong>plomb<\/strong> et bien s\u00fbr <strong>charbon<\/strong>. Chacun <strong>d\u00e9p\u00f4t<\/strong> avait ses propres caract\u00e9ristiques, et souvent les<strong>extraction<\/strong> a \u00e9t\u00e9 conditionn\u00e9e par la qualit\u00e9 et la quantit\u00e9 de la <strong>min\u00e9ral<\/strong>. L'importance de la <strong>Carbonif\u00e8re<\/strong> de Sulcis \u00e9tait telle qu'elle justifiait la naissance m\u00eame de villes enti\u00e8res, telles que <strong>Carbonia<\/strong>. L'<strong>l'industrie mini\u00e8re<\/strong> \u00e9tait le moteur \u00e9conomique de toute la r\u00e9gion <strong>R\u00e9gion du Sulcis<\/strong>contribuer au d\u00e9veloppement de l'ensemble de la Sardaigne.<\/p>\n\n\n\n<h2 class=\"wp-block-heading\">Quel est l'avenir du secteur minier sarde aujourd'hui ?<\/h2>\n\n\n\n<p>Apr\u00e8s le d\u00e9clin de la <strong>l'exploitation mini\u00e8re<\/strong> dans les ann\u00e9es 1970 et 1980, l'accent est mis aujourd'hui sur un nouveau mod\u00e8le durable. L'objectif est aujourd'hui de cr\u00e9er un nouveau mod\u00e8le durable. <strong>R\u00e9gion Sardaigne<\/strong> promeut le tourisme culturel et environnemental par le biais des mus\u00e9es, <strong>visites guid\u00e9es<\/strong> et les chemins de <strong>arch\u00e9ologie industrielle<\/strong>. Certains projets pr\u00e9voient \u00e9galement la r\u00e9habilitation de mines pour la production d'\u00e9nergie \u00e0 partir de sources alternatives, transformant ainsi un pass\u00e9 difficile en un avenir innovant. Le projet <strong>l'exploitation mini\u00e8re<\/strong> Mais la vraie richesse aujourd'hui, c'est la m\u00e9moire et la capacit\u00e9 \u00e0 transformer les blessures en ressources.<\/p>\n\n\n\n<p><\/p>\n\n\n\n<h2 class=\"wp-block-heading\">En r\u00e9sum\u00e9, voici ce qu'il faut retenir :<\/h2>\n\n\n\n<p><strong>Les mines du Sulcis<\/strong> repr\u00e9sentent l'un des patrimoines les plus importants de toute l'\u00eele<\/p>\n\n\n\n<p><strong>Carbonia<\/strong> e <strong>Iglesias<\/strong> sont les deux principaux centres \u00e0 partir desquels il est possible de d\u00e9marrer une <strong>itin\u00e9raire minier<\/strong><\/p>\n\n\n\n<p>Des lieux embl\u00e9matiques tels que <strong>Porto Flavia<\/strong>, le <strong>Laveria Lamarmora<\/strong> et le <strong>Grotte de Sainte-Barbe<\/strong> sont incontournables<\/p>\n\n\n\n<p>Le site <strong>Mus\u00e9e du charbon<\/strong> offre une exp\u00e9rience touchante et authentique de la vie en tant que <strong>mineur<\/strong><\/p>\n\n\n\n<p>Nombreux <strong>mines d\u00e9saffect\u00e9es<\/strong> font d\u00e9sormais partie de la <strong>Parc g\u00e9ologique de Sardaigne<\/strong><\/p>\n\n\n\n<p>Le site <strong>Secteur minier en Sardaigne<\/strong> est aujourd'hui orient\u00e9e vers la m\u00e9moire et la valorisation culturelle<\/p>\n\n\n\n<p>Le site <strong>charbon<\/strong>le site <strong>plomb<\/strong>, le <strong>gal\u00e8ne argentif\u00e8re<\/strong> et le <strong>galvaniser<\/strong> ont \u00e9t\u00e9 les principaux <strong>min\u00e9raux extraits<\/strong><\/p>\n\n\n\n<p>La visite de la <strong>villages miniers<\/strong> est un moyen de d\u00e9couvrir la dimension sociale du travail<\/p>\n\n\n\n<p>Le site <strong>Sulcis-Iglesiente<\/strong> est une r\u00e9gion d'une beaut\u00e9 panoramique et historique exceptionnelle<\/p>\n\n\n\n<p>Chaque voyage dans le <strong>monde minier<\/strong> de Sulcis est une exp\u00e9rience \u00e9ducative, \u00e9motionnelle et profonde.<\/p>\n\n\n\n<p><\/p>\n\n\n\n<h2 class=\"wp-block-heading\">FAQ sur les mines de Sulcis<\/h2>\n\n\n\n<p><strong>Qu'est-ce que le parc g\u00e9omining de Sardaigne ?<\/strong><br>Il s'agit d'une zone prot\u00e9g\u00e9e \u00e9tablie pour mettre en valeur les sites historiques li\u00e9s \u00e0 l'activit\u00e9 <strong>l'exploitation mini\u00e8re<\/strong> en Sardaigne, avec des itin\u00e9raires, des mus\u00e9es et des visites guid\u00e9es.<\/p>\n\n\n\n<p><strong>O\u00f9 se trouve le mus\u00e9e du charbon ?<\/strong><br>Le site <strong>Mus\u00e9e du charbon<\/strong> est situ\u00e9 \u00e0 <strong>Carbonia<\/strong>\u00e0 l'int\u00e9rieur de l'ancienne <strong>Mine Serbariu<\/strong>.<\/p>\n\n\n\n<p><strong>Pouvez-vous visiter les mines de Sulcis ?<\/strong><br>Oui, beaucoup sont accessibles avec <strong>visites guid\u00e9es<\/strong>, tels que <strong>Porto Flavia<\/strong>, le <strong>Grotte de Sainte-Barbe<\/strong> et le <strong>Laveria Lamarmora<\/strong>.<\/p>\n\n\n\n<p><strong>Quels sont les min\u00e9raux extraits \u00e0 Sulcis ?<\/strong><br>Parmi les principales <strong>min\u00e9raux extraits<\/strong> il y a les <strong>charbon<\/strong>le site <strong>plomb<\/strong>, le <strong>galvaniser<\/strong>, le <strong>gal\u00e8ne argentif\u00e8re<\/strong> et le <strong>baryte<\/strong>.<\/p>\n\n\n\n<p><strong>Qui \u00e9taient les mineurs du Sulcis ?<\/strong><br>Il s'agissait d'hommes (et parfois de femmes) qui travaillaient dans des conditions difficiles, souvent dans la clandestinit\u00e9, contribuant ainsi au d\u00e9veloppement \u00e9conomique de la r\u00e9gion.<\/p>\n\n\n\n<p><strong>Quel r\u00f4le a jou\u00e9 Carbonia dans l'exploitation mini\u00e8re ?<\/strong><br><strong>Carbonia<\/strong> a \u00e9t\u00e9 fond\u00e9e pour exploiter les <strong>d\u00e9p\u00f4t<\/strong> la plus grande mine de charbon de Sardaigne et reste le c\u0153ur de la r\u00e9gion. <strong>Bassin houiller du Sulcis<\/strong>.<\/p>\n\n\n\n<p><strong>Est-il dangereux de visiter les mines aujourd'hui ?<\/strong><br>Non, le <strong>mines d\u00e9saffect\u00e9es<\/strong> ouverts au public ont \u00e9t\u00e9 s\u00e9curis\u00e9s et sont parfaitement visitables avec des guides experts.<\/p>\n\n\n\n<p><strong>Qu'entend-on par \"laverie\" ?<\/strong><br>La <strong>laverie<\/strong> est une plante o\u00f9 le <strong>min\u00e9ral<\/strong> de la roche. Aujourd'hui, le plus c\u00e9l\u00e8bre est le <strong>Laveria Lamarmora<\/strong> a <strong>Nebida<\/strong>.<\/p>\n\n\n\n<p><strong>Quelle est la meilleure p\u00e9riode pour visiter Sulcis-Iglesiente ?<\/strong><br>Le printemps et l'automne sont id\u00e9aux, avec des temp\u00e9ratures douces et une moindre affluence. Mais l'\u00e9t\u00e9 offre \u00e9galement des paysages spectaculaires.<\/p>\n\n\n\n<p><strong>Pourquoi visiter les mines du Sulcis ?<\/strong><br>Conna\u00eetre une partie fondamentale de la <strong>Histoire de la Sardaigne<\/strong>d\u00e9couvrir des paysages \u00e0 couper le souffle et vivre une exp\u00e9rience culturelle unique.<\/p>","protected":false},"excerpt":{"rendered":"<p>Alla scoperta delle miniere del Sulcis: viaggio nel cuore minerario della Sardegna Il Sulcis-Iglesiente, con le sue affascinanti miniere, rappresenta uno dei luoghi pi\u00f9 suggestivi della Sardegna. Visitare le miniere [&hellip;]<\/p>","protected":false},"author":2,"featured_media":81982,"parent":0,"comment_status":"open","ping_status":"open","sticky":false,"template":"","format":"standard","meta":{"fifu_image_url":"","fifu_image_alt":"","footnotes":""},"categories":[3100],"tags":[],"class_list":["post-81981","post","type-post","status-publish","format-standard","has-post-thumbnail","hentry","category-cultura-e-storia"],"_links":{"self":[{"href":"https:\/\/www.yepsea.com\/fr\/wp-json\/wp\/v2\/posts\/81981","targetHints":{"allow":["GET"]}}],"collection":[{"href":"https:\/\/www.yepsea.com\/fr\/wp-json\/wp\/v2\/posts"}],"about":[{"href":"https:\/\/www.yepsea.com\/fr\/wp-json\/wp\/v2\/types\/post"}],"author":[{"embeddable":true,"href":"https:\/\/www.yepsea.com\/fr\/wp-json\/wp\/v2\/users\/2"}],"replies":[{"embeddable":true,"href":"https:\/\/www.yepsea.com\/fr\/wp-json\/wp\/v2\/comments?post=81981"}],"version-history":[{"count":0,"href":"https:\/\/www.yepsea.com\/fr\/wp-json\/wp\/v2\/posts\/81981\/revisions"}],"wp:featuredmedia":[{"embeddable":true,"href":"https:\/\/www.yepsea.com\/fr\/wp-json\/wp\/v2\/media\/81982"}],"wp:attachment":[{"href":"https:\/\/www.yepsea.com\/fr\/wp-json\/wp\/v2\/media?parent=81981"}],"wp:term":[{"taxonomy":"category","embeddable":true,"href":"https:\/\/www.yepsea.com\/fr\/wp-json\/wp\/v2\/categories?post=81981"},{"taxonomy":"post_tag","embeddable":true,"href":"https:\/\/www.yepsea.com\/fr\/wp-json\/wp\/v2\/tags?post=81981"}],"curies":[{"name":"wp","href":"https:\/\/api.w.org\/{rel}","templated":true}]}}