{"id":81957,"date":"2025-07-25T12:59:17","date_gmt":"2025-07-25T10:59:17","guid":{"rendered":"https:\/\/yepsea.com\/?p=81957"},"modified":"2025-08-18T11:54:13","modified_gmt":"2025-08-18T09:54:13","slug":"fete-du-redempteur-nuoro-2025","status":"publish","type":"post","link":"https:\/\/www.yepsea.com\/fr\/fete-du-redempteur-nuoro-2025\/","title":{"rendered":"F\u00eate du R\u00e9dempteur \u00e0 Nuoro 2025 : le programme de la municipalit\u00e9"},"content":{"rendered":"<h2 class=\"wp-block-heading\">F\u00eate du R\u00e9dempteur \u00e0 Nuoro 2025 : le c\u0153ur du folklore sarde entre foi et tradition<\/h2>\n\n\n\n<p>La Festa del Redentore (f\u00eate du R\u00e9dempteur) de Nuoro est de retour en 2025, s'affirmant comme l'un des \u00e9v\u00e9nements culturels, religieux et populaires les plus fascinants du centre de la Sardaigne. Chaque ann\u00e9e, \u00e0 la fin du mois d'ao\u00fbt, la ville de Nuoro se pare de couleurs, de musique et de spiritualit\u00e9, accueillant des milliers de personnes d\u00e9sireuses de vivre une exp\u00e9rience authentique au milieu des costumes traditionnels, des chants, des danses et des moments de forte d\u00e9votion. Cette c\u00e9l\u00e9bration n'est pas seulement un \u00e9v\u00e9nement religieux : c'est un v\u00e9ritable festival folklorique r\u00e9gional, une fen\u00eatre ouverte sur le pass\u00e9 et l'\u00e2me profonde du peuple sarde. Si vous \u00eates curieux de savoir ce qui se passera lors de la f\u00eate du R\u00e9dempteur 2025, pr\u00e9parez-vous : je vous guiderai pas \u00e0 pas \u00e0 travers l'histoire, les rituels, les \u00e9motions et les d\u00e9tails pratiques pour que vous ne manquiez de rien.<\/p>\n\n\n\n<figure class=\"wp-block-image size-full\"><img fetchpriority=\"high\" decoding=\"async\" width=\"1200\" height=\"674\" src=\"https:\/\/yepsea.com\/wp-content\/uploads\/festa-redentore-nuoro.webp\" alt=\"F\u00eate du R\u00e9dempteur \u00e0 Nuoro\" class=\"wp-image-81958\" srcset=\"https:\/\/www.yepsea.com\/wp-content\/uploads\/festa-redentore-nuoro.webp 1200w, https:\/\/www.yepsea.com\/wp-content\/uploads\/festa-redentore-nuoro-768x431.webp 768w, https:\/\/www.yepsea.com\/wp-content\/uploads\/festa-redentore-nuoro-18x10.webp 18w\" sizes=\"(max-width: 1200px) 100vw, 1200px\" \/><figcaption class=\"wp-element-caption\">F\u00eate du R\u00e9dempteur \u00e0 Nuoro<\/figcaption><\/figure>\n\n\n\n<h2 class=\"wp-block-heading\">Quand la f\u00eate du R\u00e9dempteur aura-t-elle lieu \u00e0 Nuoro en 2025 ?<\/h2>\n\n\n\n<p>La f\u00eate du R\u00e9dempteur de Nuoro 2025 aura lieu, comme le veut la tradition, \u00e0 la fin du mois d'ao\u00fbt, et le point culminant sera le 29 ao\u00fbt, jour d\u00e9di\u00e9 au Christ R\u00e9dempteur. Cependant, la c\u00e9l\u00e9bration ne se limitera pas \u00e0 une seule journ\u00e9e : les activit\u00e9s commenceront d\u00e9j\u00e0 les jours pr\u00e9c\u00e9dents, avec des \u00e9v\u00e9nements culturels, des expositions, des concerts et des reconstitutions qui animeront tout le centre historique de Nuoro et qui culmineront avec la procession \u00e9vocatrice sur le Monte Ortobene. La date du 29 ao\u00fbt repr\u00e9sente un moment charni\u00e8re, mais la semaine qui la pr\u00e9c\u00e8de sera \u00e9galement riche en \u00e9v\u00e9nements religieux et folkloriques. Pr\u00e9parez-vous \u00e0 voir la ville se transformer en un immense th\u00e9\u00e2tre en plein air, o\u00f9 les participants en costume traditionnel et les groupes costum\u00e9s sont invit\u00e9s de toute l'\u00eele \u00e0 d\u00e9filer avec fiert\u00e9 et respect.<\/p>\n\n\n\n<h2 class=\"wp-block-heading\">Quelle est l'histoire de la Festa del Redentore de Nuoro ?<\/h2>\n\n\n\n<p>La f\u00eate du R\u00e9dempteur est n\u00e9e en 1901, lorsque le pape L\u00e9on XIII d\u00e9cida de c\u00e9l\u00e9brer le Jubil\u00e9 en pla\u00e7ant autant d'images de J\u00e9sus le R\u00e9dempteur sur 19 sommets italiens, un pour chaque r\u00e9gion. Pour la Sardaigne, c'est le sommet du Monte Ortobene, \u00e0 quelques kilom\u00e8tres de Nuoro, qui a \u00e9t\u00e9 choisi. La statue du R\u00e9dempteur, \u0153uvre du sculpteur Vincenzo Ierace, a \u00e9t\u00e9 coul\u00e9e \u00e0 Naples et transport\u00e9e au sommet gr\u00e2ce \u00e0 des chars \u00e0 b\u0153ufs fournis par les paysans de Nuoro. Le jour de la cons\u00e9cration, on dit que 8 000 fid\u00e8les ont gravi la montagne pour assister \u00e0 la messe solennelle : depuis lors, chaque ann\u00e9e, la ville renouvelle ce moment de foi avec une profonde implication populaire. Cette c\u00e9l\u00e9bration religieuse a fortement contribu\u00e9 au processus de transformation de Nuoro, qui est pass\u00e9 d'un petit village de bergers \u00e0 une ville symbolisant la culture et les traditions sardes.<\/p>\n\n\n\n<h2 class=\"wp-block-heading\">O\u00f9 se d\u00e9roulent les principaux \u00e9v\u00e9nements du festival ?<\/h2>\n\n\n\n<p>Les principaux \u00e9v\u00e9nements de la Festa del Redentore 2025 se d\u00e9roulent dans deux endroits cl\u00e9s : le centre de Nuoro et le sommet du Monte Ortobene. Dans la ville, en particulier sur la Piazza Sardegna, se d\u00e9roule le traditionnel d\u00e9fil\u00e9 des costumes traditionnels sardes, avec des centaines de personnes venues de toute l'\u00eele pour parader en arborant fi\u00e8rement leurs costumes locaux. Sur le Monte Ortobene, en revanche, se d\u00e9roule la partie religieuse de la f\u00eate, avec la c\u00e9l\u00e9bration de la messe solennelle au pied de la statue du Christ R\u00e9dempteur. Il s'agit d'un moment charg\u00e9 d'une signification spirituelle, qui unit la communaut\u00e9 dans une seule voix de pri\u00e8re. Le panorama \u00e0 couper le souffle, la d\u00e9votion sinc\u00e8re et la musique en direct des chorales de Nuoro en font une exp\u00e9rience inoubliable.<\/p>\n\n\n\n<h2 class=\"wp-block-heading\">Que repr\u00e9sente la statue du R\u00e9dempteur ?<\/h2>\n\n\n\n<p>La statue en bronze du R\u00e9dempteur, haute de 7 m\u00e8tres et pesant 18 quintaux, domine le sommet du mont Ortobene et repr\u00e9sente le c\u0153ur spirituel de la f\u00eate. Elle a \u00e9t\u00e9 command\u00e9e par le comit\u00e9 ex\u00e9cutif local cr\u00e9\u00e9 \u00e0 la suite du choix du dioc\u00e8se de Nuoro et r\u00e9alis\u00e9e avec la contribution de toute la population, gr\u00e2ce \u00e0 une campagne de sensibilisation qui a \u00e9galement fait appel aux recettes d'une loterie. La statue n'est pas seulement une \u0153uvre d'art, mais un puissant symbole d'unit\u00e9, d'identit\u00e9 et d'espoir. Chaque ann\u00e9e, le 29 ao\u00fbt, des milliers de personnes gravissent la montagne pour honorer J\u00e9sus le R\u00e9dempteur, perp\u00e9tuant ainsi un rituel qui dure depuis plus d'un si\u00e8cle.<\/p>\n\n\n\n<figure class=\"wp-block-image size-full\"><img decoding=\"async\" width=\"800\" height=\"440\" src=\"https:\/\/yepsea.com\/wp-content\/uploads\/statua-del-redentore-nuoro.jpg\" alt=\"Statue du R\u00e9dempteur \u00e0 Nuoro\" class=\"wp-image-81959\" srcset=\"https:\/\/www.yepsea.com\/wp-content\/uploads\/statua-del-redentore-nuoro.jpg 800w, https:\/\/www.yepsea.com\/wp-content\/uploads\/statua-del-redentore-nuoro-768x422.jpg 768w, https:\/\/www.yepsea.com\/wp-content\/uploads\/statua-del-redentore-nuoro-18x10.jpg 18w\" sizes=\"(max-width: 800px) 100vw, 800px\" \/><figcaption class=\"wp-element-caption\">Statue du R\u00e9dempteur \u00e0 Nuoro<\/figcaption><\/figure>\n\n\n\n<h2 class=\"wp-block-heading\">Pourquoi le d\u00e9fil\u00e9 de costumes traditionnels est-il si sp\u00e9cial ?<\/h2>\n\n\n\n<p>Le d\u00e9fil\u00e9 des costumes traditionnels est l'un des moments les plus attendus et les plus spectaculaires de la f\u00eate du R\u00e9dempteur \u00e0 Nuoro. C'est l\u00e0 que s'exprime tout le charme du folklore sarde : des centaines de participants en costumes traditionnels d\u00e9filent dans les rues, accompagn\u00e9s de musique, de chants et de danses qui varient d'un village \u00e0 l'autre. Chaque costume traditionnel raconte une histoire : chaque couture, couleur, bijou ou coiffe repr\u00e9sente une identit\u00e9 sp\u00e9cifique, transmise de g\u00e9n\u00e9ration en g\u00e9n\u00e9ration. Cet \u00e9v\u00e9nement n'est pas un simple d\u00e9fil\u00e9, mais une c\u00e9l\u00e9bration de la culture de Nuoro et de toute l'\u00eele, dans un d\u00e9fil\u00e9 de costumes qui enchante les habitants et les touristes.<\/p>\n\n\n\n<h2 class=\"wp-block-heading\">Qui participe \u00e0 la f\u00eate du R\u00e9dempteur ?<\/h2>\n\n\n\n<p>Des enfants aux grands-parents, des touristes curieux aux p\u00e8lerins fervents, tous les \u00e2ges participent au festival Redentore de Nuoro. En particulier, des groupes folkloriques de tous les coins de la Sardaigne centrale, mais aussi d'autres parties de l'\u00eele, y participent. Chaque ann\u00e9e, la municipalit\u00e9 de Nuoro invite des dizaines d'associations \u00e0 d\u00e9filer et \u00e0 participer aux c\u00e9l\u00e9brations, faisant de la f\u00eate un v\u00e9ritable festival folklorique r\u00e9gional. De nombreux artisans, artistes locaux, ch\u0153urs et danseurs traditionnels enrichissent \u00e9galement l'\u00e9v\u00e9nement, qui s'\u00e9tend sur plusieurs jours avec une vari\u00e9t\u00e9 d'initiatives diff\u00e9rentes et passionnantes.<\/p>\n\n\n\n<h2 class=\"wp-block-heading\">Comment se rendre \u00e0 Nuoro pour la c\u00e9l\u00e9bration de 2025 ?<\/h2>\n\n\n\n<p>Nuoro est facilement accessible depuis toute la Sardaigne gr\u00e2ce \u00e0 un bon r\u00e9seau routier. Les personnes arrivant par avion peuvent atterrir \u00e0 Olbia ou \u00e0 Cagliari, d'o\u00f9 partent les bus et les trains \u00e0 destination de la capitale de la troisi\u00e8me province cr\u00e9\u00e9e en 1926 par le r\u00e9gime fasciste. Pendant la semaine du festival, la municipalit\u00e9 et les associations locales organisent des services de navette sp\u00e9ciaux pour emmener les visiteurs de la ville au sommet du Monte Ortobene, r\u00e9duisant ainsi l'impact sur l'environnement et garantissant une exp\u00e9rience plus confortable pour tous.<\/p>\n\n\n\n<h2 class=\"wp-block-heading\">Quel est le lien entre le parti et Grazia Deledda ?<\/h2>\n\n\n\n<p>Grazia Deledda, prix Nobel de litt\u00e9rature et figure embl\u00e9matique de Nuoro, a souvent racont\u00e9 l'\u00e2me de sa ville, notamment \u00e0 travers des descriptions li\u00e9es \u00e0 la f\u00eate du R\u00e9dempteur. Dans ses \u00e9crits, le lien fort qui unit la communaut\u00e9 et la spiritualit\u00e9 qui impr\u00e8gne cette f\u00eate transparaissent, tout comme la beaut\u00e9 aust\u00e8re du mont Ortobene. La pr\u00e9sence de Grazia Deledda dans la narration de la f\u00eate donne encore plus de profondeur \u00e0 la signification de cet \u00e9v\u00e9nement : il ne s'agit pas seulement d'une f\u00eate ou d'une procession, mais d'un reflet de la culture et de la sensibilit\u00e9 de tout un peuple.<\/p>\n\n\n\n<h2 class=\"wp-block-heading\">Que peut-on attendre de la f\u00eate du R\u00e9dempteur 2025 ?<\/h2>\n\n\n\n<p>L'\u00e9dition 2025 de la f\u00eate du R\u00e9dempteur \u00e0 Nuoro promet d'\u00eatre riche en nouveaut\u00e9s, tout en respectant la tradition. Le programme officiel sera bient\u00f4t publi\u00e9 sur le site officiel de la municipalit\u00e9 de Nuoro, mais nous pouvons d'ores et d\u00e9j\u00e0 pr\u00e9voir des moments de divertissement, de la musique en direct, des expositions photographiques, ainsi que des rituels religieux. L'implication des nouvelles g\u00e9n\u00e9rations, la promotion des costumes traditionnels sardes et la valorisation du patrimoine culturel et de l'artisanat seront une fois de plus \u00e0 l'honneur. Si vous aimez la Sardaigne la plus authentique, vous ne pouvez pas la manquer.<\/p>\n\n\n\n<h2 class=\"wp-block-heading\">Cela vaut-il vraiment la peine de participer ?<\/h2>\n\n\n\n<p>Absolument. La f\u00eate du R\u00e9dempteur 2025 est une occasion unique de d\u00e9couvrir la v\u00e9ritable \u00e2me de la Sardaigne, loin des clich\u00e9s. C'est un moment de rencontre, de foi, de musique et d'identit\u00e9. Que vous soyez amateur de culture, de folklore ou simplement curieux, cette f\u00eate vous laissera des \u00e9motions ind\u00e9l\u00e9biles.<\/p>\n\n\n\n<h3 class=\"wp-block-heading\">FAQ - Questions fr\u00e9quemment pos\u00e9es sur la f\u00eate du R\u00e9dempteur 2025<\/h3>\n\n\n\n<p><strong>O\u00f9 puis-je trouver le programme officiel du festival ?<\/strong><br>Sur le site officiel de la municipalit\u00e9 de Nuoro, g\u00e9n\u00e9ralement \u00e0 partir du mois de juillet.<\/p>\n\n\n\n<p><strong>La participation au d\u00e9fil\u00e9 est-elle ouverte \u00e0 tous ?<\/strong><br>Non, seuls des groupes s\u00e9lectionn\u00e9s peuvent d\u00e9filer, mais le public peut regarder librement.<\/p>\n\n\n\n<p><strong>Besoin d'un billet pour assister \u00e0 la messe ?<\/strong><br>Non, la messe sur le Monte Ortobene est gratuite et ouverte \u00e0 tous.<\/p>\n\n\n\n<p><strong>Que faut-il apporter pour l'ascension ?<\/strong><br>Chaussures confortables, eau, chapeau et cr\u00e8me solaire.<\/p>\n\n\n\n<p><strong>O\u00f9 se garer les jours de festival ?<\/strong><br>Places de parking suppl\u00e9mentaires avec service de navette inclus.<\/p>\n\n\n\n<p><strong>La f\u00eate est-elle adapt\u00e9e aux enfants ?<\/strong><br>Oui, des activit\u00e9s sont \u00e9galement pr\u00e9vues pour les familles.<\/p>\n\n\n\n<p><strong>Y aura-t-il des stands de nourriture ?<\/strong><br>Oui, dans la ville, vous trouverez de nombreuses offres de cuisine sarde et de cuisine de rue.<\/p>\n\n\n\n<p><strong>Pouvez-vous atteindre la montagne avec des animaux ?<\/strong><br>Oui, mais il est recommand\u00e9 de les tenir en laisse et de respecter l'environnement.<\/p>\n\n\n\n<p><strong>Combien de temps dure la parade costum\u00e9e ?<\/strong><br>Elle dure g\u00e9n\u00e9ralement plusieurs heures, dans la matin\u00e9e du dimanche pr\u00e9c\u00e9dant le 29 ao\u00fbt.<\/p>\n\n\n\n<p><strong>Y a-t-il \u00e9galement des \u00e9v\u00e9nements en soir\u00e9e ?<\/strong><br>Oui, des concerts et des spectacles folkloriques animent les soir\u00e9es \u00e0 Nuoro.<\/p>\n\n\n\n<p><\/p>","protected":false},"excerpt":{"rendered":"<p>Festa del Redentore a Nuoro 2025: il cuore del folklore sardo tra fede e tradizione La Festa del Redentore a Nuoro torna protagonista anche nel 2025, confermandosi come uno degli [&hellip;]<\/p>","protected":false},"author":2,"featured_media":81958,"parent":0,"comment_status":"open","ping_status":"open","sticky":false,"template":"","format":"standard","meta":{"fifu_image_url":"","fifu_image_alt":"","footnotes":""},"categories":[],"tags":[],"class_list":["post-81957","post","type-post","status-publish","format-standard","has-post-thumbnail","hentry"],"_links":{"self":[{"href":"https:\/\/www.yepsea.com\/fr\/wp-json\/wp\/v2\/posts\/81957","targetHints":{"allow":["GET"]}}],"collection":[{"href":"https:\/\/www.yepsea.com\/fr\/wp-json\/wp\/v2\/posts"}],"about":[{"href":"https:\/\/www.yepsea.com\/fr\/wp-json\/wp\/v2\/types\/post"}],"author":[{"embeddable":true,"href":"https:\/\/www.yepsea.com\/fr\/wp-json\/wp\/v2\/users\/2"}],"replies":[{"embeddable":true,"href":"https:\/\/www.yepsea.com\/fr\/wp-json\/wp\/v2\/comments?post=81957"}],"version-history":[{"count":0,"href":"https:\/\/www.yepsea.com\/fr\/wp-json\/wp\/v2\/posts\/81957\/revisions"}],"wp:featuredmedia":[{"embeddable":true,"href":"https:\/\/www.yepsea.com\/fr\/wp-json\/wp\/v2\/media\/81958"}],"wp:attachment":[{"href":"https:\/\/www.yepsea.com\/fr\/wp-json\/wp\/v2\/media?parent=81957"}],"wp:term":[{"taxonomy":"category","embeddable":true,"href":"https:\/\/www.yepsea.com\/fr\/wp-json\/wp\/v2\/categories?post=81957"},{"taxonomy":"post_tag","embeddable":true,"href":"https:\/\/www.yepsea.com\/fr\/wp-json\/wp\/v2\/tags?post=81957"}],"curies":[{"name":"wp","href":"https:\/\/api.w.org\/{rel}","templated":true}]}}