{"id":78229,"date":"2024-12-19T18:50:45","date_gmt":"2024-12-19T17:50:45","guid":{"rendered":"https:\/\/yepsea.com\/?p=78229"},"modified":"2025-05-14T19:51:04","modified_gmt":"2025-05-14T17:51:04","slug":"les-personnes-les-plus-celebres-associees-a-larchipel-de-la-maddalena","status":"publish","type":"post","link":"https:\/\/www.yepsea.com\/fr\/les-personnes-les-plus-celebres-associees-a-larchipel-de-la-maddalena\/","title":{"rendered":"Les personnes les plus c\u00e9l\u00e8bres associ\u00e9es \u00e0 l'archipel de La Maddalena"},"content":{"rendered":"<div data-elementor-type=\"wp-post\" data-elementor-id=\"78229\" class=\"elementor elementor-78229\" data-elementor-post-type=\"post\">\n\t\t\t\t<div class=\"elementor-element elementor-element-43e7e83a e-flex e-con-boxed e-con e-parent\" data-id=\"43e7e83a\" data-element_type=\"container\">\n\t\t\t\t\t<div class=\"e-con-inner\">\n\t\t\t\t<div class=\"elementor-element elementor-element-3bfb6b54 elementor-widget elementor-widget-text-editor\" data-id=\"3bfb6b54\" data-element_type=\"widget\" data-widget_type=\"text-editor.default\">\n\t\t\t\t<div class=\"elementor-widget-container\">\n\t\t\t\t\t\t\t\t\t<article class=\"w-full scroll-mb-[var(--thread-trailing-height,150px)] text-token-text-primary focus-visible:outline-2 focus-visible:outline-offset-[-4px]\" dir=\"auto\" data-testid=\"conversation-turn-37\" data-scroll-anchor=\"false\"><div class=\"m-auto text-base py-[18px] px-3 md:px-4 w-full md:px-5 lg:px-4 xl:px-5\"><div class=\"mx-auto flex flex-1 gap-4 text-base md:gap-5 lg:gap-6 md:max-w-3xl lg:max-w-[40rem] xl:max-w-[48rem]\"><div class=\"group\/conversation-turn relative flex w-full min-w-0 flex-col agent-turn\"><div class=\"flex-col gap-1 md:gap-3\"><div class=\"flex max-w-full flex-col flex-grow\"><div class=\"min-h-8 text-message flex w-full flex-col items-end gap-2 whitespace-normal break-words text-start [.text-message+&amp;]:mt-5\" dir=\"auto\" data-message-author-role=\"assistant\" data-message-id=\"ef851afa-ae3d-41a0-ae86-b2659edb688f\" data-message-model-slug=\"gpt-4o-mini\"><div class=\"flex w-full flex-col gap-1 empty:hidden first:pt-[3px]\"><div class=\"markdown prose w-full break-words dark:prose-invert light\"><p>Aujourd'hui, nous poursuivons notre voyage parmi les \u00eeles de la Maddalena et je vous raconterai les histoires de personnages qui ont marqu\u00e9 l'histoire de ce coin de paradis. Des figures embl\u00e9matiques qui, entre art, politique et litt\u00e9rature, ont laiss\u00e9 une trace ind\u00e9l\u00e9bile dans notre imaginaire collectif.<\/p><p>Pr\u00e9parez-vous \u00e0 d\u00e9couvrir les histoires, les anecdotes et les l\u00e9gendes qui lient ces personnages \u00e0 Magdalena et \u00e0 son histoire.<\/p><\/div><\/div><\/div><\/div><\/div><\/div><\/div><\/div><\/article>\t\t\t\t\t\t\t\t<\/div>\n\t\t\t\t<\/div>\n\t\t\t\t\t<\/div>\n\t\t\t\t<\/div>\n\t\t<div class=\"elementor-element elementor-element-1316874 e-flex e-con-boxed e-con e-parent\" data-id=\"1316874\" data-element_type=\"container\">\n\t\t\t\t\t<div class=\"e-con-inner\">\n\t\t\t\t<div class=\"elementor-element elementor-element-fff4ad4 elementor-widget elementor-widget-heading\" data-id=\"fff4ad4\" data-element_type=\"widget\" data-widget_type=\"heading.default\">\n\t\t\t\t<div class=\"elementor-widget-container\">\n\t\t\t\t\t<h2 class=\"elementor-heading-title elementor-size-default\">Giuseppe Garibaldi<\/h2>\t\t\t\t<\/div>\n\t\t\t\t<\/div>\n\t\t\t\t<div class=\"elementor-element elementor-element-6563bbf elementor-widget elementor-widget-image\" data-id=\"6563bbf\" data-element_type=\"widget\" data-widget_type=\"image.default\">\n\t\t\t\t<div class=\"elementor-widget-container\">\n\t\t\t\t\t\t\t\t\t\t\t\t\t\t\t<img fetchpriority=\"high\" decoding=\"async\" width=\"337\" height=\"450\" src=\"https:\/\/www.yepsea.com\/wp-content\/uploads\/la-maddalena-statua-garibaldi.jpg\" class=\"attachment-large size-large wp-image-78664\" alt=\"Statue de Garibaldi, La Maddalena\" srcset=\"https:\/\/www.yepsea.com\/wp-content\/uploads\/la-maddalena-statua-garibaldi.jpg 337w, https:\/\/www.yepsea.com\/wp-content\/uploads\/la-maddalena-statua-garibaldi-9x12.jpg 9w\" sizes=\"(max-width: 337px) 100vw, 337px\" \/>\t\t\t\t\t\t\t\t\t\t\t\t\t\t\t<\/div>\n\t\t\t\t<\/div>\n\t\t\t\t<div class=\"elementor-element elementor-element-1758d4d elementor-widget elementor-widget-text-editor\" data-id=\"1758d4d\" data-element_type=\"widget\" data-widget_type=\"text-editor.default\">\n\t\t\t\t<div class=\"elementor-widget-container\">\n\t\t\t\t\t\t\t\t\t<p>Nous ne pouvons que commencer par Giuseppe Garibaldi, l'homme qui, plus que tout autre, a li\u00e9 sa vie et son histoire \u00e0 l'archipel de la Maddalena. Arriv\u00e9 \u00e0 Caprera en 1856, Garibaldi s'y installa pour se remettre de la fatigue des combats et se consacrer \u00e0 sa terre. Mais l'\u00eele de Caprera ne fut pas seulement le refuge d'un h\u00e9ros, mais le c\u0153ur battant d'une vie simple mais intense, loin des lumi\u00e8res de la gloire.<\/p><p>On dit que Garibaldi \u00e9tait tr\u00e8s actif dans la vie quotidienne de l'\u00eele, cultivant la terre, \u00e9levant des animaux et entretenant son jardin. Caprera, avec ses rochers et sa mer cristalline, est devenue le th\u00e9\u00e2tre de ses pens\u00e9es et de ses id\u00e9aux de libert\u00e9, qui ont conduit \u00e0 la cr\u00e9ation d'une Italie unie. Aujourd'hui encore, chaque recoin de l'\u00eele semble raconter son histoire. Et quiconque s'aventure \u00e0 visiter sa maison aujourd'hui ne peut manquer d'entendre l'\u00e9cho de ses actes h\u00e9ro\u00efques, qui, apr\u00e8s tout, \u00e9taient aliment\u00e9s par cet amour profond pour sa terre et pour la libert\u00e9.<\/p>\t\t\t\t\t\t\t\t<\/div>\n\t\t\t\t<\/div>\n\t\t\t\t\t<\/div>\n\t\t\t\t<\/div>\n\t\t<div class=\"elementor-element elementor-element-e90f853 e-flex e-con-boxed e-con e-parent\" data-id=\"e90f853\" data-element_type=\"container\">\n\t\t\t\t\t<div class=\"e-con-inner\">\n\t\t\t\t<div class=\"elementor-element elementor-element-4a3164f elementor-widget elementor-widget-text-editor\" data-id=\"4a3164f\" data-element_type=\"widget\" data-widget_type=\"text-editor.default\">\n\t\t\t\t<div class=\"elementor-widget-container\">\n\t\t\t\t\t\t\t\t\t<h2><strong>Giuseppe Mazzini<\/strong><\/h2><p>Nous nous tournons \u00e0 pr\u00e9sent vers <strong>Giuseppe Mazzini<\/strong>le grand id\u00e9ologue de la <strong>Jeune Italie<\/strong>dont l'influence sur les g\u00e9n\u00e9rations de patriotes luttant pour l'ind\u00e9pendance de l'Italie fut fondamentale. Mazzini, bien qu'il n'ait pas r\u00e9sid\u00e9 \u00e0 Caprera, avait un lien id\u00e9ologique important avec Garibaldi. Sa philosophie r\u00e9publicaine, qui consid\u00e9rait l'Italie comme une nation unie par les principes de libert\u00e9 et d'\u00e9galit\u00e9, a inspir\u00e9 le jeune Garibaldi et ses partisans.<\/p><p>Bien que leur relation ait \u00e9t\u00e9 parfois contradictoire, Garibaldi pr\u00e9f\u00e9rant une approche plus pratique de la lutte pour l'ind\u00e9pendance, Mazzini est rest\u00e9 une r\u00e9f\u00e9rence spirituelle. Certains historiens affirment que c'est dans le calme de Caprera que Garibaldi a trouv\u00e9 le temps de r\u00e9fl\u00e9chir aux \u00e9crits de Mazzini, qui lui ont apport\u00e9 de nouvelles id\u00e9es pour sa lutte.<\/p><p>Mazzini, dans son exil, regardait avec espoir l'\u00eele de Caprera comme un symbole de la r\u00e9sistance et de l'espoir d'une Italie unie. Ses lettres \u00e0 Garibaldi \u00e9taient pleines d'id\u00e9aux, mais aussi de cette profonde admiration que seul un grand penseur peut ressentir pour un homme d'action comme Garibaldi.<\/p>\t\t\t\t\t\t\t\t<\/div>\n\t\t\t\t<\/div>\n\t\t\t\t\t<\/div>\n\t\t\t\t<\/div>\n\t\t<div class=\"elementor-element elementor-element-4e2386d e-flex e-con-boxed e-con e-parent\" data-id=\"4e2386d\" data-element_type=\"container\">\n\t\t\t\t\t<div class=\"e-con-inner\">\n\t\t\t\t<div class=\"elementor-element elementor-element-90f8076 elementor-widget elementor-widget-text-editor\" data-id=\"90f8076\" data-element_type=\"widget\" data-widget_type=\"text-editor.default\">\n\t\t\t\t<div class=\"elementor-widget-container\">\n\t\t\t\t\t\t\t\t\t<h2><strong>Gian Maria Volont\u00e9<\/strong><\/h2><p>Du Risorgimento, nous passons au XXe si\u00e8cle et au monde du cin\u00e9ma, avec le grand acteur <strong>Gian Maria Volont\u00e9<\/strong>qui d\u00e9couvrit la beaut\u00e9 de La Maddalena et en fut fascin\u00e9. L'\u00eele, avec ses paysages intacts et sa tranquillit\u00e9, est devenue un refuge pour l'acteur qui, en plus de sa passion pour le cin\u00e9ma, aimait s'immerger dans la nature.<\/p><p>Volont\u00e9, connu pour ses r\u00f4les dans des films tels que <em>Enqu\u00eate sur un citoyen au-dessus de tout soup\u00e7on<\/em> e <em>La classe ouvri\u00e8re va au paradis<\/em>il a pass\u00e9 beaucoup de temps \u00e0 Caprera, o\u00f9 il \u00e9tait attir\u00e9 par la paix que seul un endroit aussi sp\u00e9cial que La Maddalena pouvait offrir. Sa passion pour la nature et la politique l'a amen\u00e9 \u00e0 se sentir profond\u00e9ment li\u00e9 \u00e0 l'histoire de Garibaldi, et on dit que dans ses promenades solitaires le long du littoral de l'\u00eele, Volont\u00e9 a r\u00e9fl\u00e9chi \u00e0 son propre r\u00f4le social et politique, loin de la clameur du plateau.<\/p>\t\t\t\t\t\t\t\t<\/div>\n\t\t\t\t<\/div>\n\t\t\t\t\t<\/div>\n\t\t\t\t<\/div>\n\t\t<div class=\"elementor-element elementor-element-2f5a745 e-flex e-con-boxed e-con e-parent\" data-id=\"2f5a745\" data-element_type=\"container\">\n\t\t\t\t\t<div class=\"e-con-inner\">\n\t\t\t\t<div class=\"elementor-element elementor-element-732c159 elementor-widget elementor-widget-text-editor\" data-id=\"732c159\" data-element_type=\"widget\" data-widget_type=\"text-editor.default\">\n\t\t\t\t<div class=\"elementor-widget-container\">\n\t\t\t\t\t\t\t\t\t<h2><strong>Domenico Millelire<\/strong><\/h2><p><strong>Domenico Millelire<\/strong>Millelire, dont le nom n'est peut-\u00eatre pas connu de tous, est une figure centrale de l'histoire locale de l'archipel de la Maddalena. Millelire, d'origine sarde, \u00e9tait connu pour son esprit patriotique et son engagement dans les luttes pour l'ind\u00e9pendance de l'\u00eele et de la Sardaigne. En 1793, pendant les guerres napol\u00e9oniennes, Millelire participa activement \u00e0 la d\u00e9fense de l'archipel contre les envahisseurs fran\u00e7ais, devenant une figure cl\u00e9 de la r\u00e9sistance locale. Sa d\u00e9termination et son courage ont permis de sauver l'\u00eele en ces temps difficiles.<\/p><p>Localement, sa figure est encore \u00e9voqu\u00e9e avec beaucoup d'affection, et de nombreuses histoires li\u00e9es \u00e0 sa r\u00e9sistance contre l'envahisseur se transmettent de g\u00e9n\u00e9ration en g\u00e9n\u00e9ration. Millelire est l'une des nombreuses figures oubli\u00e9es de l'histoire qui a trouv\u00e9, dans la solitude de l'\u00eele, sa v\u00e9ritable vocation : d\u00e9fendre sa terre, m\u00eame au prix de sa vie.<\/p>\t\t\t\t\t\t\t\t<\/div>\n\t\t\t\t<\/div>\n\t\t\t\t\t<\/div>\n\t\t\t\t<\/div>\n\t\t<div class=\"elementor-element elementor-element-30f5827 e-flex e-con-boxed e-con e-parent\" data-id=\"30f5827\" data-element_type=\"container\">\n\t\t\t\t\t<div class=\"e-con-inner\">\n\t\t\t\t<div class=\"elementor-element elementor-element-ad6d4bc elementor-widget elementor-widget-text-editor\" data-id=\"ad6d4bc\" data-element_type=\"widget\" data-widget_type=\"text-editor.default\">\n\t\t\t\t<div class=\"elementor-widget-container\">\n\t\t\t\t\t\t\t\t\t<h2><strong>Ugo Foscolo<\/strong><\/h2><p>Nous ne pouvons pas oublier <strong>Ugo Foscolo<\/strong>l'un des plus grands po\u00e8tes romantiques italiens, qui, bien qu'il n'ait jamais v\u00e9cu directement sur l'\u00eele de La Maddalena, a entretenu un lien profond avec la mer et la Sardaigne. En 1803, Foscolo se r\u00e9fugie sur l'\u00eele de la Maddalena. <strong>San Pietro<\/strong>un autre coin de la Sardaigne, o\u00f9 il a trouv\u00e9 l'inspiration pour ses po\u00e8mes et ses m\u00e9ditations. On dit que la beaut\u00e9 sauvage et isol\u00e9e des \u00eeles de la Maddalena \u00e9tait souvent dans ses pens\u00e9es, et que dans ses lettres, il parlait avec admiration du littoral sarde et de ses habitants.<\/p><p>En effet, Foscolo croyait fermement que la libert\u00e9 et la beaut\u00e9 du paysage \u00e9taient intrins\u00e8quement li\u00e9es, et il est probable que la mer qui entoure l'archipel de la Maddalena ait inspir\u00e9 ses m\u00e9ditations sur la mort et l'exil. S'il avait eu la chance de rester \u00e0 Caprera, qui sait combien la figure de Garibaldi et son engagement pour l'ind\u00e9pendance de la Sardaigne l'auraient influenc\u00e9 !<\/p>\t\t\t\t\t\t\t\t<\/div>\n\t\t\t\t<\/div>\n\t\t\t\t<div class=\"elementor-element elementor-element-62577dc elementor-widget elementor-widget-text-editor\" data-id=\"62577dc\" data-element_type=\"widget\" data-widget_type=\"text-editor.default\">\n\t\t\t\t<div class=\"elementor-widget-container\">\n\t\t\t\t\t\t\t\t\tCe ne sont l\u00e0 que quelques-unes des personnalit\u00e9s qui ont m\u00eal\u00e9 leur vie et leur histoire \u00e0 l'archipel de La Maddalena. Garibaldi, Mazzini, Volont\u00e9, Millelire et Foscolo : chacun d'entre eux, \u00e0 sa mani\u00e8re, a laiss\u00e9 une empreinte ind\u00e9l\u00e9bile. Qu'il s'agisse d'id\u00e9aux de libert\u00e9, de batailles politiques ou de r\u00e9flexions philosophiques, ces \u00eeles ont accueilli et inspir\u00e9 tous ceux qui ont cherch\u00e9 \u00e0 \u00e9crire un chapitre important de l'histoire de l'Italie.\t\t\t\t\t\t\t\t<\/div>\n\t\t\t\t<\/div>\n\t\t\t\t\t<\/div>\n\t\t\t\t<\/div>\n\t\t\t\t<\/div>","protected":false},"excerpt":{"rendered":"<p>Oggi, continueremo il nostro viaggio tra le isole della Maddalena e vi racconter\u00f2 storie di personaggi che hanno segnato la storia di questo angolo di paradiso. Figure emblematiche che, tra [&hellip;]<\/p>","protected":false},"author":2,"featured_media":78238,"parent":0,"comment_status":"open","ping_status":"open","sticky":false,"template":"","format":"standard","meta":{"fifu_image_url":"","fifu_image_alt":"","footnotes":""},"categories":[],"tags":[],"class_list":["post-78229","post","type-post","status-publish","format-standard","has-post-thumbnail","hentry"],"_links":{"self":[{"href":"https:\/\/www.yepsea.com\/fr\/wp-json\/wp\/v2\/posts\/78229","targetHints":{"allow":["GET"]}}],"collection":[{"href":"https:\/\/www.yepsea.com\/fr\/wp-json\/wp\/v2\/posts"}],"about":[{"href":"https:\/\/www.yepsea.com\/fr\/wp-json\/wp\/v2\/types\/post"}],"author":[{"embeddable":true,"href":"https:\/\/www.yepsea.com\/fr\/wp-json\/wp\/v2\/users\/2"}],"replies":[{"embeddable":true,"href":"https:\/\/www.yepsea.com\/fr\/wp-json\/wp\/v2\/comments?post=78229"}],"version-history":[{"count":0,"href":"https:\/\/www.yepsea.com\/fr\/wp-json\/wp\/v2\/posts\/78229\/revisions"}],"wp:featuredmedia":[{"embeddable":true,"href":"https:\/\/www.yepsea.com\/fr\/wp-json\/wp\/v2\/media\/78238"}],"wp:attachment":[{"href":"https:\/\/www.yepsea.com\/fr\/wp-json\/wp\/v2\/media?parent=78229"}],"wp:term":[{"taxonomy":"category","embeddable":true,"href":"https:\/\/www.yepsea.com\/fr\/wp-json\/wp\/v2\/categories?post=78229"},{"taxonomy":"post_tag","embeddable":true,"href":"https:\/\/www.yepsea.com\/fr\/wp-json\/wp\/v2\/tags?post=78229"}],"curies":[{"name":"wp","href":"https:\/\/api.w.org\/{rel}","templated":true}]}}