{"id":17557,"date":"2023-06-21T13:12:34","date_gmt":"2023-06-21T11:12:34","guid":{"rendered":"https:\/\/yepsea.com\/?p=17557"},"modified":"2025-09-15T13:29:10","modified_gmt":"2025-09-15T11:29:10","slug":"carte-sardaigne-3-zones-extraordinaires-gallura-barbagia-ogliastra","status":"publish","type":"post","link":"https:\/\/www.yepsea.com\/fr\/carte-sardaigne-3-zones-extraordinaires-gallura-barbagia-ogliastra\/","title":{"rendered":"Carte de la Sardaigne : 3 zones extraordinaires Gallura, Barbagia, Ogliastra"},"content":{"rendered":"<div data-elementor-type=\"wp-post\" data-elementor-id=\"17557\" class=\"elementor elementor-17557\" data-elementor-post-type=\"post\">\n\t\t\t\t\t\t<section class=\"elementor-section elementor-top-section elementor-element elementor-element-d47d286 elementor-section-boxed elementor-section-height-default elementor-section-height-default\" data-id=\"d47d286\" data-element_type=\"section\">\n\t\t\t\t\t\t<div class=\"elementor-container elementor-column-gap-default\">\n\t\t\t\t\t<div class=\"elementor-column elementor-col-100 elementor-top-column elementor-element elementor-element-17ecc0d\" data-id=\"17ecc0d\" data-element_type=\"column\">\n\t\t\t<div class=\"elementor-widget-wrap elementor-element-populated\">\n\t\t\t\t\t\t<div class=\"elementor-element elementor-element-372e53e elementor-widget elementor-widget-template\" data-id=\"372e53e\" data-element_type=\"widget\" data-widget_type=\"template.default\">\n\t\t\t\t<div class=\"elementor-widget-container\">\n\t\t\t\t\t\t\t<div class=\"elementor-template\">\n\t\t\t\t\t<div data-elementor-type=\"section\" data-elementor-id=\"55365\" class=\"elementor elementor-55365\" data-elementor-post-type=\"elementor_library\">\n\t\t\t\t\t<section class=\"elementor-section elementor-top-section elementor-element elementor-element-ad7a038 elementor-section-full_width elementor-section-height-default elementor-section-height-default\" data-id=\"ad7a038\" data-element_type=\"section\" data-settings=\"{&quot;background_background&quot;:&quot;classic&quot;}\">\n\t\t\t\t\t\t<div class=\"elementor-container elementor-column-gap-default\">\n\t\t\t\t\t<div class=\"elementor-column elementor-col-100 elementor-top-column elementor-element elementor-element-3880af3\" data-id=\"3880af3\" data-element_type=\"column\">\n\t\t\t<div class=\"elementor-widget-wrap elementor-element-populated\">\n\t\t\t\t\t\t<div class=\"elementor-element elementor-element-c0c047e elementor-headline--style-rotate elementor-widget elementor-widget-animated-headline\" data-id=\"c0c047e\" data-element_type=\"widget\" data-settings=\"{&quot;headline_style&quot;:&quot;rotate&quot;,&quot;animation_type&quot;:&quot;slide-down&quot;,&quot;rotating_text&quot;:&quot;Arcipelago La Maddalena&quot;,&quot;rotate_iteration_delay&quot;:2500}\" data-widget_type=\"animated-headline.default\">\n\t\t\t\t<div class=\"elementor-widget-container\">\n\t\t\t\t\t\t\t<p class=\"elementor-headline elementor-headline-animation-type-slide-down\">\n\t\t\t\t\t<span class=\"elementor-headline-plain-text elementor-headline-text-wrapper\">Les 5 meilleurs circuits <\/span>\n\t\t\t\t<span class=\"elementor-headline-dynamic-wrapper elementor-headline-text-wrapper\">\n\t\t\t\t\t<span class=\"elementor-headline-dynamic-text elementor-headline-text-active\">\n\t\t\t\tArchipel de la Maddalena\t\t\t<\/span>\n\t\t\t\t\t\t<\/span>\n\t\t\t\t<\/p>\n\t\t\t\t\t\t<\/div>\n\t\t\t\t<\/div>\n\t\t\t\t\t<\/div>\n\t\t<\/div>\n\t\t\t\t\t<\/div>\n\t\t<\/section>\n\t\t\t\t<\/div>\n\t\t\t\t<\/div>\n\t\t\t\t\t\t<\/div>\n\t\t\t\t<\/div>\n\t\t\t\t<div class=\"elementor-element elementor-element-824c834 elementor-widget elementor-widget-heading\" data-id=\"824c834\" data-element_type=\"widget\" data-widget_type=\"heading.default\">\n\t\t\t\t<div class=\"elementor-widget-container\">\n\t\t\t\t\t<h2 class=\"elementor-heading-title elementor-size-default\">\n\u00c0 la d\u00e9couverte de Bear Rock : un chemin entre histoire et l\u00e9gende<\/h2>\t\t\t\t<\/div>\n\t\t\t\t<\/div>\n\t\t\t\t<div class=\"elementor-element elementor-element-6a954fb elementor-widget elementor-widget-text-editor\" data-id=\"6a954fb\" data-element_type=\"widget\" data-widget_type=\"text-editor.default\">\n\t\t\t\t<div class=\"elementor-widget-container\">\n\t\t\t\t\t\t\t\t\t<p>Symbole embl\u00e9matique de la Gallura, le rocher de l'Ours, \u00e9galement connu sous le nom de Capo d'Orso, est l'un des monuments naturels les plus c\u00e9l\u00e8bres de Sardaigne. Situ\u00e9e sur le territoire de Palau, cette \u00e9tonnante formation granitique domine le paysage avec sa silhouette inimitable qui, sous un certain angle, ressemble \u00e0 celle d'un ours.<\/p>\t\t\t\t\t\t\t\t<\/div>\n\t\t\t\t<\/div>\n\t\t\t\t\t<\/div>\n\t\t<\/div>\n\t\t\t\t\t<\/div>\n\t\t<\/section>\n\t\t\t\t<section class=\"elementor-section elementor-top-section elementor-element elementor-element-f3bef64 elementor-section-boxed elementor-section-height-default elementor-section-height-default\" data-id=\"f3bef64\" data-element_type=\"section\">\n\t\t\t\t\t\t<div class=\"elementor-container elementor-column-gap-default\">\n\t\t\t\t\t<div class=\"elementor-column elementor-col-100 elementor-top-column elementor-element elementor-element-9c0a3a5\" data-id=\"9c0a3a5\" data-element_type=\"column\">\n\t\t\t<div class=\"elementor-widget-wrap elementor-element-populated\">\n\t\t\t\t\t\t<div class=\"elementor-element elementor-element-4304c58 elementor-widget elementor-widget-heading\" data-id=\"4304c58\" data-element_type=\"widget\" data-widget_type=\"heading.default\">\n\t\t\t\t<div class=\"elementor-widget-container\">\n\t\t\t\t\t<h2 class=\"elementor-heading-title elementor-size-default\">Carte de la Sardaigne<\/h2>\t\t\t\t<\/div>\n\t\t\t\t<\/div>\n\t\t\t\t<div class=\"elementor-element elementor-element-5b4d1f3 elementor-widget elementor-widget-text-editor\" data-id=\"5b4d1f3\" data-element_type=\"widget\" data-widget_type=\"text-editor.default\">\n\t\t\t\t<div class=\"elementor-widget-container\">\n\t\t\t\t\t\t\t\t\t<p>Nous d\u00e9couvrons quelques-unes des sous-r\u00e9gions historiques de la Sardaigne, qui en compte plus de 35 au total, \u00e0 savoir la Gallura, la Barbagia et l'Ogliastra. Dans de nombreux cas, il s'agit de r\u00e9gions proches les unes des autres, mais qui ont d\u00e9velopp\u00e9 au fil du temps des traditions, des locutions et des coutumes diff\u00e9rentes.<\/p><p>Chaque zone est caract\u00e9ris\u00e9e par des particularit\u00e9s qui la distinguent. Voyons donc les communes auxquelles elles appartiennent et les attractions \u00e0 ne pas manquer. Pour simplifier le guide et la carte ci-dessous, certaines sous-r\u00e9gions ont \u00e9t\u00e9 regroup\u00e9es afin de rendre compr\u00e9hensible une question souvent d\u00e9battue.<\/p>\t\t\t\t\t\t\t\t<\/div>\n\t\t\t\t<\/div>\n\t\t\t\t\t<\/div>\n\t\t<\/div>\n\t\t\t\t\t<\/div>\n\t\t<\/section>\n\t\t\t\t<section class=\"elementor-section elementor-top-section elementor-element elementor-element-1cb299b elementor-section-boxed elementor-section-height-default elementor-section-height-default\" data-id=\"1cb299b\" data-element_type=\"section\">\n\t\t\t\t\t\t<div class=\"elementor-container elementor-column-gap-default\">\n\t\t\t\t\t<div class=\"elementor-column elementor-col-100 elementor-top-column elementor-element elementor-element-e0e1421\" data-id=\"e0e1421\" data-element_type=\"column\">\n\t\t\t<div class=\"elementor-widget-wrap elementor-element-populated\">\n\t\t\t\t\t\t<div class=\"elementor-element elementor-element-2efa49e elementor-widget elementor-widget-heading\" data-id=\"2efa49e\" data-element_type=\"widget\" data-widget_type=\"heading.default\">\n\t\t\t\t<div class=\"elementor-widget-container\">\n\t\t\t\t\t<h2 class=\"elementor-heading-title elementor-size-default\">Carte de la Sardaigne : Gallura<\/h2>\t\t\t\t<\/div>\n\t\t\t\t<\/div>\n\t\t\t\t<div class=\"elementor-element elementor-element-20f4841 elementor-widget elementor-widget-image\" data-id=\"20f4841\" data-element_type=\"widget\" data-widget_type=\"image.default\">\n\t\t\t\t<div class=\"elementor-widget-container\">\n\t\t\t\t\t\t\t\t\t\t\t\t<figure class=\"wp-caption\">\n\t\t\t\t\t\t\t\t\t\t\t<a href=\"https:\/\/yepsea.com\/wp-content\/uploads\/2022\/04\/Conca-Fraicata-Calangianus-con-Sughera.jpg\" data-elementor-open-lightbox=\"yes\" data-elementor-lightbox-title=\"Conca Fraicata Calangianus con Sughera\" data-elementor-lightbox-description=\"Conca Fraicata Calangianus con Sughera\" data-e-action-hash=\"#elementor-action%3Aaction%3Dlightbox%26settings%3DeyJpZCI6MTMwMjMsInVybCI6Imh0dHBzOlwvXC93d3cueWVwc2VhLmNvbVwvd3AtY29udGVudFwvdXBsb2Fkc1wvMjAyMlwvMDRcL0NvbmNhLUZyYWljYXRhLUNhbGFuZ2lhbnVzLWNvbi1TdWdoZXJhLmpwZyJ9\" target=\"_blank\" rel=\"noopener\">\n\t\t\t\t\t\t\t<img fetchpriority=\"high\" decoding=\"async\" width=\"1200\" height=\"675\" src=\"https:\/\/www.yepsea.com\/wp-content\/uploads\/2022\/04\/Conca-Fraicata-Calangianus-con-Sughera.jpg\" class=\"attachment-large size-large wp-image-13023\" alt=\"\" \/>\t\t\t\t\t\t\t\t<\/a>\n\t\t\t\t\t\t\t\t\t\t\t<figcaption class=\"widget-image-caption wp-caption-text\">Conca Fraicata Calangianus avec li\u00e8ge<\/figcaption>\n\t\t\t\t\t\t\t\t\t\t<\/figure>\n\t\t\t\t\t\t\t\t\t<\/div>\n\t\t\t\t<\/div>\n\t\t\t\t<div class=\"elementor-element elementor-element-bfa3209 elementor-hidden-desktop elementor-hidden-tablet elementor-hidden-mobile elementor-widget elementor-widget-text-editor\" data-id=\"bfa3209\" data-element_type=\"widget\" data-widget_type=\"text-editor.default\">\n\t\t\t\t<div class=\"elementor-widget-container\">\n\t\t\t\t\t\t\t\t\t<p>Situ\u00e9e au nord-est de la Sardaigne, la Gallura est une sous-r\u00e9gion historique de la Sardaigne, car elle faisait partie de l'un des quatre giudicati de la Sardaigne. Aujourd'hui, la Gallura est tr\u00e8s c\u00e9l\u00e8bre et internationalement connue pour la pr\u00e9sence de la <strong>Costa Smeralda <\/strong>- avec Porto Cervo et Baja Sardinia - mais il est important de savoir que ses particularit\u00e9s et ses attraits sont bien plus nombreux.<\/p><p>En Gallura, vous <strong>parle Gallurese<\/strong> - tr\u00e8s proche du dialecte c\u00f2rso parl\u00e9 en Corse du Sud - qui conserve quelques inflexions du logudorese. La sous-r\u00e9gion est c\u00e9l\u00e8bre pour la pr\u00e9sence de fabriques de li\u00e8ge - dans la zone de Calangianus - qui exportent le <strong>Li\u00e8ge de Sardaigne<\/strong>.<\/p><p>Une autre particularit\u00e9 qui rend la Gallura c\u00e9l\u00e8bre est le granit qui donne \u00e0 la r\u00e9gion sa conformation particuli\u00e8re. Dans chaque coin de la sous-r\u00e9gion, on peut admirer, \u00e0 c\u00f4t\u00e9 des collines ondulantes, le berceau du <strong>Vermentino di Gallura DOCG<\/strong>, le <strong>les c\u00e9l\u00e8bres rochers de la Gallura. <\/strong>Les roches suggestives aux mille formes peuvent \u00eatre admir\u00e9es, entre autres, dans la Valle della Luna (Vall\u00e9e de la Lune) \u00e0 Aggius et dans la Valle della Luna (Vall\u00e9e de la Lune) \u00e0 Santa Teresa Gallura.<\/p><p>Les municipalit\u00e9s qui composent la Gallura sont les suivantes : Aggius, Aglientu, Arzachena, Badesi, Bortigiadas, Calangianus, Golfo Aranci, La Maddalena, Loiri Porto San Paolo, Luogosanto, Luras, Olbia, Oschiri, Palau, San Teodoro, Sant'Antonio di Gallura, Santa Teresa Gallura, Telti, Tempio Pausania, Trinit\u00e0 d'Agultu e Vignola, Viddalba<\/p><p>Les attractions \u00e0 ne pas manquer en Gallura sont les suivantes :<\/p><p><a href=\"https:\/\/yepsea.com\/i-migliori-tour-escursioni-nell-arcipelago-la-maddalena\/\" target=\"_blank\" rel=\"noopener\">Parc national de l'archipel de La Maddalena<\/a><\/p><p>Les oliviers mill\u00e9naires de Luras<\/p><p>Zone marine prot\u00e9g\u00e9e Tavolara Punta Coda Cavallo<\/p><p>Les s\u00e9quoias du mont Limbara<\/p><p>Capo Figari et Golfo Aranci<\/p>\t\t\t\t\t\t\t\t<\/div>\n\t\t\t\t<\/div>\n\t\t\t\t<div class=\"elementor-element elementor-element-4716b4c elementor-widget elementor-widget-heading\" data-id=\"4716b4c\" data-element_type=\"widget\" data-widget_type=\"heading.default\">\n\t\t\t\t<div class=\"elementor-widget-container\">\n\t\t\t\t\t<h3 class=\"elementor-heading-title elementor-size-default\">O\u00f9 se trouve Gallura<\/h3>\t\t\t\t<\/div>\n\t\t\t\t<\/div>\n\t\t\t\t<div class=\"elementor-element elementor-element-20852a7 elementor-widget elementor-widget-text-editor\" data-id=\"20852a7\" data-element_type=\"widget\" data-widget_type=\"text-editor.default\">\n\t\t\t\t<div class=\"elementor-widget-container\">\n\t\t\t\t\t\t\t\t\t<p>Situ\u00e9e au nord-est de la Sardaigne, la Gallura est une sous-r\u00e9gion historique de la Sardaigne, car elle faisait partie de l'un des quatre giudicati de la Sardaigne. Aujourd'hui, la Gallura est tr\u00e8s c\u00e9l\u00e8bre et internationalement connue pour la pr\u00e9sence de la <strong>Costa Smeralda <\/strong>- avec <a href=\"https:\/\/yepsea.com\/da-vedere\/porto-cervo\/\" target=\"_blank\" rel=\"noopener\">Porto Cervo<\/a> et Baja Sardinia - mais il est important de savoir que ses particularit\u00e9s et ses attraits sont bien plus nombreux.<\/p><p>Les municipalit\u00e9s qui composent la Gallura sont les suivantes : Aggius, Aglientu, Arzachena, Badesi, Bortigiadas, Calangianus, Golfo Aranci, La Maddalena, Loiri Porto San Paolo, Luogosanto, Luras, Olbia, Oschiri, Palau, San Teodoro, Sant'Antonio di Gallura, Santa Teresa Gallura, Telti, Tempio Pausania, Trinit\u00e0 d'Agultu e Vignola, Viddalba<\/p>\t\t\t\t\t\t\t\t<\/div>\n\t\t\t\t<\/div>\n\t\t\t\t<div class=\"elementor-element elementor-element-0b17479 elementor-widget elementor-widget-heading\" data-id=\"0b17479\" data-element_type=\"widget\" data-widget_type=\"heading.default\">\n\t\t\t\t<div class=\"elementor-widget-container\">\n\t\t\t\t\t<h3 class=\"elementor-heading-title elementor-size-default\">Photos de Gallura\n<\/h3>\t\t\t\t<\/div>\n\t\t\t\t<\/div>\n\t\t\t\t<div class=\"elementor-element elementor-element-92b5911 elementor-arrows-position-inside elementor-pagination-position-outside elementor-widget elementor-widget-image-carousel\" data-id=\"92b5911\" data-element_type=\"widget\" data-settings=\"{&quot;autoplay&quot;:&quot;no&quot;,&quot;navigation&quot;:&quot;both&quot;,&quot;infinite&quot;:&quot;yes&quot;,&quot;speed&quot;:500,&quot;image_spacing_custom&quot;:{&quot;unit&quot;:&quot;px&quot;,&quot;size&quot;:20,&quot;sizes&quot;:[]},&quot;image_spacing_custom_tablet&quot;:{&quot;unit&quot;:&quot;px&quot;,&quot;size&quot;:&quot;&quot;,&quot;sizes&quot;:[]},&quot;image_spacing_custom_mobile&quot;:{&quot;unit&quot;:&quot;px&quot;,&quot;size&quot;:&quot;&quot;,&quot;sizes&quot;:[]}}\" data-widget_type=\"image-carousel.default\">\n\t\t\t\t<div class=\"elementor-widget-container\">\n\t\t\t\t\t\t\t<div class=\"elementor-image-carousel-wrapper swiper\" role=\"region\" aria-roledescription=\"carousel\" aria-label=\"Image Carousel\" dir=\"ltr\">\n\t\t\t<div class=\"elementor-image-carousel swiper-wrapper\" aria-live=\"polite\">\n\t\t\t\t\t\t\t\t<div class=\"swiper-slide\" role=\"group\" aria-roledescription=\"slide\" aria-label=\"1 of 13\" data-no-translation-aria-label=\"\"><a data-elementor-open-lightbox=\"yes\" data-elementor-lightbox-slideshow=\"92b5911\" data-elementor-lightbox-title=\"Faro di Olbia In Primavera\" data-elementor-lightbox-description=\"Faro di Olbia In Primavera\" data-e-action-hash=\"#elementor-action%3Aaction%3Dlightbox%26settings%3DeyJpZCI6MTY0NjIsInVybCI6Imh0dHBzOlwvXC93d3cueWVwc2VhLmNvbVwvd3AtY29udGVudFwvdXBsb2Fkc1wvRmFyby1kaS1PbGJpYS1Jbi1QcmltYXZlcmEuanBnIiwic2xpZGVzaG93IjoiOTJiNTkxMSJ9\" href=\"https:\/\/www.yepsea.com\/wp-content\/uploads\/Faro-di-Olbia-In-Primavera.jpg\"><figure class=\"swiper-slide-inner\"><img decoding=\"async\" class=\"swiper-slide-image\" src=\"https:\/\/www.yepsea.com\/wp-content\/uploads\/Faro-di-Olbia-In-Primavera.jpg\" alt=\"Phare d&#039;Olbia au printemps\" \/><figcaption class=\"elementor-image-carousel-caption\">Phare d'Olbia au printemps<\/figcaption><\/figure><\/a><\/div><div class=\"swiper-slide\" role=\"group\" aria-roledescription=\"slide\" aria-label=\"2 of 13\" data-no-translation-aria-label=\"\"><a data-elementor-open-lightbox=\"yes\" data-elementor-lightbox-slideshow=\"92b5911\" data-elementor-lightbox-title=\"Nuraghe Izzana vicino Aggius\" data-elementor-lightbox-description=\"Nuraghe Izzana vicino Valle della Luna di Aggius\" data-e-action-hash=\"#elementor-action%3Aaction%3Dlightbox%26settings%3DeyJpZCI6MTE0NDgsInVybCI6Imh0dHBzOlwvXC93d3cueWVwc2VhLmNvbVwvd3AtY29udGVudFwvdXBsb2Fkc1wvMjAyMlwvMDNcL051cmFnaGUtSXp6YW5hLXZpY2luby1BZ2dpdXMuanBnIiwic2xpZGVzaG93IjoiOTJiNTkxMSJ9\" href=\"https:\/\/www.yepsea.com\/wp-content\/uploads\/2022\/03\/Nuraghe-Izzana-vicino-Aggius.jpg\"><figure class=\"swiper-slide-inner\"><img decoding=\"async\" class=\"swiper-slide-image\" src=\"https:\/\/www.yepsea.com\/wp-content\/uploads\/2022\/03\/Nuraghe-Izzana-vicino-Aggius.jpg\" alt=\"Nuraghe Izzana pr\u00e8s de la Valle della Luna di Aggius\" \/><figcaption class=\"elementor-image-carousel-caption\">Nuraghe Izzana pr\u00e8s de la Valle della Luna di Aggius<\/figcaption><\/figure><\/a><\/div><div class=\"swiper-slide\" role=\"group\" aria-roledescription=\"slide\" aria-label=\"3 of 13\" data-no-translation-aria-label=\"\"><a data-elementor-open-lightbox=\"yes\" data-elementor-lightbox-slideshow=\"92b5911\" data-elementor-lightbox-title=\"Ulivi Millenari Costa Smeralda\" data-elementor-lightbox-description=\"Ulivo Millenario di Luras\" data-e-action-hash=\"#elementor-action%3Aaction%3Dlightbox%26settings%3DeyJpZCI6OTY5MCwidXJsIjoiaHR0cHM6XC9cL3d3dy55ZXBzZWEuY29tXC93cC1jb250ZW50XC91cGxvYWRzXC8yMDIyXC8wM1wvVWxpdmktTWlsbGVuYXJpLUNvc3RhLVNtZXJhbGRhLmpwZyIsInNsaWRlc2hvdyI6IjkyYjU5MTEifQ%3D%3D\" href=\"https:\/\/www.yepsea.com\/wp-content\/uploads\/2022\/03\/Ulivi-Millenari-Costa-Smeralda.jpg\"><figure class=\"swiper-slide-inner\"><img decoding=\"async\" class=\"swiper-slide-image\" src=\"https:\/\/www.yepsea.com\/wp-content\/uploads\/2022\/03\/Ulivi-Millenari-Costa-Smeralda.jpg\" alt=\"L&#039;olivier mill\u00e9naire de Luras\" \/><figcaption class=\"elementor-image-carousel-caption\">L'olivier mill\u00e9naire de Luras<\/figcaption><\/figure><\/a><\/div><div class=\"swiper-slide\" role=\"group\" aria-roledescription=\"slide\" aria-label=\"4 of 13\" data-no-translation-aria-label=\"\"><a data-elementor-open-lightbox=\"yes\" data-elementor-lightbox-slideshow=\"92b5911\" data-elementor-lightbox-title=\"Spiaggia Capriccioli, Porto Cervo, Costa Smeralda\" data-elementor-lightbox-description=\"Spiaggia Capriccioli, Porto Cervo, Costa Smeralda\" data-e-action-hash=\"#elementor-action%3Aaction%3Dlightbox%26settings%3DeyJpZCI6MTUxOTcsInVybCI6Imh0dHBzOlwvXC93d3cueWVwc2VhLmNvbVwvd3AtY29udGVudFwvdXBsb2Fkc1wvQ2FwcmljY2lvbGktUG9ydG8tQ2Vydm8tQ29zdGEtU21lcmFsZGEtTm9yZC1TYXJkZWduYS5qcGciLCJzbGlkZXNob3ciOiI5MmI1OTExIn0%3D\" href=\"https:\/\/www.yepsea.com\/wp-content\/uploads\/Capriccioli-Porto-Cervo-Costa-Smeralda-Nord-Sardegna.jpg\"><figure class=\"swiper-slide-inner\"><img decoding=\"async\" class=\"swiper-slide-image\" src=\"https:\/\/www.yepsea.com\/wp-content\/uploads\/Capriccioli-Porto-Cervo-Costa-Smeralda-Nord-Sardegna.jpg\" alt=\"Plage de Capriccioli, Porto Cervo, Costa Smeralda\" \/><figcaption class=\"elementor-image-carousel-caption\">Plage de Capriccioli, Porto Cervo, Costa Smeralda<\/figcaption><\/figure><\/a><\/div><div class=\"swiper-slide\" role=\"group\" aria-roledescription=\"slide\" aria-label=\"5 of 13\" data-no-translation-aria-label=\"\"><a data-elementor-open-lightbox=\"yes\" data-elementor-lightbox-slideshow=\"92b5911\" data-elementor-lightbox-title=\"Conca Fraicata Calangianus con Sughera\" data-elementor-lightbox-description=\"Conca Fraicata Calangianus con Sughera\" data-e-action-hash=\"#elementor-action%3Aaction%3Dlightbox%26settings%3DeyJpZCI6MTMwMjMsInVybCI6Imh0dHBzOlwvXC93d3cueWVwc2VhLmNvbVwvd3AtY29udGVudFwvdXBsb2Fkc1wvMjAyMlwvMDRcL0NvbmNhLUZyYWljYXRhLUNhbGFuZ2lhbnVzLWNvbi1TdWdoZXJhLmpwZyIsInNsaWRlc2hvdyI6IjkyYjU5MTEifQ%3D%3D\" href=\"https:\/\/www.yepsea.com\/wp-content\/uploads\/2022\/04\/Conca-Fraicata-Calangianus-con-Sughera.jpg\"><figure class=\"swiper-slide-inner\"><img decoding=\"async\" class=\"swiper-slide-image\" src=\"https:\/\/www.yepsea.com\/wp-content\/uploads\/2022\/04\/Conca-Fraicata-Calangianus-con-Sughera.jpg\" alt=\"Conca Fraicata Calangianus avec li\u00e8ge\" \/><figcaption class=\"elementor-image-carousel-caption\">Conca Fraicata Calangianus avec li\u00e8ge<\/figcaption><\/figure><\/a><\/div><div class=\"swiper-slide\" role=\"group\" aria-roledescription=\"slide\" aria-label=\"6 of 13\" data-no-translation-aria-label=\"\"><a data-elementor-open-lightbox=\"yes\" data-elementor-lightbox-slideshow=\"92b5911\" data-elementor-lightbox-title=\"Faro di Capo Testa\" data-elementor-lightbox-description=\"Faro di Capo Testa Bocche di Bonifacio\" data-e-action-hash=\"#elementor-action%3Aaction%3Dlightbox%26settings%3DeyJpZCI6MTY0NTMsInVybCI6Imh0dHBzOlwvXC93d3cueWVwc2VhLmNvbVwvd3AtY29udGVudFwvdXBsb2Fkc1wvRmFyby1kaS1DYXBvLVRlc3RhLmpwZyIsInNsaWRlc2hvdyI6IjkyYjU5MTEifQ%3D%3D\" href=\"https:\/\/www.yepsea.com\/wp-content\/uploads\/Faro-di-Capo-Testa.jpg\"><figure class=\"swiper-slide-inner\"><img decoding=\"async\" class=\"swiper-slide-image\" src=\"https:\/\/www.yepsea.com\/wp-content\/uploads\/Faro-di-Capo-Testa.jpg\" alt=\"Capo Testa Bocche di Bonifacio balise\" \/><figcaption class=\"elementor-image-carousel-caption\">Capo Testa Bocche di Bonifacio balise<\/figcaption><\/figure><\/a><\/div><div class=\"swiper-slide\" role=\"group\" aria-roledescription=\"slide\" aria-label=\"7 of 13\" data-no-translation-aria-label=\"\"><a data-elementor-open-lightbox=\"yes\" data-elementor-lightbox-slideshow=\"92b5911\" data-elementor-lightbox-title=\"costa-smeralda-4479204_1920\" data-elementor-lightbox-description=\"Mare Costa Smeralda\" data-e-action-hash=\"#elementor-action%3Aaction%3Dlightbox%26settings%3DeyJpZCI6OTQ0NCwidXJsIjoiaHR0cHM6XC9cL3d3dy55ZXBzZWEuY29tXC93cC1jb250ZW50XC91cGxvYWRzXC8yMDIyXC8wMlwvY29zdGEtc21lcmFsZGEtNDQ3OTIwNF8xOTIwLmpwZyIsInNsaWRlc2hvdyI6IjkyYjU5MTEifQ%3D%3D\" href=\"https:\/\/www.yepsea.com\/wp-content\/uploads\/2022\/02\/costa-smeralda-4479204_1920.jpg\"><figure class=\"swiper-slide-inner\"><img decoding=\"async\" class=\"swiper-slide-image\" src=\"https:\/\/www.yepsea.com\/wp-content\/uploads\/2022\/02\/costa-smeralda-4479204_1920.jpg\" alt=\"Mer Costa Smeralda\" \/><figcaption class=\"elementor-image-carousel-caption\">Mer Costa Smeralda<\/figcaption><\/figure><\/a><\/div><div class=\"swiper-slide\" role=\"group\" aria-roledescription=\"slide\" aria-label=\"8 of 13\" data-no-translation-aria-label=\"\"><a data-elementor-open-lightbox=\"yes\" data-elementor-lightbox-slideshow=\"92b5911\" data-elementor-lightbox-title=\"Faro Isola Bocca Olbia Al Tramonto\" data-elementor-lightbox-description=\"Faro Isola Bocca Olbia Al Tramonto\" data-e-action-hash=\"#elementor-action%3Aaction%3Dlightbox%26settings%3DeyJpZCI6MTY0NjMsInVybCI6Imh0dHBzOlwvXC93d3cueWVwc2VhLmNvbVwvd3AtY29udGVudFwvdXBsb2Fkc1wvRmFyby1Jc29sYS1Cb2NjYS1PbGJpYS1BbC1UcmFtb250by5qcGciLCJzbGlkZXNob3ciOiI5MmI1OTExIn0%3D\" href=\"https:\/\/www.yepsea.com\/wp-content\/uploads\/Faro-Isola-Bocca-Olbia-Al-Tramonto.jpg\"><figure class=\"swiper-slide-inner\"><img decoding=\"async\" class=\"swiper-slide-image\" src=\"https:\/\/www.yepsea.com\/wp-content\/uploads\/Faro-Isola-Bocca-Olbia-Al-Tramonto.jpg\" alt=\"\u00cele du phare Olbia au coucher du soleil\" \/><figcaption class=\"elementor-image-carousel-caption\">\u00cele du phare Olbia au coucher du soleil<\/figcaption><\/figure><\/a><\/div><div class=\"swiper-slide\" role=\"group\" aria-roledescription=\"slide\" aria-label=\"9 of 13\" data-no-translation-aria-label=\"\"><a data-elementor-open-lightbox=\"yes\" data-elementor-lightbox-slideshow=\"92b5911\" data-elementor-lightbox-title=\"Costa Smeralda Spiaggia con Tavolara sullo sfondo\" data-elementor-lightbox-description=\"Costa Smeralda Spiaggia con Tavolara sullo sfondo\" data-e-action-hash=\"#elementor-action%3Aaction%3Dlightbox%26settings%3DeyJpZCI6MTIxOTYsInVybCI6Imh0dHBzOlwvXC93d3cueWVwc2VhLmNvbVwvd3AtY29udGVudFwvdXBsb2Fkc1wvMjAyMlwvMDRcL0Nvc3RhLVNtZXJhbGRhLVNwaWFnZ2lhLWNvbi1UYXZvbGFyYS1zdWxsby1zZm9uZG8uanBnIiwic2xpZGVzaG93IjoiOTJiNTkxMSJ9\" href=\"https:\/\/www.yepsea.com\/wp-content\/uploads\/2022\/04\/Costa-Smeralda-Spiaggia-con-Tavolara-sullo-sfondo.jpg\"><figure class=\"swiper-slide-inner\"><img decoding=\"async\" class=\"swiper-slide-image\" src=\"https:\/\/www.yepsea.com\/wp-content\/uploads\/2022\/04\/Costa-Smeralda-Spiaggia-con-Tavolara-sullo-sfondo.jpg\" alt=\"Plage Costa Smeralda avec Tavolara en arri\u00e8re-plan\" \/><figcaption class=\"elementor-image-carousel-caption\">Plage Costa Smeralda avec Tavolara en arri\u00e8re-plan<\/figcaption><\/figure><\/a><\/div><div class=\"swiper-slide\" role=\"group\" aria-roledescription=\"slide\" aria-label=\"10 of 13\" data-no-translation-aria-label=\"\"><a data-elementor-open-lightbox=\"yes\" data-elementor-lightbox-slideshow=\"92b5911\" data-elementor-lightbox-title=\"Pianta del Sughero con Rami\" data-elementor-lightbox-description=\"Pianta del Sughero con Rami\" data-e-action-hash=\"#elementor-action%3Aaction%3Dlightbox%26settings%3DeyJpZCI6MTMwMjcsInVybCI6Imh0dHBzOlwvXC93d3cueWVwc2VhLmNvbVwvd3AtY29udGVudFwvdXBsb2Fkc1wvMjAyMlwvMDRcL1BpYW50YS1kZWwtU3VnaGVyby1jb24tUmFtaS5qcGciLCJzbGlkZXNob3ciOiI5MmI1OTExIn0%3D\" href=\"https:\/\/www.yepsea.com\/wp-content\/uploads\/2022\/04\/Pianta-del-Sughero-con-Rami.jpg\"><figure class=\"swiper-slide-inner\"><img decoding=\"async\" class=\"swiper-slide-image\" src=\"https:\/\/www.yepsea.com\/wp-content\/uploads\/2022\/04\/Pianta-del-Sughero-con-Rami.jpg\" alt=\"Plante de li\u00e8ge avec branches\" \/><figcaption class=\"elementor-image-carousel-caption\">Plante de li\u00e8ge avec branches<\/figcaption><\/figure><\/a><\/div><div class=\"swiper-slide\" role=\"group\" aria-roledescription=\"slide\" aria-label=\"11 of 13\" data-no-translation-aria-label=\"\"><a data-elementor-open-lightbox=\"yes\" data-elementor-lightbox-slideshow=\"92b5911\" data-elementor-lightbox-title=\"Faro di Palau\" data-elementor-lightbox-description=\"Faro di Palau\" data-e-action-hash=\"#elementor-action%3Aaction%3Dlightbox%26settings%3DeyJpZCI6MTY0NzcsInVybCI6Imh0dHBzOlwvXC93d3cueWVwc2VhLmNvbVwvd3AtY29udGVudFwvdXBsb2Fkc1wvRmFyby1kaS1QYWxhdS5qcGciLCJzbGlkZXNob3ciOiI5MmI1OTExIn0%3D\" href=\"https:\/\/www.yepsea.com\/wp-content\/uploads\/Faro-di-Palau.jpg\"><figure class=\"swiper-slide-inner\"><img decoding=\"async\" class=\"swiper-slide-image\" src=\"https:\/\/www.yepsea.com\/wp-content\/uploads\/Faro-di-Palau.jpg\" alt=\"Phare de Palau\" \/><figcaption class=\"elementor-image-carousel-caption\">Phare de Palau<\/figcaption><\/figure><\/a><\/div><div class=\"swiper-slide\" role=\"group\" aria-roledescription=\"slide\" aria-label=\"12 of 13\" data-no-translation-aria-label=\"\"><a data-elementor-open-lightbox=\"yes\" data-elementor-lightbox-slideshow=\"92b5911\" data-elementor-lightbox-title=\"Rocce granitiche in spiaggia in Costa Smeralda\" data-elementor-lightbox-description=\"Rocce granitiche in spiaggia in Costa Smeralda\" data-e-action-hash=\"#elementor-action%3Aaction%3Dlightbox%26settings%3DeyJpZCI6MTIxOTQsInVybCI6Imh0dHBzOlwvXC93d3cueWVwc2VhLmNvbVwvd3AtY29udGVudFwvdXBsb2Fkc1wvMjAyMlwvMDRcL1JvY2NlLWdyYW5pdGljaGUtaW4tc3BpYWdnaWEtaW4tQ29zdGEtU21lcmFsZGEuanBnIiwic2xpZGVzaG93IjoiOTJiNTkxMSJ9\" href=\"https:\/\/www.yepsea.com\/wp-content\/uploads\/2022\/04\/Rocce-granitiche-in-spiaggia-in-Costa-Smeralda.jpg\"><figure class=\"swiper-slide-inner\"><img decoding=\"async\" class=\"swiper-slide-image\" src=\"https:\/\/www.yepsea.com\/wp-content\/uploads\/2022\/04\/Rocce-granitiche-in-spiaggia-in-Costa-Smeralda.jpg\" alt=\"Roches de granit sur la plage en Costa Smeralda\" \/><figcaption class=\"elementor-image-carousel-caption\">Roches de granit sur la plage en Costa Smeralda<\/figcaption><\/figure><\/a><\/div><div class=\"swiper-slide\" role=\"group\" aria-roledescription=\"slide\" aria-label=\"13 of 13\" data-no-translation-aria-label=\"\"><a data-elementor-open-lightbox=\"yes\" data-elementor-lightbox-slideshow=\"92b5911\" data-elementor-lightbox-title=\"Sequoie monte Limbara con staccionata\" data-elementor-lightbox-description=\"Sequoie monte Limbara con staccionata\" data-e-action-hash=\"#elementor-action%3Aaction%3Dlightbox%26settings%3DeyJpZCI6MTE0MzksInVybCI6Imh0dHBzOlwvXC93d3cueWVwc2VhLmNvbVwvd3AtY29udGVudFwvdXBsb2Fkc1wvMjAyMlwvMDNcL1NlcXVvaWUtbW9udGUtTGltYmFyYS1jb24tc3RhY2Npb25hdGEuanBlZyIsInNsaWRlc2hvdyI6IjkyYjU5MTEifQ%3D%3D\" href=\"https:\/\/www.yepsea.com\/wp-content\/uploads\/2022\/03\/Sequoie-monte-Limbara-con-staccionata.jpeg\"><figure class=\"swiper-slide-inner\"><img decoding=\"async\" class=\"swiper-slide-image\" src=\"https:\/\/www.yepsea.com\/wp-content\/uploads\/2022\/03\/Sequoie-monte-Limbara-con-staccionata.jpeg\" alt=\"S\u00e9quoias du Mont Limbara avec cl\u00f4ture\" \/><figcaption class=\"elementor-image-carousel-caption\">S\u00e9quoias du Mont Limbara avec cl\u00f4ture<\/figcaption><\/figure><\/a><\/div>\t\t\t<\/div>\n\t\t\t\t\t\t\t\t\t\t\t\t<div class=\"elementor-swiper-button elementor-swiper-button-prev\" role=\"button\" tabindex=\"0\">\n\t\t\t\t\t\t<svg aria-hidden=\"true\" class=\"e-font-icon-svg e-eicon-chevron-left\" viewbox=\"0 0 1000 1000\" xmlns=\"http:\/\/www.w3.org\/2000\/svg\"><path d=\"M646 125C629 125 613 133 604 142L308 442C296 454 292 471 292 487 292 504 296 521 308 533L604 854C617 867 629 875 646 875 663 875 679 871 692 858 704 846 713 829 713 812 713 796 708 779 692 767L438 487 692 225C700 217 708 204 708 187 708 171 704 154 692 142 675 129 663 125 646 125Z\"><\/path><\/svg>\t\t\t\t\t<\/div>\n\t\t\t\t\t<div class=\"elementor-swiper-button elementor-swiper-button-next\" role=\"button\" tabindex=\"0\">\n\t\t\t\t\t\t<svg aria-hidden=\"true\" class=\"e-font-icon-svg e-eicon-chevron-right\" viewbox=\"0 0 1000 1000\" xmlns=\"http:\/\/www.w3.org\/2000\/svg\"><path d=\"M696 533C708 521 713 504 713 487 713 471 708 454 696 446L400 146C388 133 375 125 354 125 338 125 325 129 313 142 300 154 292 171 292 187 292 204 296 221 308 233L563 492 304 771C292 783 288 800 288 817 288 833 296 850 308 863 321 871 338 875 354 875 371 875 388 867 400 854L696 533Z\"><\/path><\/svg>\t\t\t\t\t<\/div>\n\t\t\t\t\n\t\t\t\t\t\t\t\t\t<div class=\"swiper-pagination\"><\/div>\n\t\t\t\t\t\t\t\t\t<\/div>\n\t\t\t\t\t\t<\/div>\n\t\t\t\t<\/div>\n\t\t\t\t<div class=\"elementor-element elementor-element-de8a4a9 elementor-widget elementor-widget-heading\" data-id=\"de8a4a9\" data-element_type=\"widget\" data-widget_type=\"heading.default\">\n\t\t\t\t<div class=\"elementor-widget-container\">\n\t\t\t\t\t<h3 class=\"elementor-heading-title elementor-size-default\">Curiosit\u00e9s sur la Gallura<\/h3>\t\t\t\t<\/div>\n\t\t\t\t<\/div>\n\t\t\t\t<div class=\"elementor-element elementor-element-877d4ba elementor-widget elementor-widget-text-editor\" data-id=\"877d4ba\" data-element_type=\"widget\" data-widget_type=\"text-editor.default\">\n\t\t\t\t<div class=\"elementor-widget-container\">\n\t\t\t\t\t\t\t\t\t<p>En Gallura et Alta Gallura <strong>parle Gallurese<\/strong> - tr\u00e8s proche du dialecte c\u00f2rso parl\u00e9 en Corse du Sud - qui conserve quelques inflexions du logudorese. La sous-r\u00e9gion est c\u00e9l\u00e8bre pour la pr\u00e9sence de fabriques de li\u00e8ge - dans la zone de Calangianus - qui exportent le <strong>Li\u00e8ge de Sardaigne<\/strong>.<\/p><p>Une autre particularit\u00e9 qui rend la Gallura c\u00e9l\u00e8bre est le granit qui donne \u00e0 la r\u00e9gion sa conformation particuli\u00e8re. Dans chaque coin de la sous-r\u00e9gion, on peut admirer, \u00e0 c\u00f4t\u00e9 des collines ondulantes, le berceau du <strong>Vermentino di Gallura DOCG<\/strong>, le <strong>les c\u00e9l\u00e8bres rochers de la Gallura. <\/strong>Les roches suggestives aux mille formes peuvent \u00eatre admir\u00e9es, entre autres, dans la Valle della Luna (Vall\u00e9e de la Lune) \u00e0 Aggius et dans la Valle della Luna (Vall\u00e9e de la Lune) \u00e0 Santa Teresa Gallura.<\/p>\t\t\t\t\t\t\t\t<\/div>\n\t\t\t\t<\/div>\n\t\t\t\t<div class=\"elementor-element elementor-element-fe60ca7 elementor-widget elementor-widget-heading\" data-id=\"fe60ca7\" data-element_type=\"widget\" data-widget_type=\"heading.default\">\n\t\t\t\t<div class=\"elementor-widget-container\">\n\t\t\t\t\t<h3 class=\"elementor-heading-title elementor-size-default\">\u00c0 ne pas manquer : ce qu'il faut voir en Gallura\n<\/h3>\t\t\t\t<\/div>\n\t\t\t\t<\/div>\n\t\t\t\t<div class=\"elementor-element elementor-element-ab41f54 elementor-widget elementor-widget-text-editor\" data-id=\"ab41f54\" data-element_type=\"widget\" data-widget_type=\"text-editor.default\">\n\t\t\t\t<div class=\"elementor-widget-container\">\n\t\t\t\t\t\t\t\t\t<p>Les attractions \u00e0 ne pas manquer en Gallura sont les suivantes :<\/p><p><a href=\"https:\/\/yepsea.com\/i-migliori-tour-escursioni-nell-arcipelago-la-maddalena\/\" target=\"_blank\" rel=\"noopener\">Parc national de l'archipel de La Maddalena<\/a><\/p><p><a href=\"https:\/\/yepsea.com\/ulivi-millenari-di-luras-alberi-di-4000-anni\/\" target=\"_blank\" rel=\"noopener\">Les oliviers mill\u00e9naires de Luras<\/a><\/p><p><a href=\"https:\/\/yepsea.com\/tavolara-curiosita-leggende-e-informazioni\/\" target=\"_blank\" rel=\"noopener\">Zone marine prot\u00e9g\u00e9e Tavolara Punta Coda Cavallo<\/a><\/p><p><a href=\"https:\/\/yepsea.com\/sardegna-in-montagna-sequoie-del-limbara\/\" target=\"_blank\" rel=\"noopener\">Les s\u00e9quoias du mont Limbara<\/a><\/p><p><a href=\"https:\/\/yepsea.com\/10-cose-da-fare-a-golfo-aranci\/\" target=\"_blank\" rel=\"noopener\">Capo Figari et Golfo Aranci<\/a><\/p><p>La ville d'Olbia et le Tempio Pausania<\/p>\t\t\t\t\t\t\t\t<\/div>\n\t\t\t\t<\/div>\n\t\t\t\t<div class=\"elementor-element elementor-element-84522b6 elementor-widget elementor-widget-template\" data-id=\"84522b6\" data-element_type=\"widget\" data-widget_type=\"template.default\">\n\t\t\t\t<div class=\"elementor-widget-container\">\n\t\t\t\t\t\t\t<div class=\"elementor-template\">\n\t\t\t\t\t<div data-elementor-type=\"section\" data-elementor-id=\"26200\" class=\"elementor elementor-26200\" data-elementor-post-type=\"elementor_library\">\n\t\t\t\t\t<section class=\"elementor-section elementor-top-section elementor-element elementor-element-b7f1442 elementor-section-full_width elementor-section-height-default elementor-section-height-default\" data-id=\"b7f1442\" data-element_type=\"section\">\n\t\t\t\t\t\t<div class=\"elementor-container elementor-column-gap-default\">\n\t\t\t\t\t<div class=\"elementor-column elementor-col-100 elementor-top-column elementor-element elementor-element-ab32f36\" data-id=\"ab32f36\" data-element_type=\"column\">\n\t\t\t<div class=\"elementor-widget-wrap elementor-element-populated\">\n\t\t\t\t\t\t<div class=\"elementor-element elementor-element-b7b76b8 elementor-widget elementor-widget-button\" data-id=\"b7b76b8\" data-element_type=\"widget\" data-widget_type=\"button.default\">\n\t\t\t\t<div class=\"elementor-widget-container\">\n\t\t\t\t\t\t\t\t\t<div class=\"elementor-button-wrapper\">\n\t\t\t\t\t<a class=\"elementor-button elementor-size-sm\" role=\"button\">\n\t\t\t\t\t\t<span class=\"elementor-button-content-wrapper\">\n\t\t\t\t\t\t\t\t\t<span class=\"elementor-button-text\">voir La Maddalena boat trips<\/span>\n\t\t\t\t\t<\/span>\n\t\t\t\t\t<\/a>\n\t\t\t\t<\/div>\n\t\t\t\t\t\t\t\t<\/div>\n\t\t\t\t<\/div>\n\t\t\t\t\t<\/div>\n\t\t<\/div>\n\t\t\t\t\t<\/div>\n\t\t<\/section>\n\t\t\t\t<\/div>\n\t\t\t\t<\/div>\n\t\t\t\t\t\t<\/div>\n\t\t\t\t<\/div>\n\t\t\t\t\t<\/div>\n\t\t<\/div>\n\t\t\t\t\t<\/div>\n\t\t<\/section>\n\t\t\t\t<section class=\"elementor-section elementor-top-section elementor-element elementor-element-6a751d0 elementor-section-boxed elementor-section-height-default elementor-section-height-default\" data-id=\"6a751d0\" data-element_type=\"section\">\n\t\t\t\t\t\t<div class=\"elementor-container elementor-column-gap-default\">\n\t\t\t\t\t<div class=\"elementor-column elementor-col-100 elementor-top-column elementor-element elementor-element-3905230\" data-id=\"3905230\" data-element_type=\"column\">\n\t\t\t<div class=\"elementor-widget-wrap elementor-element-populated\">\n\t\t\t\t\t\t<div class=\"elementor-element elementor-element-e8f2a37 elementor-widget elementor-widget-heading\" data-id=\"e8f2a37\" data-element_type=\"widget\" data-widget_type=\"heading.default\">\n\t\t\t\t<div class=\"elementor-widget-container\">\n\t\t\t\t\t<h2 class=\"elementor-heading-title elementor-size-default\">Carte de la Sardaigne : Barbagia<\/h2>\t\t\t\t<\/div>\n\t\t\t\t<\/div>\n\t\t\t\t<div class=\"elementor-element elementor-element-34d00dc elementor-widget elementor-widget-image\" data-id=\"34d00dc\" data-element_type=\"widget\" data-widget_type=\"image.default\">\n\t\t\t\t<div class=\"elementor-widget-container\">\n\t\t\t\t\t\t\t\t\t\t\t\t<figure class=\"wp-caption\">\n\t\t\t\t\t\t\t\t\t\t\t<a href=\"https:\/\/yepsea.com\/wp-content\/uploads\/Orgosolo_Murales.jpg\" data-elementor-open-lightbox=\"yes\" data-elementor-lightbox-title=\"Orgosolo,_Murales\" data-elementor-lightbox-description=\"Murales a Orgosolo\" data-e-action-hash=\"#elementor-action%3Aaction%3Dlightbox%26settings%3DeyJpZCI6MTc2NDQsInVybCI6Imh0dHBzOlwvXC93d3cueWVwc2VhLmNvbVwvd3AtY29udGVudFwvdXBsb2Fkc1wvT3Jnb3NvbG9fTXVyYWxlcy5qcGcifQ%3D%3D\" target=\"_blank\" rel=\"noopener\">\n\t\t\t\t\t\t\t<img decoding=\"async\" width=\"1067\" height=\"800\" src=\"https:\/\/www.yepsea.com\/wp-content\/uploads\/Orgosolo_Murales.jpg\" class=\"attachment-large size-large wp-image-17644\" alt=\"Peintures murales \u00e0 Orgosolo\" \/>\t\t\t\t\t\t\t\t<\/a>\n\t\t\t\t\t\t\t\t\t\t\t<figcaption class=\"widget-image-caption wp-caption-text\">Peintures murales \u00e0 Orgosolo<\/figcaption>\n\t\t\t\t\t\t\t\t\t\t<\/figure>\n\t\t\t\t\t\t\t\t\t<\/div>\n\t\t\t\t<\/div>\n\t\t\t\t<div class=\"elementor-element elementor-element-10ec771 elementor-widget elementor-widget-heading\" data-id=\"10ec771\" data-element_type=\"widget\" data-widget_type=\"heading.default\">\n\t\t\t\t<div class=\"elementor-widget-container\">\n\t\t\t\t\t<h3 class=\"elementor-heading-title elementor-size-default\">O\u00f9 se trouve la Barbagia<\/h3>\t\t\t\t<\/div>\n\t\t\t\t<\/div>\n\t\t\t\t<div class=\"elementor-element elementor-element-5927d7c elementor-widget elementor-widget-text-editor\" data-id=\"5927d7c\" data-element_type=\"widget\" data-widget_type=\"text-editor.default\">\n\t\t\t\t<div class=\"elementor-widget-container\">\n\t\t\t\t\t\t\t\t\t<p>Barbagia est situ\u00e9e dans le centre de la Sardaigne, \u00e0 peu pr\u00e8s dans la r\u00e9gion de Nuoro. Il existe plusieurs subdivisions de Barbagia : Barbagia di Belv\u00ec, Barbagia di Nuoro e Bitti, Barbagia di Ollolai et Barbagia di Seulo.<\/p><p>Les municipalit\u00e9s qui font partie des subdivisions de Barbagia sont : Aritzo, Belv\u00ec, Gadoni, Meana Sardo. Bitti, Dorgali, Lula, Nuoro, Onan\u00ec, Oniferi, Orani, Orotelli, Orune, Osidda, Ottana, Sarule. Austis, Fonni, Gavoi, Lodine, Mamoiada, Oliena, Ollolai, Olzai, Orgosolo, Ovodda, Teti, Tiana. Seulo, Seui, Sadali, Esterzili, Ussassai (limitrophe de l'Ogliastra).<\/p>\t\t\t\t\t\t\t\t<\/div>\n\t\t\t\t<\/div>\n\t\t\t\t<div class=\"elementor-element elementor-element-3555fcf elementor-widget elementor-widget-heading\" data-id=\"3555fcf\" data-element_type=\"widget\" data-widget_type=\"heading.default\">\n\t\t\t\t<div class=\"elementor-widget-container\">\n\t\t\t\t\t<h3 class=\"elementor-heading-title elementor-size-default\">Photos de Barbagia<\/h3>\t\t\t\t<\/div>\n\t\t\t\t<\/div>\n\t\t\t\t<div class=\"elementor-element elementor-element-b2e91db elementor-arrows-position-inside elementor-pagination-position-outside elementor-widget elementor-widget-image-carousel\" data-id=\"b2e91db\" data-element_type=\"widget\" data-settings=\"{&quot;autoplay&quot;:&quot;no&quot;,&quot;navigation&quot;:&quot;both&quot;,&quot;infinite&quot;:&quot;yes&quot;,&quot;speed&quot;:500,&quot;image_spacing_custom&quot;:{&quot;unit&quot;:&quot;px&quot;,&quot;size&quot;:20,&quot;sizes&quot;:[]},&quot;image_spacing_custom_tablet&quot;:{&quot;unit&quot;:&quot;px&quot;,&quot;size&quot;:&quot;&quot;,&quot;sizes&quot;:[]},&quot;image_spacing_custom_mobile&quot;:{&quot;unit&quot;:&quot;px&quot;,&quot;size&quot;:&quot;&quot;,&quot;sizes&quot;:[]}}\" data-widget_type=\"image-carousel.default\">\n\t\t\t\t<div class=\"elementor-widget-container\">\n\t\t\t\t\t\t\t<div class=\"elementor-image-carousel-wrapper swiper\" role=\"region\" aria-roledescription=\"carousel\" aria-label=\"Image Carousel\" dir=\"ltr\">\n\t\t\t<div class=\"elementor-image-carousel swiper-wrapper\" aria-live=\"polite\">\n\t\t\t\t\t\t\t\t<div class=\"swiper-slide\" role=\"group\" aria-roledescription=\"slide\" aria-label=\"1 of 11\" data-no-translation-aria-label=\"\"><a data-elementor-open-lightbox=\"yes\" data-elementor-lightbox-slideshow=\"b2e91db\" data-elementor-lightbox-title=\"La Costa di Cala Gonone\" data-elementor-lightbox-description=\"La Costa di Cala Gonone\" data-e-action-hash=\"#elementor-action%3Aaction%3Dlightbox%26settings%3DeyJpZCI6MTQ5MzcsInVybCI6Imh0dHBzOlwvXC93d3cueWVwc2VhLmNvbVwvd3AtY29udGVudFwvdXBsb2Fkc1wvTGEtQ29zdGEtZGktQ2FsYS1Hb25vbmUuanBnIiwic2xpZGVzaG93IjoiYjJlOTFkYiJ9\" href=\"https:\/\/www.yepsea.com\/wp-content\/uploads\/La-Costa-di-Cala-Gonone.jpg\"><figure class=\"swiper-slide-inner\"><img decoding=\"async\" class=\"swiper-slide-image\" src=\"https:\/\/www.yepsea.com\/wp-content\/uploads\/La-Costa-di-Cala-Gonone.jpg\" alt=\"La c\u00f4te de Cala Gonone\" \/><figcaption class=\"elementor-image-carousel-caption\">La c\u00f4te de Cala Gonone<\/figcaption><\/figure><\/a><\/div><div class=\"swiper-slide\" role=\"group\" aria-roledescription=\"slide\" aria-label=\"2 of 11\" data-no-translation-aria-label=\"\"><a data-elementor-open-lightbox=\"yes\" data-elementor-lightbox-slideshow=\"b2e91db\" data-elementor-lightbox-title=\"Infografica ingresso Tiscali\" data-elementor-lightbox-description=\"Infografica all&#039;ingresso Tiscali\" data-e-action-hash=\"#elementor-action%3Aaction%3Dlightbox%26settings%3DeyJpZCI6MTEyNDAsInVybCI6Imh0dHBzOlwvXC93d3cueWVwc2VhLmNvbVwvd3AtY29udGVudFwvdXBsb2Fkc1wvMjAyMlwvMDNcL0luZm9ncmFmaWNhLWluZ3Jlc3NvLVRpc2NhbGkuanBnIiwic2xpZGVzaG93IjoiYjJlOTFkYiJ9\" href=\"https:\/\/www.yepsea.com\/wp-content\/uploads\/2022\/03\/Infografica-ingresso-Tiscali.jpg\"><figure class=\"swiper-slide-inner\"><img decoding=\"async\" class=\"swiper-slide-image\" src=\"https:\/\/www.yepsea.com\/wp-content\/uploads\/2022\/03\/Infografica-ingresso-Tiscali.jpg\" alt=\"Infographie \u00e0 l&#039;entr\u00e9e de Tiscali\" \/><figcaption class=\"elementor-image-carousel-caption\">Infographie \u00e0 l'entr\u00e9e de Tiscali<\/figcaption><\/figure><\/a><\/div><div class=\"swiper-slide\" role=\"group\" aria-roledescription=\"slide\" aria-label=\"3 of 11\" data-no-translation-aria-label=\"\"><a data-elementor-open-lightbox=\"yes\" data-elementor-lightbox-slideshow=\"b2e91db\" data-elementor-lightbox-title=\"Cala Gonone, Orosei Nuraghe Osalla\" data-elementor-lightbox-description=\"Cala Gonone, Orosei Nuraghe Osalla\" data-e-action-hash=\"#elementor-action%3Aaction%3Dlightbox%26settings%3DeyJpZCI6MTQ5MzIsInVybCI6Imh0dHBzOlwvXC93d3cueWVwc2VhLmNvbVwvd3AtY29udGVudFwvdXBsb2Fkc1wvY2FsYS1nb25vbmUtbnVyYWdoZS1vc2FsbGEuanBnIiwic2xpZGVzaG93IjoiYjJlOTFkYiJ9\" href=\"https:\/\/www.yepsea.com\/wp-content\/uploads\/cala-gonone-nuraghe-osalla.jpg\"><figure class=\"swiper-slide-inner\"><img decoding=\"async\" class=\"swiper-slide-image\" src=\"https:\/\/www.yepsea.com\/wp-content\/uploads\/cala-gonone-nuraghe-osalla.jpg\" alt=\"Cala Gonone, Orosei Nuraghe Osalla\" \/><figcaption class=\"elementor-image-carousel-caption\">Cala Gonone, Orosei Nuraghe Osalla<\/figcaption><\/figure><\/a><\/div><div class=\"swiper-slide\" role=\"group\" aria-roledescription=\"slide\" aria-label=\"4 of 11\" data-no-translation-aria-label=\"\"><a data-elementor-open-lightbox=\"yes\" data-elementor-lightbox-slideshow=\"b2e91db\" data-elementor-lightbox-title=\"Orgosolo,_Murales\" data-elementor-lightbox-description=\"Murales a Orgosolo\" data-e-action-hash=\"#elementor-action%3Aaction%3Dlightbox%26settings%3DeyJpZCI6MTc2NDQsInVybCI6Imh0dHBzOlwvXC93d3cueWVwc2VhLmNvbVwvd3AtY29udGVudFwvdXBsb2Fkc1wvT3Jnb3NvbG9fTXVyYWxlcy5qcGciLCJzbGlkZXNob3ciOiJiMmU5MWRiIn0%3D\" href=\"https:\/\/www.yepsea.com\/wp-content\/uploads\/Orgosolo_Murales.jpg\"><figure class=\"swiper-slide-inner\"><img decoding=\"async\" class=\"swiper-slide-image\" src=\"https:\/\/www.yepsea.com\/wp-content\/uploads\/Orgosolo_Murales.jpg\" alt=\"Peintures murales \u00e0 Orgosolo\" \/><figcaption class=\"elementor-image-carousel-caption\">Peintures murales \u00e0 Orgosolo<\/figcaption><\/figure><\/a><\/div><div class=\"swiper-slide\" role=\"group\" aria-roledescription=\"slide\" aria-label=\"5 of 11\" data-no-translation-aria-label=\"\"><a data-elementor-open-lightbox=\"yes\" data-elementor-lightbox-slideshow=\"b2e91db\" data-elementor-lightbox-title=\"Vista dell interno della dolina di Tiscali\" data-elementor-lightbox-description=\"Vista dell interno della dolina di Tiscali\" data-e-action-hash=\"#elementor-action%3Aaction%3Dlightbox%26settings%3DeyJpZCI6MTEyNDEsInVybCI6Imh0dHBzOlwvXC93d3cueWVwc2VhLmNvbVwvd3AtY29udGVudFwvdXBsb2Fkc1wvMjAyMlwvMDNcL1Zpc3RhLWRlbGwtaW50ZXJuby1kZWxsYS1kb2xpbmEtZGktVGlzY2FsaS5qcGciLCJzbGlkZXNob3ciOiJiMmU5MWRiIn0%3D\" href=\"https:\/\/www.yepsea.com\/wp-content\/uploads\/2022\/03\/Vista-dell-interno-della-dolina-di-Tiscali.jpg\"><figure class=\"swiper-slide-inner\"><img decoding=\"async\" class=\"swiper-slide-image\" src=\"https:\/\/www.yepsea.com\/wp-content\/uploads\/2022\/03\/Vista-dell-interno-della-dolina-di-Tiscali.jpg\" alt=\"Vue de l&#039;int\u00e9rieur du gouffre de Tiscali\" \/><figcaption class=\"elementor-image-carousel-caption\">Vue de l'int\u00e9rieur du gouffre de Tiscali<\/figcaption><\/figure><\/a><\/div><div class=\"swiper-slide\" role=\"group\" aria-roledescription=\"slide\" aria-label=\"6 of 11\" data-no-translation-aria-label=\"\"><a data-elementor-open-lightbox=\"yes\" data-elementor-lightbox-slideshow=\"b2e91db\" data-elementor-lightbox-title=\"Mare e Costa di Cala Gonone\" data-elementor-lightbox-description=\"Mare e Costa di Cala Gonone\" data-e-action-hash=\"#elementor-action%3Aaction%3Dlightbox%26settings%3DeyJpZCI6MTQ5NDUsInVybCI6Imh0dHBzOlwvXC93d3cueWVwc2VhLmNvbVwvd3AtY29udGVudFwvdXBsb2Fkc1wvTWFyZS1lLUNvc3RhLWRpLUNhbGEtR29ub25lLmpwZyIsInNsaWRlc2hvdyI6ImIyZTkxZGIifQ%3D%3D\" href=\"https:\/\/www.yepsea.com\/wp-content\/uploads\/Mare-e-Costa-di-Cala-Gonone.jpg\"><figure class=\"swiper-slide-inner\"><img decoding=\"async\" class=\"swiper-slide-image\" src=\"https:\/\/www.yepsea.com\/wp-content\/uploads\/Mare-e-Costa-di-Cala-Gonone.jpg\" alt=\"Mer et c\u00f4te de Cala Gonone\" \/><figcaption class=\"elementor-image-carousel-caption\">Mer et c\u00f4te de Cala Gonone<\/figcaption><\/figure><\/a><\/div><div class=\"swiper-slide\" role=\"group\" aria-roledescription=\"slide\" aria-label=\"7 of 11\" data-no-translation-aria-label=\"\"><a data-elementor-open-lightbox=\"yes\" data-elementor-lightbox-slideshow=\"b2e91db\" data-elementor-lightbox-title=\"Rocce sulla Costa di Cala Gonone\" data-elementor-lightbox-description=\"Rocce sulla Costa di Cala Gonone\" data-e-action-hash=\"#elementor-action%3Aaction%3Dlightbox%26settings%3DeyJpZCI6MTQ5MjgsInVybCI6Imh0dHBzOlwvXC93d3cueWVwc2VhLmNvbVwvd3AtY29udGVudFwvdXBsb2Fkc1wvUm9jY2Utc3VsbGEtQ29zdGEtZGktQ2FsYS1Hb25vbmUuanBnIiwic2xpZGVzaG93IjoiYjJlOTFkYiJ9\" href=\"https:\/\/www.yepsea.com\/wp-content\/uploads\/Rocce-sulla-Costa-di-Cala-Gonone.jpg\"><figure class=\"swiper-slide-inner\"><img decoding=\"async\" class=\"swiper-slide-image\" src=\"https:\/\/www.yepsea.com\/wp-content\/uploads\/Rocce-sulla-Costa-di-Cala-Gonone.jpg\" alt=\"Rochers sur la c\u00f4te de Cala Gonone\" \/><figcaption class=\"elementor-image-carousel-caption\">Rochers sur la c\u00f4te de Cala Gonone<\/figcaption><\/figure><\/a><\/div><div class=\"swiper-slide\" role=\"group\" aria-roledescription=\"slide\" aria-label=\"8 of 11\" data-no-translation-aria-label=\"\"><a data-elementor-open-lightbox=\"yes\" data-elementor-lightbox-slideshow=\"b2e91db\" data-elementor-lightbox-title=\"Vista sulla vallata di Tiscali\" data-elementor-lightbox-description=\"Vista sulla vallata di Tiscali\" data-e-action-hash=\"#elementor-action%3Aaction%3Dlightbox%26settings%3DeyJpZCI6MTEyMjEsInVybCI6Imh0dHBzOlwvXC93d3cueWVwc2VhLmNvbVwvd3AtY29udGVudFwvdXBsb2Fkc1wvMjAyMlwvMDNcL1Zpc3RhLXN1bGxhLXZhbGxhdGEtMS5qcGciLCJzbGlkZXNob3ciOiJiMmU5MWRiIn0%3D\" href=\"https:\/\/www.yepsea.com\/wp-content\/uploads\/2022\/03\/Vista-sulla-vallata-1.jpg\"><figure class=\"swiper-slide-inner\"><img decoding=\"async\" class=\"swiper-slide-image\" src=\"https:\/\/www.yepsea.com\/wp-content\/uploads\/2022\/03\/Vista-sulla-vallata-1.jpg\" alt=\"Vue sur la vall\u00e9e de Tiscali\" \/><figcaption class=\"elementor-image-carousel-caption\">Vue sur la vall\u00e9e de Tiscali<\/figcaption><\/figure><\/a><\/div><div class=\"swiper-slide\" role=\"group\" aria-roledescription=\"slide\" aria-label=\"9 of 11\" data-no-translation-aria-label=\"\"><a data-elementor-open-lightbox=\"yes\" data-elementor-lightbox-slideshow=\"b2e91db\" data-elementor-lightbox-title=\"Mare e Scogli Cala Gonone\" data-elementor-lightbox-description=\"Mare e Scogli Cala Gonone\" data-e-action-hash=\"#elementor-action%3Aaction%3Dlightbox%26settings%3DeyJpZCI6MTQ5MzYsInVybCI6Imh0dHBzOlwvXC93d3cueWVwc2VhLmNvbVwvd3AtY29udGVudFwvdXBsb2Fkc1wvTWFyZS1lLVNjb2dsaS1DYWxhLUdvbm9uZS5qcGciLCJzbGlkZXNob3ciOiJiMmU5MWRiIn0%3D\" href=\"https:\/\/www.yepsea.com\/wp-content\/uploads\/Mare-e-Scogli-Cala-Gonone.jpg\"><figure class=\"swiper-slide-inner\"><img decoding=\"async\" class=\"swiper-slide-image\" src=\"https:\/\/www.yepsea.com\/wp-content\/uploads\/Mare-e-Scogli-Cala-Gonone.jpg\" alt=\"Mer et rochers Cala Gonone\" \/><figcaption class=\"elementor-image-carousel-caption\">Mer et rochers Cala Gonone<\/figcaption><\/figure><\/a><\/div><div class=\"swiper-slide\" role=\"group\" aria-roledescription=\"slide\" aria-label=\"10 of 11\" data-no-translation-aria-label=\"\"><a data-elementor-open-lightbox=\"yes\" data-elementor-lightbox-slideshow=\"b2e91db\" data-elementor-lightbox-title=\"Mare E Rocce sulla Costa di Cala Gonone\" data-elementor-lightbox-description=\"Mare E Rocce sulla Costa di Cala Gonone\" data-e-action-hash=\"#elementor-action%3Aaction%3Dlightbox%26settings%3DeyJpZCI6MTQ5NDEsInVybCI6Imh0dHBzOlwvXC93d3cueWVwc2VhLmNvbVwvd3AtY29udGVudFwvdXBsb2Fkc1wvTWFyZS1FLVJvY2NlLXN1bGxhLUNvc3RhLWRpLUNhbGEtR29ub25lLmpwZyIsInNsaWRlc2hvdyI6ImIyZTkxZGIifQ%3D%3D\" href=\"https:\/\/www.yepsea.com\/wp-content\/uploads\/Mare-E-Rocce-sulla-Costa-di-Cala-Gonone.jpg\"><figure class=\"swiper-slide-inner\"><img decoding=\"async\" class=\"swiper-slide-image\" src=\"https:\/\/www.yepsea.com\/wp-content\/uploads\/Mare-E-Rocce-sulla-Costa-di-Cala-Gonone.jpg\" alt=\"Mer et rochers sur la c\u00f4te de Cala Gonone\" \/><figcaption class=\"elementor-image-carousel-caption\">Mer et rochers sur la c\u00f4te de Cala Gonone<\/figcaption><\/figure><\/a><\/div><div class=\"swiper-slide\" role=\"group\" aria-roledescription=\"slide\" aria-label=\"11 of 11\" data-no-translation-aria-label=\"\"><a data-elementor-open-lightbox=\"yes\" data-elementor-lightbox-slideshow=\"b2e91db\" data-elementor-lightbox-title=\"Particolare rocce dolina Tiscali con alberi\" data-elementor-lightbox-description=\"Particolare rocce dolina Tiscali con alberi\" data-e-action-hash=\"#elementor-action%3Aaction%3Dlightbox%26settings%3DeyJpZCI6MTEyMTgsInVybCI6Imh0dHBzOlwvXC93d3cueWVwc2VhLmNvbVwvd3AtY29udGVudFwvdXBsb2Fkc1wvMjAyMlwvMDNcL1BhcnRpY29sYXJlLXJvY2NlLWRvbGluYS1UaXNjYWxpLWNvbi1hbGJlcmkuanBnIiwic2xpZGVzaG93IjoiYjJlOTFkYiJ9\" href=\"https:\/\/www.yepsea.com\/wp-content\/uploads\/2022\/03\/Particolare-rocce-dolina-Tiscali-con-alberi.jpg\"><figure class=\"swiper-slide-inner\"><img decoding=\"async\" class=\"swiper-slide-image\" src=\"https:\/\/www.yepsea.com\/wp-content\/uploads\/2022\/03\/Particolare-rocce-dolina-Tiscali-con-alberi.jpg\" alt=\"D\u00e9tail des rochers de la doline de Tiscali avec des arbres\" \/><figcaption class=\"elementor-image-carousel-caption\">D\u00e9tail des rochers de la doline de Tiscali avec des arbres<\/figcaption><\/figure><\/a><\/div>\t\t\t<\/div>\n\t\t\t\t\t\t\t\t\t\t\t\t<div class=\"elementor-swiper-button elementor-swiper-button-prev\" role=\"button\" tabindex=\"0\">\n\t\t\t\t\t\t<svg aria-hidden=\"true\" class=\"e-font-icon-svg e-eicon-chevron-left\" viewbox=\"0 0 1000 1000\" xmlns=\"http:\/\/www.w3.org\/2000\/svg\"><path d=\"M646 125C629 125 613 133 604 142L308 442C296 454 292 471 292 487 292 504 296 521 308 533L604 854C617 867 629 875 646 875 663 875 679 871 692 858 704 846 713 829 713 812 713 796 708 779 692 767L438 487 692 225C700 217 708 204 708 187 708 171 704 154 692 142 675 129 663 125 646 125Z\"><\/path><\/svg>\t\t\t\t\t<\/div>\n\t\t\t\t\t<div class=\"elementor-swiper-button elementor-swiper-button-next\" role=\"button\" tabindex=\"0\">\n\t\t\t\t\t\t<svg aria-hidden=\"true\" class=\"e-font-icon-svg e-eicon-chevron-right\" viewbox=\"0 0 1000 1000\" xmlns=\"http:\/\/www.w3.org\/2000\/svg\"><path d=\"M696 533C708 521 713 504 713 487 713 471 708 454 696 446L400 146C388 133 375 125 354 125 338 125 325 129 313 142 300 154 292 171 292 187 292 204 296 221 308 233L563 492 304 771C292 783 288 800 288 817 288 833 296 850 308 863 321 871 338 875 354 875 371 875 388 867 400 854L696 533Z\"><\/path><\/svg>\t\t\t\t\t<\/div>\n\t\t\t\t\n\t\t\t\t\t\t\t\t\t<div class=\"swiper-pagination\"><\/div>\n\t\t\t\t\t\t\t\t\t<\/div>\n\t\t\t\t\t\t<\/div>\n\t\t\t\t<\/div>\n\t\t\t\t<div class=\"elementor-element elementor-element-ee9d14d elementor-widget elementor-widget-heading\" data-id=\"ee9d14d\" data-element_type=\"widget\" data-widget_type=\"heading.default\">\n\t\t\t\t<div class=\"elementor-widget-container\">\n\t\t\t\t\t<h3 class=\"elementor-heading-title elementor-size-default\">Curiosit\u00e9s sur la Barbagia<\/h3>\t\t\t\t<\/div>\n\t\t\t\t<\/div>\n\t\t\t\t<div class=\"elementor-element elementor-element-1141a89 elementor-widget elementor-widget-text-editor\" data-id=\"1141a89\" data-element_type=\"widget\" data-widget_type=\"text-editor.default\">\n\t\t\t\t<div class=\"elementor-widget-container\">\n\t\t\t\t\t\t\t\t\t<p>La Barbagia poss\u00e8de un territoire vaste et vari\u00e9, caract\u00e9ris\u00e9 par les caract\u00e9ristiques suivantes <strong>Massif montagneux du Gennargentu<\/strong>les vall\u00e9es et la mer enchanteresse de la c\u00f4te dans la zone de <a href=\"https:\/\/yepsea.com\/da-vedere\/cala-gonone\/\" target=\"_blank\" rel=\"noopener\">Cala Gonone<\/a>.<\/p><p>La culture barbagienne a des racines anciennes et est aujourd'hui rappel\u00e9e dans les festivals traditionnels et les foires populaires qui se tiennent chaque ann\u00e9e dans les villages de Barbagia. L'une des plus c\u00e9l\u00e8bres est certainement la '<strong>L'automne en Barbagia<\/strong>Les \"Cortes Apertas\" se d\u00e9roulent chaque ann\u00e9e entre septembre et d\u00e9cembre. Pendant l'automne en Barbagie, des \"Cortes Apertas\", avec des \u00e9v\u00e9nements, des repr\u00e9sentations et des spectacles dans les rues, sont organis\u00e9es \u00e0 tour de r\u00f4le dans plusieurs villes de la r\u00e9gion.<\/p><p>\u00c0 Mamoiada, l'allumage des feux de Saint-Antoine est une f\u00eate sinc\u00e8re qui s\u00e9duit chaque ann\u00e9e. Mamoiada est connue internationalement pour <strong>Mamuthones et Issohadores<\/strong>qui ne sont pas seulement des masques mais aussi de v\u00e9ritables ic\u00f4nes. La premi\u00e8re sortie annuelle des masques a lieu le 17 janvier, \u00e0 l'occasion de la f\u00eate de Sant'Antonio Abate, qui marque \u00e9galement le d\u00e9but officiel du carnaval de Barbagia. Une f\u00eate \u00e0 ne pas manquer pour ceux qui souhaitent s'immerger dans les vraies traditions de la Sardaigne.<\/p>\t\t\t\t\t\t\t\t<\/div>\n\t\t\t\t<\/div>\n\t\t\t\t<div class=\"elementor-element elementor-element-b2157ed elementor-widget elementor-widget-image\" data-id=\"b2157ed\" data-element_type=\"widget\" data-widget_type=\"image.default\">\n\t\t\t\t<div class=\"elementor-widget-container\">\n\t\t\t\t\t\t\t\t\t\t\t\t<figure class=\"wp-caption\">\n\t\t\t\t\t\t\t\t\t\t\t<a href=\"https:\/\/yepsea.com\/wp-content\/uploads\/Santuario-Nuragico-di-Gremanu.jpg\" data-elementor-open-lightbox=\"yes\" data-elementor-lightbox-title=\"Santuario Nuragico di Gremanu\" data-elementor-lightbox-description=\"Santuario Nuragico di Gremanu\" data-e-action-hash=\"#elementor-action%3Aaction%3Dlightbox%26settings%3DeyJpZCI6MTc4MTAsInVybCI6Imh0dHBzOlwvXC93d3cueWVwc2VhLmNvbVwvd3AtY29udGVudFwvdXBsb2Fkc1wvU2FudHVhcmlvLU51cmFnaWNvLWRpLUdyZW1hbnUuanBnIn0%3D\" target=\"_blank\" rel=\"noopener\">\n\t\t\t\t\t\t\t<img decoding=\"async\" width=\"600\" height=\"800\" src=\"https:\/\/www.yepsea.com\/wp-content\/uploads\/Santuario-Nuragico-di-Gremanu.jpg\" class=\"attachment-large size-large wp-image-17810\" alt=\"\" \/>\t\t\t\t\t\t\t\t<\/a>\n\t\t\t\t\t\t\t\t\t\t\t<figcaption class=\"widget-image-caption wp-caption-text\">Sanctuaire nuragique de Gremanu<\/figcaption>\n\t\t\t\t\t\t\t\t\t\t<\/figure>\n\t\t\t\t\t\t\t\t\t<\/div>\n\t\t\t\t<\/div>\n\t\t\t\t<div class=\"elementor-element elementor-element-2c4ba7a elementor-widget elementor-widget-heading\" data-id=\"2c4ba7a\" data-element_type=\"widget\" data-widget_type=\"heading.default\">\n\t\t\t\t<div class=\"elementor-widget-container\">\n\t\t\t\t\t<h3 class=\"elementor-heading-title elementor-size-default\">\u00c0 ne pas manquer : ce qu'il faut voir en Barbagia\n<\/h3>\t\t\t\t<\/div>\n\t\t\t\t<\/div>\n\t\t\t\t<div class=\"elementor-element elementor-element-0de5226 elementor-widget elementor-widget-text-editor\" data-id=\"0de5226\" data-element_type=\"widget\" data-widget_type=\"text-editor.default\">\n\t\t\t\t<div class=\"elementor-widget-container\">\n\t\t\t\t\t\t\t\t\t<p>Les attractions incontournables de la Barbagia sont les suivantes :<\/p><p>Sortie des Mamuthones et des Issohadores<\/p><p><a href=\"https:\/\/yepsea.com\/tiscali-villaggio-nuragico-antica-sardegna\/\" target=\"_blank\" rel=\"noopener\">Tiscali, village nuragique au c\u0153ur de l'ancienne Sardaigne<\/a><\/p><p><a href=\"https:\/\/yepsea.com\/appunti-di-viaggio-a-cala-gonone\/\" target=\"_blank\" rel=\"noopener\">Notes de voyage \u00e0 Cala Gonone<\/a><\/p><p>Les villages d'Orgosolo, d'Oliena et de Mamoiada<\/p><p>Nuoro et le mus\u00e9e de Grazia Deledda<\/p><p>Le sanctuaire nuragique de Gremanu et Foresta Montes<\/p>\t\t\t\t\t\t\t\t<\/div>\n\t\t\t\t<\/div>\n\t\t\t\t\t<\/div>\n\t\t<\/div>\n\t\t\t\t\t<\/div>\n\t\t<\/section>\n\t\t\t\t<section class=\"elementor-section elementor-top-section elementor-element elementor-element-b8d6d65 elementor-section-boxed elementor-section-height-default elementor-section-height-default\" data-id=\"b8d6d65\" data-element_type=\"section\">\n\t\t\t\t\t\t<div class=\"elementor-container elementor-column-gap-default\">\n\t\t\t\t\t<div class=\"elementor-column elementor-col-100 elementor-top-column elementor-element elementor-element-2ae8b3f\" data-id=\"2ae8b3f\" data-element_type=\"column\">\n\t\t\t<div class=\"elementor-widget-wrap elementor-element-populated\">\n\t\t\t\t\t\t<div class=\"elementor-element elementor-element-19decb1 elementor-widget elementor-widget-heading\" data-id=\"19decb1\" data-element_type=\"widget\" data-widget_type=\"heading.default\">\n\t\t\t\t<div class=\"elementor-widget-container\">\n\t\t\t\t\t<h2 class=\"elementor-heading-title elementor-size-default\">Carte de la Sardaigne : Ogliastra<\/h2>\t\t\t\t<\/div>\n\t\t\t\t<\/div>\n\t\t\t\t<div class=\"elementor-element elementor-element-4e6c0ef elementor-widget elementor-widget-image\" data-id=\"4e6c0ef\" data-element_type=\"widget\" data-widget_type=\"image.default\">\n\t\t\t\t<div class=\"elementor-widget-container\">\n\t\t\t\t\t\t\t\t\t\t\t\t<figure class=\"wp-caption\">\n\t\t\t\t\t\t\t\t\t\t\t<a href=\"https:\/\/yepsea.com\/wp-content\/uploads\/Tacchi-di-Ogliastra-Perda-Liana.jpg\" data-elementor-open-lightbox=\"yes\" data-elementor-lightbox-title=\"Tacchi di Ogliastra Perda Liana\" data-elementor-lightbox-description=\"Tacchi di Ogliastra Perda Liana\" data-e-action-hash=\"#elementor-action%3Aaction%3Dlightbox%26settings%3DeyJpZCI6MTc3NzUsInVybCI6Imh0dHBzOlwvXC93d3cueWVwc2VhLmNvbVwvd3AtY29udGVudFwvdXBsb2Fkc1wvVGFjY2hpLWRpLU9nbGlhc3RyYS1QZXJkYS1MaWFuYS5qcGcifQ%3D%3D\" target=\"_blank\" rel=\"noopener\">\n\t\t\t\t\t\t\t<img loading=\"lazy\" decoding=\"async\" width=\"1067\" height=\"800\" src=\"https:\/\/www.yepsea.com\/wp-content\/uploads\/Tacchi-di-Ogliastra-Perda-Liana.jpg\" class=\"attachment-large size-large wp-image-17775\" alt=\"Talons de l&#039;Ogliastra Perda Liana\" \/>\t\t\t\t\t\t\t\t<\/a>\n\t\t\t\t\t\t\t\t\t\t\t<figcaption class=\"widget-image-caption wp-caption-text\">Talons de l'Ogliastra Perda Liana<\/figcaption>\n\t\t\t\t\t\t\t\t\t\t<\/figure>\n\t\t\t\t\t\t\t\t\t<\/div>\n\t\t\t\t<\/div>\n\t\t\t\t<div class=\"elementor-element elementor-element-4e272e3 elementor-widget elementor-widget-heading\" data-id=\"4e272e3\" data-element_type=\"widget\" data-widget_type=\"heading.default\">\n\t\t\t\t<div class=\"elementor-widget-container\">\n\t\t\t\t\t<h3 class=\"elementor-heading-title elementor-size-default\">O\u00f9 se trouve l'Ogliastra<\/h3>\t\t\t\t<\/div>\n\t\t\t\t<\/div>\n\t\t\t\t<div class=\"elementor-element elementor-element-a43e154 elementor-widget elementor-widget-text-editor\" data-id=\"a43e154\" data-element_type=\"widget\" data-widget_type=\"text-editor.default\">\n\t\t\t\t<div class=\"elementor-widget-container\">\n\t\t\t\t\t\t\t\t\t<p>La r\u00e9gion historique et g\u00e9ographique de l'Ogliastra, situ\u00e9e dans le centre-est de la Sardaigne, se caract\u00e9rise par des plages aux eaux cristallines, des paysages sauvages et une nature grandiose.<\/p><p>Les communes qui font partie de l'Ogliastra sont les suivantes : Arzana, Barisardo, Baunei, Cardedu, Elini, Gairo, Girasole, Ilbono, Jerzu, Lanusei, Loceri, Lotzorai, Osini, Perdasdefogu, Seui, Talana, Tertenia, Triei, Tortol\u00ec (Arbatax), Urzulei, Ulassai, Ussassai et Villagrande Strisaili.<\/p>\t\t\t\t\t\t\t\t<\/div>\n\t\t\t\t<\/div>\n\t\t\t\t<div class=\"elementor-element elementor-element-8d646ec elementor-widget elementor-widget-heading\" data-id=\"8d646ec\" data-element_type=\"widget\" data-widget_type=\"heading.default\">\n\t\t\t\t<div class=\"elementor-widget-container\">\n\t\t\t\t\t<h3 class=\"elementor-heading-title elementor-size-default\">Photos de l'Ogliastra<\/h3>\t\t\t\t<\/div>\n\t\t\t\t<\/div>\n\t\t\t\t<div class=\"elementor-element elementor-element-dda3f5e elementor-arrows-position-inside elementor-pagination-position-outside elementor-widget elementor-widget-image-carousel\" data-id=\"dda3f5e\" data-element_type=\"widget\" data-settings=\"{&quot;autoplay&quot;:&quot;no&quot;,&quot;navigation&quot;:&quot;both&quot;,&quot;infinite&quot;:&quot;yes&quot;,&quot;speed&quot;:500,&quot;image_spacing_custom&quot;:{&quot;unit&quot;:&quot;px&quot;,&quot;size&quot;:20,&quot;sizes&quot;:[]},&quot;image_spacing_custom_tablet&quot;:{&quot;unit&quot;:&quot;px&quot;,&quot;size&quot;:&quot;&quot;,&quot;sizes&quot;:[]},&quot;image_spacing_custom_mobile&quot;:{&quot;unit&quot;:&quot;px&quot;,&quot;size&quot;:&quot;&quot;,&quot;sizes&quot;:[]}}\" data-widget_type=\"image-carousel.default\">\n\t\t\t\t<div class=\"elementor-widget-container\">\n\t\t\t\t\t\t\t<div class=\"elementor-image-carousel-wrapper swiper\" role=\"region\" aria-roledescription=\"carousel\" aria-label=\"Image Carousel\" dir=\"ltr\">\n\t\t\t<div class=\"elementor-image-carousel swiper-wrapper\" aria-live=\"polite\">\n\t\t\t\t\t\t\t\t<div class=\"swiper-slide\" role=\"group\" aria-roledescription=\"slide\" aria-label=\"1 of 3\" data-no-translation-aria-label=\"\"><a data-elementor-open-lightbox=\"yes\" data-elementor-lightbox-slideshow=\"dda3f5e\" data-elementor-lightbox-title=\"Cartelli Vetta Perda Liana\" data-elementor-lightbox-description=\"Cartelli Vetta Perda Liana\" data-e-action-hash=\"#elementor-action%3Aaction%3Dlightbox%26settings%3DeyJpZCI6MTc3ODAsInVybCI6Imh0dHBzOlwvXC93d3cueWVwc2VhLmNvbVwvd3AtY29udGVudFwvdXBsb2Fkc1wvQ2FydGVsbGktVmV0dGEtUGVyZGEtTGlhbmEuanBnIiwic2xpZGVzaG93IjoiZGRhM2Y1ZSJ9\" href=\"https:\/\/www.yepsea.com\/wp-content\/uploads\/Cartelli-Vetta-Perda-Liana.jpg\"><figure class=\"swiper-slide-inner\"><img decoding=\"async\" class=\"swiper-slide-image\" src=\"https:\/\/www.yepsea.com\/wp-content\/uploads\/Cartelli-Vetta-Perda-Liana.jpg\" alt=\"Panneaux du sommet de Perda Liana\" \/><figcaption class=\"elementor-image-carousel-caption\">Panneaux du sommet de Perda Liana<\/figcaption><\/figure><\/a><\/div><div class=\"swiper-slide\" role=\"group\" aria-roledescription=\"slide\" aria-label=\"2 of 3\" data-no-translation-aria-label=\"\"><a data-elementor-open-lightbox=\"yes\" data-elementor-lightbox-slideshow=\"dda3f5e\" data-elementor-lightbox-title=\"Cascate di Sothai\" data-elementor-lightbox-description=\"Cascate di Sothai Villagrande Strisaili\" data-e-action-hash=\"#elementor-action%3Aaction%3Dlightbox%26settings%3DeyJpZCI6MTc3ODIsInVybCI6Imh0dHBzOlwvXC93d3cueWVwc2VhLmNvbVwvd3AtY29udGVudFwvdXBsb2Fkc1wvQ0FTQ0FURS1ESS1TT1RIQUkuanBnIiwic2xpZGVzaG93IjoiZGRhM2Y1ZSJ9\" href=\"https:\/\/www.yepsea.com\/wp-content\/uploads\/CASCATE-DI-SOTHAI.jpg\"><figure class=\"swiper-slide-inner\"><img decoding=\"async\" class=\"swiper-slide-image\" src=\"https:\/\/www.yepsea.com\/wp-content\/uploads\/CASCATE-DI-SOTHAI.jpg\" alt=\"Cascades de Sothai Villagrande Strisaili\" \/><figcaption class=\"elementor-image-carousel-caption\">Cascades de Sothai Villagrande Strisaili<\/figcaption><\/figure><\/a><\/div><div class=\"swiper-slide\" role=\"group\" aria-roledescription=\"slide\" aria-label=\"3 of 3\" data-no-translation-aria-label=\"\"><a data-elementor-open-lightbox=\"yes\" data-elementor-lightbox-slideshow=\"dda3f5e\" data-elementor-lightbox-title=\"Foto Tacchi di Ogliastra\" data-elementor-lightbox-description=\"Foto Tacchi di Ogliastra Perda &#039;e Liana\" data-e-action-hash=\"#elementor-action%3Aaction%3Dlightbox%26settings%3DeyJpZCI6MTc3ODMsInVybCI6Imh0dHBzOlwvXC93d3cueWVwc2VhLmNvbVwvd3AtY29udGVudFwvdXBsb2Fkc1wvRm90by1UYWNjaGktZGktT2dsaWFzdHJhLmpwZyIsInNsaWRlc2hvdyI6ImRkYTNmNWUifQ%3D%3D\" href=\"https:\/\/www.yepsea.com\/wp-content\/uploads\/Foto-Tacchi-di-Ogliastra.jpg\"><figure class=\"swiper-slide-inner\"><img decoding=\"async\" class=\"swiper-slide-image\" src=\"https:\/\/www.yepsea.com\/wp-content\/uploads\/Foto-Tacchi-di-Ogliastra.jpg\" alt=\"Photo Tacchi di Ogliastra Perda &#039;e Liana\" \/><figcaption class=\"elementor-image-carousel-caption\">Photo Tacchi di Ogliastra Perda 'e Liana<\/figcaption><\/figure><\/a><\/div>\t\t\t<\/div>\n\t\t\t\t\t\t\t\t\t\t\t\t<div class=\"elementor-swiper-button elementor-swiper-button-prev\" role=\"button\" tabindex=\"0\">\n\t\t\t\t\t\t<svg aria-hidden=\"true\" class=\"e-font-icon-svg e-eicon-chevron-left\" viewbox=\"0 0 1000 1000\" xmlns=\"http:\/\/www.w3.org\/2000\/svg\"><path d=\"M646 125C629 125 613 133 604 142L308 442C296 454 292 471 292 487 292 504 296 521 308 533L604 854C617 867 629 875 646 875 663 875 679 871 692 858 704 846 713 829 713 812 713 796 708 779 692 767L438 487 692 225C700 217 708 204 708 187 708 171 704 154 692 142 675 129 663 125 646 125Z\"><\/path><\/svg>\t\t\t\t\t<\/div>\n\t\t\t\t\t<div class=\"elementor-swiper-button elementor-swiper-button-next\" role=\"button\" tabindex=\"0\">\n\t\t\t\t\t\t<svg aria-hidden=\"true\" class=\"e-font-icon-svg e-eicon-chevron-right\" viewbox=\"0 0 1000 1000\" xmlns=\"http:\/\/www.w3.org\/2000\/svg\"><path d=\"M696 533C708 521 713 504 713 487 713 471 708 454 696 446L400 146C388 133 375 125 354 125 338 125 325 129 313 142 300 154 292 171 292 187 292 204 296 221 308 233L563 492 304 771C292 783 288 800 288 817 288 833 296 850 308 863 321 871 338 875 354 875 371 875 388 867 400 854L696 533Z\"><\/path><\/svg>\t\t\t\t\t<\/div>\n\t\t\t\t\n\t\t\t\t\t\t\t\t\t<div class=\"swiper-pagination\"><\/div>\n\t\t\t\t\t\t\t\t\t<\/div>\n\t\t\t\t\t\t<\/div>\n\t\t\t\t<\/div>\n\t\t\t\t<div class=\"elementor-element elementor-element-f80deb5 elementor-widget elementor-widget-heading\" data-id=\"f80deb5\" data-element_type=\"widget\" data-widget_type=\"heading.default\">\n\t\t\t\t<div class=\"elementor-widget-container\">\n\t\t\t\t\t<h3 class=\"elementor-heading-title elementor-size-default\">Curiosit\u00e9s sur l'Ogliastra<\/h3>\t\t\t\t<\/div>\n\t\t\t\t<\/div>\n\t\t\t\t<div class=\"elementor-element elementor-element-4237f2d elementor-widget elementor-widget-text-editor\" data-id=\"4237f2d\" data-element_type=\"widget\" data-widget_type=\"text-editor.default\">\n\t\t\t\t<div class=\"elementor-widget-container\">\n\t\t\t\t\t\t\t\t\t<p>Parmi les plus belles plages de l'Ogliastra, certaines sont accessibles par la mer et d'autres ne peuvent \u00eatre admir\u00e9es qu'au prix de quelques heures de marche et de trekking. Parmi les plages les plus c\u00e9l\u00e8bres, on trouve certainement <a href=\"https:\/\/yepsea.com\/da-vedere\/cala-luna\/\" target=\"_blank\" rel=\"noopener\">Cala Luna<\/a>, <strong>Cala Sisine, Cala Mariolu et Cala Goloritz\u00e9<\/strong>.<\/p><p>Les plateaux qui surplombent la c\u00f4te de l'Ogliastra sont connus sous le nom de Supramonte d'Urzulei et de Baunei et sont parsem\u00e9s d'itin\u00e9raires de trekking, de VTT et d'escalade.<\/p><p>Parmi les lieux d'o\u00f9 partent des itin\u00e9raires de trekking vraiment impressionnants, il y a \"<strong>le plateau de Golgo<\/strong>\"\u00e0 Baunei. Un lieu d'une beaut\u00e9 et d'un charme rares. La r\u00e9gion est c\u00e9l\u00e8bre pour son gouffre extraordinaire appel\u00e9 \"<strong>Su Sterru<\/strong>\"qui est l'une des plus profondes d'Europe.\u00a0<\/p><p>Le long de la c\u00f4te accident\u00e9e de l'Ogliastra se trouve \u00e9galement l'une des randonn\u00e9es les plus c\u00e9l\u00e8bres d'Europe, la tr\u00e8s convoit\u00e9e <strong>Bleu sauvage<\/strong>.<\/p>\t\t\t\t\t\t\t\t<\/div>\n\t\t\t\t<\/div>\n\t\t\t\t<div class=\"elementor-element elementor-element-ee2be95 elementor-widget elementor-widget-image\" data-id=\"ee2be95\" data-element_type=\"widget\" data-widget_type=\"image.default\">\n\t\t\t\t<div class=\"elementor-widget-container\">\n\t\t\t\t\t\t\t\t\t\t\t\t<figure class=\"wp-caption\">\n\t\t\t\t\t\t\t\t\t\t\t<a href=\"https:\/\/yepsea.com\/wp-content\/uploads\/Cala-Luna-1.jpg\" data-elementor-open-lightbox=\"yes\" data-elementor-lightbox-title=\"Cala Luna\" data-elementor-lightbox-description=\"Cala Luna\" data-e-action-hash=\"#elementor-action%3Aaction%3Dlightbox%26settings%3DeyJpZCI6MTc4MjEsInVybCI6Imh0dHBzOlwvXC93d3cueWVwc2VhLmNvbVwvd3AtY29udGVudFwvdXBsb2Fkc1wvQ2FsYS1MdW5hLTEuanBnIn0%3D\" target=\"_blank\" rel=\"noopener\">\n\t\t\t\t\t\t\t<img loading=\"lazy\" decoding=\"async\" width=\"1200\" height=\"540\" src=\"https:\/\/www.yepsea.com\/wp-content\/uploads\/Cala-Luna-1.jpg\" class=\"attachment-large size-large wp-image-17821\" alt=\"\" \/>\t\t\t\t\t\t\t\t<\/a>\n\t\t\t\t\t\t\t\t\t\t\t<figcaption class=\"widget-image-caption wp-caption-text\">Cala Luna<\/figcaption>\n\t\t\t\t\t\t\t\t\t\t<\/figure>\n\t\t\t\t\t\t\t\t\t<\/div>\n\t\t\t\t<\/div>\n\t\t\t\t<div class=\"elementor-element elementor-element-66612d7 elementor-widget elementor-widget-heading\" data-id=\"66612d7\" data-element_type=\"widget\" data-widget_type=\"heading.default\">\n\t\t\t\t<div class=\"elementor-widget-container\">\n\t\t\t\t\t<h3 class=\"elementor-heading-title elementor-size-default\">A ne pas manquer : ce qu'il faut voir dans l'Ogliastra\n<\/h3>\t\t\t\t<\/div>\n\t\t\t\t<\/div>\n\t\t\t\t<div class=\"elementor-element elementor-element-0c1d545 elementor-widget elementor-widget-text-editor\" data-id=\"0c1d545\" data-element_type=\"widget\" data-widget_type=\"text-editor.default\">\n\t\t\t\t<div class=\"elementor-widget-container\">\n\t\t\t\t\t\t\t\t\t<p>Les attractions incontournables de l'Ogliastra sont les suivantes :<\/p><p>Les talons de l'Ogliastra<\/p><p>Cala La lune et ses grottes<\/p><p>La cascade de Sothai \u00e0 Villagrande Strisaili<\/p><p>Baunei et le plateau de Golgo<\/p>\t\t\t\t\t\t\t\t<\/div>\n\t\t\t\t<\/div>\n\t\t\t\t<div class=\"elementor-element elementor-element-bf0c54f elementor-widget elementor-widget-template\" data-id=\"bf0c54f\" data-element_type=\"widget\" data-widget_type=\"template.default\">\n\t\t\t\t<div class=\"elementor-widget-container\">\n\t\t\t\t\t\t\t<div class=\"elementor-template\">\n\t\t\t\t\t<div data-elementor-type=\"section\" data-elementor-id=\"26209\" class=\"elementor elementor-26209\" data-elementor-post-type=\"elementor_library\">\n\t\t\t\t\t<section class=\"elementor-section elementor-top-section elementor-element elementor-element-b7f1442 elementor-section-full_width elementor-section-height-default elementor-section-height-default\" data-id=\"b7f1442\" data-element_type=\"section\">\n\t\t\t\t\t\t<div class=\"elementor-container elementor-column-gap-default\">\n\t\t\t\t\t<div class=\"elementor-column elementor-col-100 elementor-top-column elementor-element elementor-element-ab32f36\" data-id=\"ab32f36\" data-element_type=\"column\">\n\t\t\t<div class=\"elementor-widget-wrap elementor-element-populated\">\n\t\t\t\t\t\t<div class=\"elementor-element elementor-element-b7b76b8 elementor-widget elementor-widget-button\" data-id=\"b7b76b8\" data-element_type=\"widget\" data-widget_type=\"button.default\">\n\t\t\t\t<div class=\"elementor-widget-container\">\n\t\t\t\t\t\t\t\t\t<div class=\"elementor-button-wrapper\">\n\t\t\t\t\t<a class=\"elementor-button elementor-size-sm\" role=\"button\">\n\t\t\t\t\t\t<span class=\"elementor-button-content-wrapper\">\n\t\t\t\t\t\t\t\t\t<span class=\"elementor-button-text\">voir les excursions dans le golfe d'Orosei<\/span>\n\t\t\t\t\t<\/span>\n\t\t\t\t\t<\/a>\n\t\t\t\t<\/div>\n\t\t\t\t\t\t\t\t<\/div>\n\t\t\t\t<\/div>\n\t\t\t\t\t<\/div>\n\t\t<\/div>\n\t\t\t\t\t<\/div>\n\t\t<\/section>\n\t\t\t\t<\/div>\n\t\t\t\t<\/div>\n\t\t\t\t\t\t<\/div>\n\t\t\t\t<\/div>\n\t\t\t\t\t<\/div>\n\t\t<\/div>\n\t\t\t\t\t<\/div>\n\t\t<\/section>\n\t\t\t\t<section class=\"elementor-section elementor-top-section elementor-element elementor-element-0c7582f elementor-section-boxed elementor-section-height-default elementor-section-height-default\" data-id=\"0c7582f\" data-element_type=\"section\">\n\t\t\t\t\t\t<div class=\"elementor-container elementor-column-gap-default\">\n\t\t\t\t\t<div class=\"elementor-column elementor-col-100 elementor-top-column elementor-element elementor-element-a7de99a\" data-id=\"a7de99a\" data-element_type=\"column\">\n\t\t\t<div class=\"elementor-widget-wrap elementor-element-populated\">\n\t\t\t\t\t\t<div class=\"elementor-element elementor-element-0621cdb elementor-widget elementor-widget-heading\" data-id=\"0621cdb\" data-element_type=\"widget\" data-widget_type=\"heading.default\">\n\t\t\t\t<div class=\"elementor-widget-container\">\n\t\t\t\t\t<h2 class=\"elementor-heading-title elementor-size-default\">Carte de la Sardaigne : toutes les sous-r\u00e9gions<\/h2>\t\t\t\t<\/div>\n\t\t\t\t<\/div>\n\t\t\t\t<div class=\"elementor-element elementor-element-0f7072c elementor-widget elementor-widget-text-editor\" data-id=\"0f7072c\" data-element_type=\"widget\" data-widget_type=\"text-editor.default\">\n\t\t\t\t<div class=\"elementor-widget-container\">\n\t\t\t\t\t\t\t\t\t<p>Voici la liste des sous-r\u00e9gions, par ordre alphab\u00e9tique : Anglona, Barbagia di Belvi, Barbagia di Nuoro et di Bitti, Barbagia di Ollolai, Barbagia di Se\u00f9lo, Barigadu, Le Baron\u00ece, Campidano di Cagliari, Campidano di Oristano, Gallura, Goceano, Logudoro Mandrolisai ou Barbagia di Mandrolisai, Marghine Marmilla, Logudoro Meilogu, Monreale ou Campidano di Sanluri, Logudoro Montacuto, Montiferru, Nurra, Ogliastra, Parte\u00f2lla, Planargia, Quirra, Romangia, Sarcidano, Sarrabus et Gerrei, Logudoro Turritano ou Sassarese, Sulcis et Iglesiente, Trexenta.<\/p>\t\t\t\t\t\t\t\t<\/div>\n\t\t\t\t<\/div>\n\t\t\t\t\t<\/div>\n\t\t<\/div>\n\t\t\t\t\t<\/div>\n\t\t<\/section>\n\t\t\t\t<\/div>","protected":false},"excerpt":{"rendered":"<p>Quelles sont les zones et les choses \u00e0 voir dans les sous-r\u00e9gions anciennes et historiques de la Sardaigne : Gallura, Barbagia, Ogliastra. Voici o\u00f9 elles se trouvent, les villages et la carte.<\/p>","protected":false},"author":2,"featured_media":17559,"parent":0,"comment_status":"open","ping_status":"closed","sticky":false,"template":"","format":"standard","meta":{"fifu_image_url":"","fifu_image_alt":"","footnotes":""},"categories":[19132],"tags":[],"class_list":["post-17557","post","type-post","status-publish","format-standard","has-post-thumbnail","hentry","category-destinazioni-sardegna"],"_links":{"self":[{"href":"https:\/\/www.yepsea.com\/fr\/wp-json\/wp\/v2\/posts\/17557","targetHints":{"allow":["GET"]}}],"collection":[{"href":"https:\/\/www.yepsea.com\/fr\/wp-json\/wp\/v2\/posts"}],"about":[{"href":"https:\/\/www.yepsea.com\/fr\/wp-json\/wp\/v2\/types\/post"}],"author":[{"embeddable":true,"href":"https:\/\/www.yepsea.com\/fr\/wp-json\/wp\/v2\/users\/2"}],"replies":[{"embeddable":true,"href":"https:\/\/www.yepsea.com\/fr\/wp-json\/wp\/v2\/comments?post=17557"}],"version-history":[{"count":0,"href":"https:\/\/www.yepsea.com\/fr\/wp-json\/wp\/v2\/posts\/17557\/revisions"}],"wp:featuredmedia":[{"embeddable":true,"href":"https:\/\/www.yepsea.com\/fr\/wp-json\/wp\/v2\/media\/17559"}],"wp:attachment":[{"href":"https:\/\/www.yepsea.com\/fr\/wp-json\/wp\/v2\/media?parent=17557"}],"wp:term":[{"taxonomy":"category","embeddable":true,"href":"https:\/\/www.yepsea.com\/fr\/wp-json\/wp\/v2\/categories?post=17557"},{"taxonomy":"post_tag","embeddable":true,"href":"https:\/\/www.yepsea.com\/fr\/wp-json\/wp\/v2\/tags?post=17557"}],"curies":[{"name":"wp","href":"https:\/\/api.w.org\/{rel}","templated":true}]}}