{"id":1681,"date":"2022-03-13T05:39:46","date_gmt":"2022-03-13T04:39:46","guid":{"rendered":"http:\/\/w-master-directory.com\/?p=1681"},"modified":"2025-07-23T16:27:07","modified_gmt":"2025-07-23T14:27:07","slug":"oliviers-de-luras-albers-vieux-de-4-000-ans","status":"publish","type":"post","link":"https:\/\/www.yepsea.com\/fr\/oliviers-de-luras-albers-vieux-de-4-000-ans\/","title":{"rendered":"Ulivi Millenari Di Luras : arbres vieux de 4000 ans"},"content":{"rendered":"<div data-elementor-type=\"wp-post\" data-elementor-id=\"1681\" class=\"elementor elementor-1681\" data-elementor-post-type=\"post\">\n\t\t\t\t\t\t<section class=\"elementor-section elementor-top-section elementor-element elementor-element-a9633f2 elementor-section-boxed elementor-section-height-default elementor-section-height-default\" data-id=\"a9633f2\" data-element_type=\"section\">\n\t\t\t\t\t\t<div class=\"elementor-container elementor-column-gap-default\">\n\t\t\t\t\t<div class=\"elementor-column elementor-col-100 elementor-top-column elementor-element elementor-element-5538da9\" data-id=\"5538da9\" data-element_type=\"column\">\n\t\t\t<div class=\"elementor-widget-wrap elementor-element-populated\">\n\t\t\t\t\t\t<div class=\"elementor-element elementor-element-f1276ad gallery-spacing-custom elementor-widget elementor-widget-image-gallery\" data-id=\"f1276ad\" data-element_type=\"widget\" data-widget_type=\"image-gallery.default\">\n\t\t\t\t<div class=\"elementor-widget-container\">\n\t\t\t\t\t\t\t<div class=\"elementor-image-gallery\">\n\t\t\t<div id='gallery-1' class='gallery galleryid-1681 gallery-columns-2 gallery-size-medium'><figure class='gallery-item'>\n\t\t\t<div class='gallery-icon landscape'>\n\t\t\t\t<a data-elementor-open-lightbox=\"yes\" data-elementor-lightbox-slideshow=\"f1276ad\" data-elementor-lightbox-title=\"Ulivi Millenari Costa Smeralda\" data-elementor-lightbox-description=\"Ulivo Millenario di Luras\" data-e-action-hash=\"#elementor-action%3Aaction%3Dlightbox%26settings%3DeyJpZCI6OTY5MCwidXJsIjoiaHR0cHM6XC9cL3d3dy55ZXBzZWEuY29tXC93cC1jb250ZW50XC91cGxvYWRzXC8yMDIyXC8wM1wvVWxpdmktTWlsbGVuYXJpLUNvc3RhLVNtZXJhbGRhLmpwZyIsInNsaWRlc2hvdyI6ImYxMjc2YWQifQ%3D%3D\" href='https:\/\/www.yepsea.com\/wp-content\/uploads\/2022\/03\/Ulivi-Millenari-Costa-Smeralda.jpg'><img fetchpriority=\"high\" width=\"1067\" height=\"800\" src=\"https:\/\/www.yepsea.com\/wp-content\/uploads\/2022\/03\/Ulivi-Millenari-Costa-Smeralda.jpg\" class=\"attachment-medium size-medium\" alt=\"\" aria-describedby=\"gallery-1-9690\" decoding=\"async\" \/><\/a>\n\t\t\t<\/div>\n\t\t\t\t<figcaption class='wp-caption-text gallery-caption' id='gallery-1-9690'>\n\t\t\t\tL'olivier mill\u00e9naire de Luras\n\t\t\t\t<\/figcaption><\/figure><figure class='gallery-item'>\n\t\t\t<div class='gallery-icon landscape'>\n\t\t\t\t<a data-elementor-open-lightbox=\"yes\" data-elementor-lightbox-slideshow=\"f1276ad\" data-elementor-lightbox-title=\"Ulivo Secolare\" data-elementor-lightbox-description=\"Albero Monumentale Luras\" data-e-action-hash=\"#elementor-action%3Aaction%3Dlightbox%26settings%3DeyJpZCI6OTcxMCwidXJsIjoiaHR0cHM6XC9cL3d3dy55ZXBzZWEuY29tXC93cC1jb250ZW50XC91cGxvYWRzXC8yMDIyXC8wM1wvVWxpdm8tU2Vjb2xhcmUuanBnIiwic2xpZGVzaG93IjoiZjEyNzZhZCJ9\" href='https:\/\/www.yepsea.com\/wp-content\/uploads\/2022\/03\/Ulivo-Secolare.jpg'><img width=\"1067\" height=\"800\" src=\"https:\/\/www.yepsea.com\/wp-content\/uploads\/2022\/03\/Ulivo-Secolare.jpg\" class=\"attachment-medium size-medium\" alt=\"\" aria-describedby=\"gallery-1-9710\" decoding=\"async\" \/><\/a>\n\t\t\t<\/div>\n\t\t\t\t<figcaption class='wp-caption-text gallery-caption' id='gallery-1-9710'>\n\t\t\t\tArbre monumental Luras\n\t\t\t\t<\/figcaption><\/figure>\n\t\t<\/div>\n\t\t<\/div>\n\t\t\t\t\t\t<\/div>\n\t\t\t\t<\/div>\n\t\t\t\t<div class=\"elementor-element elementor-element-8aa0156 elementor-widget elementor-widget-heading\" data-id=\"8aa0156\" data-element_type=\"widget\" data-widget_type=\"heading.default\">\n\t\t\t\t<div class=\"elementor-widget-container\">\n\t\t\t\t\t<h2 class=\"elementor-heading-title elementor-size-default\">Ulivi Millenari Luras : arbres monumentaux en Sardaigne<\/h2>\t\t\t\t<\/div>\n\t\t\t\t<\/div>\n\t\t\t\t<div class=\"elementor-element elementor-element-b01bfd5 elementor-widget elementor-widget-text-editor\" data-id=\"b01bfd5\" data-element_type=\"widget\" data-widget_type=\"text-editor.default\">\n\t\t\t\t<div class=\"elementor-widget-container\">\n\t\t\t\t\t\t\t\t\t<p>\u00c0 seulement une demi-heure de route d'Olbia et de son littoral, vous pouvez d\u00e9couvrir un autre aspect merveilleux de la Sardaigne. Luras, petit village situ\u00e9 au c\u0153ur de la Gallura verte, entre Bassacutena, Luogosanto, Calangianus et Sant'Antonio di Gallura, abrite des arbres monumentaux qui sont<strong> les magnifiques oliviers mill\u00e9naires<\/strong>.<\/p><p>En Sardaigne, les oliviers sont des arbres tr\u00e8s communs qui peuvent \u00eatre compt\u00e9s parmi les esp\u00e8ces les plus r\u00e9pandues. <a title=\"plantes typiques de la Sardaigne\" href=\"https:\/\/yepsea.com\/12-piante-tipiche-della-sardegna-tra-poesia-e-fotografia\/\" target=\"_blank\" rel=\"noopener\">plantes typiques de la Sardaigne<\/a>. Il s'agit de <strong>oliviers sauvages<\/strong> g\u00e9n\u00e9ralement de hauteur moyenne, avec de jeunes branches gr\u00eales et des fruits qui ne conviennent pas \u00e0 la production d'huile.<\/p><p>Les oliviers sont g\u00e9n\u00e9ralement des plantes tr\u00e8s vivaces, mais les Olivastri Millenari de Luras pr\u00e9sentent des caract\u00e9ristiques vraiment incroyables et sont en fait parmi les plus anciens oliviers du monde. <strong>les plus vieux arbres du monde<\/strong><\/p>\t\t\t\t\t\t\t\t<\/div>\n\t\t\t\t<\/div>\n\t\t\t\t<div class=\"elementor-element elementor-element-d154afa gallery-spacing-custom elementor-widget elementor-widget-image-gallery\" data-id=\"d154afa\" data-element_type=\"widget\" data-widget_type=\"image-gallery.default\">\n\t\t\t\t<div class=\"elementor-widget-container\">\n\t\t\t\t\t\t\t<div class=\"elementor-image-gallery\">\n\t\t\t<div id='gallery-2' class='gallery galleryid-1681 gallery-columns-2 gallery-size-medium'><figure class='gallery-item'>\n\t\t\t<div class='gallery-icon landscape'>\n\t\t\t\t<a data-elementor-open-lightbox=\"yes\" data-elementor-lightbox-slideshow=\"d154afa\" data-elementor-lightbox-title=\"Olivastri Millenari Sardegna\" data-elementor-lightbox-description=\"Ulivi Alberi Monumentali\" data-e-action-hash=\"#elementor-action%3Aaction%3Dlightbox%26settings%3DeyJpZCI6OTcxNiwidXJsIjoiaHR0cHM6XC9cL3d3dy55ZXBzZWEuY29tXC93cC1jb250ZW50XC91cGxvYWRzXC8yMDIyXC8wM1wvT2xpdmFzdHJpLU1pbGxlbmFyaS1TYXJkZWduYS5qcGciLCJzbGlkZXNob3ciOiJkMTU0YWZhIn0%3D\" href=\"https:\/\/www.yepsea.com\/wp-content\/uploads\/2022\/03\/Olivastri-Millenari-Sardegna.jpg\"><img width=\"1200\" height=\"675\" src=\"https:\/\/www.yepsea.com\/wp-content\/uploads\/2022\/03\/Olivastri-Millenari-Sardegna.jpg\" class=\"attachment-medium size-medium\" alt=\"\" aria-describedby=\"gallery-2-9716\" decoding=\"async\" \/><\/a>\n\t\t\t<\/div>\n\t\t\t\t<figcaption class='wp-caption-text gallery-caption' id='gallery-2-9716'>\n\t\t\t\tOliviers Arbres monumentaux\n\t\t\t\t<\/figcaption><\/figure><figure class='gallery-item'>\n\t\t\t<div class='gallery-icon landscape'>\n\t\t\t\t<a data-elementor-open-lightbox=\"yes\" data-elementor-lightbox-slideshow=\"d154afa\" data-elementor-lightbox-title=\"Alberi secolari Sardegna\" data-elementor-lightbox-description=\"Chioma Albero Monumentale\" data-e-action-hash=\"#elementor-action%3Aaction%3Dlightbox%26settings%3DeyJpZCI6OTcwNywidXJsIjoiaHR0cHM6XC9cL3d3dy55ZXBzZWEuY29tXC93cC1jb250ZW50XC91cGxvYWRzXC8yMDIyXC8wM1wvQWxiZXJpLXNlY29sYXJpLVNhcmRlZ25hLmpwZyIsInNsaWRlc2hvdyI6ImQxNTRhZmEifQ%3D%3D\" href=\"https:\/\/www.yepsea.com\/wp-content\/uploads\/2022\/03\/Alberi-secolari-Sardegna.jpg\"><img loading=\"lazy\" width=\"1200\" height=\"675\" src=\"https:\/\/www.yepsea.com\/wp-content\/uploads\/2022\/03\/Alberi-secolari-Sardegna.jpg\" class=\"attachment-medium size-medium\" alt=\"\" aria-describedby=\"gallery-2-9707\" decoding=\"async\" \/><\/a>\n\t\t\t<\/div>\n\t\t\t\t<figcaption class='wp-caption-text gallery-caption' id='gallery-2-9707'>\n\t\t\t\tCanop\u00e9e d'un arbre monumental\n\t\t\t\t<\/figcaption><\/figure>\n\t\t<\/div>\n\t\t<\/div>\n\t\t\t\t\t\t<\/div>\n\t\t\t\t<\/div>\n\t\t\t\t\t<\/div>\n\t\t<\/div>\n\t\t\t\t\t<\/div>\n\t\t<\/section>\n\t\t\t\t<section class=\"elementor-section elementor-top-section elementor-element elementor-element-217ebfbe elementor-section-boxed elementor-section-height-default elementor-section-height-default\" data-id=\"217ebfbe\" data-element_type=\"section\">\n\t\t\t\t\t\t<div class=\"elementor-container elementor-column-gap-default\">\n\t\t\t\t\t<div class=\"elementor-column elementor-col-100 elementor-top-column elementor-element elementor-element-10ae1625\" data-id=\"10ae1625\" data-element_type=\"column\">\n\t\t\t<div class=\"elementor-widget-wrap elementor-element-populated\">\n\t\t\t\t\t\t<div class=\"elementor-element elementor-element-70f404e elementor-widget elementor-widget-heading\" data-id=\"70f404e\" data-element_type=\"widget\" data-widget_type=\"heading.default\">\n\t\t\t\t<div class=\"elementor-widget-container\">\n\t\t\t\t\t<h2 class=\"elementor-heading-title elementor-size-default\">Oliviers mill\u00e9naires : S'Ozzastru, Le S\u00e9nateur<\/h2>\t\t\t\t<\/div>\n\t\t\t\t<\/div>\n\t\t\t\t<div class=\"elementor-element elementor-element-14447a24 elementor-widget elementor-widget-text-editor\" data-id=\"14447a24\" data-element_type=\"widget\" data-widget_type=\"text-editor.default\">\n\t\t\t\t<div class=\"elementor-widget-container\">\n\t\t\t\t\t\t\t\t\t<p>A Luras, dans la r\u00e9gion de Carana (Karana), pr\u00e8s du barrage de Liscia, se trouve S'Ozzastru - l'olivier -. <strong>l'un des 20 plus anciens arbres d'Italie, l'un des plus anciens arbres d'Europe et du monde<\/strong>.<\/p><p>. L'olivier sauvage mill\u00e9naire est un v\u00e9ritable s\u00e9nateur, un monument naturel tr\u00e8s important et d'une rare beaut\u00e9. Les experts datent la naissance de cet arbre entre 3000 et 4000 ans.<\/p><p>Hauteur : environ 14 m\u00e8tres<br \/>Circonf\u00e9rence : environ 19 m\u00e8tres<br \/>Canopy : environ 600 m2 de surface<\/p><p>Non loin de ce patriarche se trouve un autre olivier mill\u00e9naire, dont l'\u00e2ge est estim\u00e9 \u00e0 environ 2000 ans. Son feuillage cr\u00e9e <strong>une v\u00e9ritable for\u00eat miniature<\/strong>un lieu magique hors du temps.<\/p>\t\t\t\t\t\t\t\t<\/div>\n\t\t\t\t<\/div>\n\t\t\t\t<div class=\"elementor-element elementor-element-144238b gallery-spacing-custom elementor-widget elementor-widget-image-gallery\" data-id=\"144238b\" data-element_type=\"widget\" data-widget_type=\"image-gallery.default\">\n\t\t\t\t<div class=\"elementor-widget-container\">\n\t\t\t\t\t\t\t<div class=\"elementor-image-gallery\">\n\t\t\t<div id='gallery-3' class='gallery galleryid-1681 gallery-columns-1 gallery-size-medium'><figure class='gallery-item'>\n\t\t\t<div class='gallery-icon landscape'>\n\t\t\t\t<a data-elementor-open-lightbox=\"yes\" data-elementor-lightbox-slideshow=\"144238b\" data-elementor-lightbox-title=\"Luras Gli Ulivi Millenari\" data-elementor-lightbox-description=\"Luras Gli Ulivi Millenari\" data-e-action-hash=\"#elementor-action%3Aaction%3Dlightbox%26settings%3DeyJpZCI6OTY2OSwidXJsIjoiaHR0cHM6XC9cL3d3dy55ZXBzZWEuY29tXC93cC1jb250ZW50XC91cGxvYWRzXC8yMDIwXC8wN1wvTHVyYXMtR2xpLVVsaXZpLU1pbGxlbmFyaS5qcGciLCJzbGlkZXNob3ciOiIxNDQyMzhiIn0%3D\" href=\"https:\/\/www.yepsea.com\/wp-content\/uploads\/2020\/07\/Luras-Gli-Ulivi-Millenari.jpg\"><img loading=\"lazy\" width=\"1200\" height=\"675\" src=\"https:\/\/www.yepsea.com\/wp-content\/uploads\/2020\/07\/Luras-Gli-Ulivi-Millenari.jpg\" class=\"attachment-medium size-medium\" alt=\"Luras Les oliviers mill\u00e9naires\" aria-describedby=\"gallery-3-9669\" decoding=\"async\" \/><\/a>\n\t\t\t<\/div>\n\t\t\t\t<figcaption class='wp-caption-text gallery-caption' id='gallery-3-9669'>\n\t\t\t\tLuras Les oliviers mill\u00e9naires\n\t\t\t\t<\/figcaption><\/figure><figure class='gallery-item'>\n\t\t\t<div class='gallery-icon portrait'>\n\t\t\t\t<a data-elementor-open-lightbox=\"yes\" data-elementor-lightbox-slideshow=\"144238b\" data-elementor-lightbox-title=\"Alberi Monumentali in Sardegna. Gli Ulivi Millenari di Luras vicino Olbia\" data-elementor-lightbox-description=\"Alberi Monumentali in Sardegna. Gli Ulivi Millenari di Luras vicino Olbia\" data-e-action-hash=\"#elementor-action%3Aaction%3Dlightbox%26settings%3DeyJpZCI6OTc0NiwidXJsIjoiaHR0cHM6XC9cL3d3dy55ZXBzZWEuY29tXC93cC1jb250ZW50XC91cGxvYWRzXC8yMDIyXC8wM1wvR2FsbHVyYS1VbGl2aS1MdXJhcy5qcGciLCJzbGlkZXNob3ciOiIxNDQyMzhiIn0%3D\" href=\"https:\/\/www.yepsea.com\/wp-content\/uploads\/2022\/03\/Gallura-Ulivi-Luras.jpg\"><img loading=\"lazy\" width=\"450\" height=\"800\" src=\"https:\/\/www.yepsea.com\/wp-content\/uploads\/2022\/03\/Gallura-Ulivi-Luras.jpg\" class=\"attachment-medium size-medium\" alt=\"Arbres monumentaux en Sardaigne. Les oliviers anciens de Luras pr\u00e8s d&#039;Olbia\" aria-describedby=\"gallery-3-9746\" decoding=\"async\" \/><\/a>\n\t\t\t<\/div>\n\t\t\t\t<figcaption class='wp-caption-text gallery-caption' id='gallery-3-9746'>\n\t\t\t\tArbres monumentaux en Sardaigne. Les oliviers anciens de Luras pr\u00e8s d'Olbia\n\t\t\t\t<\/figcaption><\/figure>\n\t\t<\/div>\n\t\t<\/div>\n\t\t\t\t\t\t<\/div>\n\t\t\t\t<\/div>\n\t\t\t\t\t<\/div>\n\t\t<\/div>\n\t\t\t\t\t<\/div>\n\t\t<\/section>\n\t\t\t\t<section class=\"elementor-section elementor-top-section elementor-element elementor-element-bde9b94 elementor-section-boxed elementor-section-height-default elementor-section-height-default\" data-id=\"bde9b94\" data-element_type=\"section\">\n\t\t\t\t\t\t<div class=\"elementor-container elementor-column-gap-default\">\n\t\t\t\t\t<div class=\"elementor-column elementor-col-100 elementor-top-column elementor-element elementor-element-b28c338\" data-id=\"b28c338\" data-element_type=\"column\">\n\t\t\t<div class=\"elementor-widget-wrap elementor-element-populated\">\n\t\t\t\t\t\t<div class=\"elementor-element elementor-element-e143836 elementor-widget elementor-widget-heading\" data-id=\"e143836\" data-element_type=\"widget\" data-widget_type=\"heading.default\">\n\t\t\t\t<div class=\"elementor-widget-container\">\n\t\t\t\t\t<h2 class=\"elementor-heading-title elementor-size-default\">Le parc des oliviers mill\u00e9naires<\/h2>\t\t\t\t<\/div>\n\t\t\t\t<\/div>\n\t\t\t\t<div class=\"elementor-element elementor-element-a1a01a9 elementor-widget elementor-widget-text-editor\" data-id=\"a1a01a9\" data-element_type=\"widget\" data-widget_type=\"text-editor.default\">\n\t\t\t\t<div class=\"elementor-widget-container\">\n\t\t\t\t\t\t\t\t\t<p>Le site <strong>le parc o\u00f9 r\u00e9sident les oliviers mill\u00e9naires est gard\u00e9, soign\u00e9 et entretenu<\/strong>. Des cl\u00f4tures ont \u00e9t\u00e9 install\u00e9es pour d\u00e9limiter les zones sensibles et pr\u00e9server les arbres. On peut lire dans l'infographie sur le site :<\/p>\t\t\t\t\t\t\t\t<\/div>\n\t\t\t\t<\/div>\n\t\t\t\t<div class=\"elementor-element elementor-element-9541a58 elementor-blockquote--skin-quotation elementor-widget elementor-widget-blockquote\" data-id=\"9541a58\" data-element_type=\"widget\" data-widget_type=\"blockquote.default\">\n\t\t\t\t<div class=\"elementor-widget-container\">\n\t\t\t\t\t\t\t<blockquote class=\"elementor-blockquote\">\n\t\t\t<p class=\"elementor-blockquote__content\">\n\t\t\t\t<strong>Le patriarche vert<\/strong><br><br>\nT\u00e9moins mill\u00e9naires du paysage s\u00e9v\u00e8re, les oliviers mill\u00e9naires ont observ\u00e9 silencieusement le passage de l'histoire et certainement la construction de la proche \u00e9glise de San Bartolomeo, Santu Baltolu di Karana.<br><br>\n\nIl s'agit d'oliviers sauvages s\u00e9culaires (Olea oleaster ou Olea europaea var. Sylvestris), dont le vert \"Patriarche\" (s'ozzastru en sarde), \u00e9galement connu comme l'arbre le plus ancien d'Italie, qui a \u00e9t\u00e9 d\u00e9clar\u00e9 monument naturel et inscrit en 1991 par d\u00e9cret minist\u00e9riel pour la r\u00e9gion de Sardaigne dans la liste des \"vingt arbres s\u00e9culaires d'Italie\".<br><br>\n\nLe patriarche mesure 14 m\u00e8tres de hauteur, 18 m\u00e8tres et 60 cm de circonf\u00e9rence du tronc \u00e0 la base, 11 m\u00e8tres et 16 cm de circonf\u00e9rence du tronc \u00e0 un m\u00e8tre et trente centim\u00e8tres ; le feuillage couvre 600 m\u00e8tres carr\u00e9s.<br><br>\nSon \u00e2ge, selon certains experts, est estim\u00e9 entre 3.00 et 4.00 ans, ce qui en fait l'un des plus vieux arbres d'Europe.<br><br>\nDu c\u0153ur noueux du tronc, de longues racines \u00e9merg\u00e9es fixent fermement le g\u00e9ant vert au sol. Le feuillage irr\u00e9gulier recouvre le sol d'un c\u00f4t\u00e9 et s'\u00e9l\u00e8ve de l'autre, comme s'il contemplait le magnifique panorama du lac Liscia.<br><br>\nUn second olivier, \u00e2g\u00e9 de plus de 2 000 ans, mesure 8 m de haut, 1315 cm au collet, 820 cm \u00e0 1,30 m (apd).<br><br>\nLe groupe des centenaires est compl\u00e9t\u00e9 par une autre plante \u00e2g\u00e9e de plus de cinq si\u00e8cles.<br><br>\n\t\t\t<\/p>\n\t\t\t\t\t<\/blockquote>\n\t\t\t\t\t\t<\/div>\n\t\t\t\t<\/div>\n\t\t\t\t<div class=\"elementor-element elementor-element-fe7c4e5 gallery-spacing-custom elementor-widget elementor-widget-image-gallery\" data-id=\"fe7c4e5\" data-element_type=\"widget\" data-widget_type=\"image-gallery.default\">\n\t\t\t\t<div class=\"elementor-widget-container\">\n\t\t\t\t\t\t\t<div class=\"elementor-image-gallery\">\n\t\t\t<div id='gallery-4' class='gallery galleryid-1681 gallery-columns-2 gallery-size-medium'><figure class='gallery-item'>\n\t\t\t<div class='gallery-icon portrait'>\n\t\t\t\t<a data-elementor-open-lightbox=\"yes\" data-elementor-lightbox-slideshow=\"fe7c4e5\" data-elementor-lightbox-title=\"Infografica Ulivi Millenari Luras\" data-elementor-lightbox-description=\"Cartellone informativo Parco degli Ulivi\" data-e-action-hash=\"#elementor-action%3Aaction%3Dlightbox%26settings%3DeyJpZCI6OTY3OSwidXJsIjoiaHR0cHM6XC9cL3d3dy55ZXBzZWEuY29tXC93cC1jb250ZW50XC91cGxvYWRzXC8yMDIyXC8wM1wvSW5mb2dyYWZpY2EtVWxpdmktTWlsbGVuYXJpLUx1cmFzLXJvdGF0ZWQuanBnIiwic2xpZGVzaG93IjoiZmU3YzRlNSJ9\" href=\"https:\/\/www.yepsea.com\/wp-content\/uploads\/2022\/03\/Infografica-Ulivi-Millenari-Luras-rotated.jpg\"><img loading=\"lazy\" width=\"800\" height=\"1067\" src=\"https:\/\/www.yepsea.com\/wp-content\/uploads\/2022\/03\/Infografica-Ulivi-Millenari-Luras-rotated.jpg\" class=\"attachment-medium size-medium\" alt=\"\" aria-describedby=\"gallery-4-9679\" decoding=\"async\" \/><\/a>\n\t\t\t<\/div>\n\t\t\t\t<figcaption class='wp-caption-text gallery-caption' id='gallery-4-9679'>\n\t\t\t\tAffiche d'information sur le parc Olive\n\t\t\t\t<\/figcaption><\/figure><figure class='gallery-item'>\n\t\t\t<div class='gallery-icon portrait'>\n\t\t\t\t<a data-elementor-open-lightbox=\"yes\" data-elementor-lightbox-slideshow=\"fe7c4e5\" data-elementor-lightbox-title=\"Ulivo Millenario Sardegna\" data-elementor-lightbox-description=\"Ulivo Monumentale in Sardegna\" data-e-action-hash=\"#elementor-action%3Aaction%3Dlightbox%26settings%3DeyJpZCI6OTY4MCwidXJsIjoiaHR0cHM6XC9cL3d3dy55ZXBzZWEuY29tXC93cC1jb250ZW50XC91cGxvYWRzXC8yMDIyXC8wM1wvVWxpdm8tTWlsbGVuYXJpby1TYXJkZWduYS1yb3RhdGVkLmpwZyIsInNsaWRlc2hvdyI6ImZlN2M0ZTUifQ%3D%3D\" href=\"https:\/\/www.yepsea.com\/wp-content\/uploads\/2022\/03\/Ulivo-Millenario-Sardegna-rotated.jpg\"><img loading=\"lazy\" width=\"800\" height=\"1067\" src=\"https:\/\/www.yepsea.com\/wp-content\/uploads\/2022\/03\/Ulivo-Millenario-Sardegna-rotated.jpg\" class=\"attachment-medium size-medium\" alt=\"\" aria-describedby=\"gallery-4-9680\" decoding=\"async\" \/><\/a>\n\t\t\t<\/div>\n\t\t\t\t<figcaption class='wp-caption-text gallery-caption' id='gallery-4-9680'>\n\t\t\t\tUn olivier monumental en Sardaigne\n\t\t\t\t<\/figcaption><\/figure>\n\t\t<\/div>\n\t\t<\/div>\n\t\t\t\t\t\t<\/div>\n\t\t\t\t<\/div>\n\t\t\t\t\t<\/div>\n\t\t<\/div>\n\t\t\t\t\t<\/div>\n\t\t<\/section>\n\t\t\t\t<section class=\"elementor-section elementor-top-section elementor-element elementor-element-a0c0aec elementor-section-boxed elementor-section-height-default elementor-section-height-default\" data-id=\"a0c0aec\" data-element_type=\"section\">\n\t\t\t\t\t\t<div class=\"elementor-container elementor-column-gap-default\">\n\t\t\t\t\t<div class=\"elementor-column elementor-col-100 elementor-top-column elementor-element elementor-element-f2da73f\" data-id=\"f2da73f\" data-element_type=\"column\">\n\t\t\t<div class=\"elementor-widget-wrap elementor-element-populated\">\n\t\t\t\t\t\t<div class=\"elementor-element elementor-element-ac802e7 elementor-widget elementor-widget-heading\" data-id=\"ac802e7\" data-element_type=\"widget\" data-widget_type=\"heading.default\">\n\t\t\t\t<div class=\"elementor-widget-container\">\n\t\t\t\t\t<h2 class=\"elementor-heading-title elementor-size-default\">Lacs en Sardaigne<\/h2>\t\t\t\t<\/div>\n\t\t\t\t<\/div>\n\t\t\t\t<div class=\"elementor-element elementor-element-2b45907 elementor-widget elementor-widget-text-editor\" data-id=\"2b45907\" data-element_type=\"widget\" data-widget_type=\"text-editor.default\">\n\t\t\t\t<div class=\"elementor-widget-container\">\n\t\t\t\t\t\t\t\t\t<p>Les lacs de Sardaigne sont principalement constitu\u00e9s de <strong>origine artificielle<\/strong>\u00e0 l'exception du lac Baratz, un lac naturel situ\u00e9 dans la Nurra di Sassari.<\/p><p>Il y a \u00e9galement des petits lacs dans <strong>caract\u00e8re saisonnier<\/strong> qui sont cr\u00e9\u00e9s \u00e0 partir de bassins versants par les eaux de pluie et sont donc aliment\u00e9s exclusivement par les pr\u00e9cipitations.<\/p><p>Certains des <strong>Les lacs les plus importants de Sardaigne<\/strong> sont :<\/p><ul><li><span style=\"font-family: var(--font-body);\">lac de Baratz - province de Sassari<\/span><\/li><li>Lac Coghinas - Province de Sassari<\/li><li>Lac Mulargia - province de Nuoro et sud de la Sardaigne<\/li><li>Lac Omodeo - dans la province d'Oristano<\/li><li>Lac Liscia - province de Sassari<\/li><\/ul>\t\t\t\t\t\t\t\t<\/div>\n\t\t\t\t<\/div>\n\t\t\t\t<div class=\"elementor-element elementor-element-b9c21fd gallery-spacing-custom elementor-widget elementor-widget-image-gallery\" data-id=\"b9c21fd\" data-element_type=\"widget\" data-widget_type=\"image-gallery.default\">\n\t\t\t\t<div class=\"elementor-widget-container\">\n\t\t\t\t\t\t\t<div class=\"elementor-image-gallery\">\n\t\t\t<div id='gallery-5' class='gallery galleryid-1681 gallery-columns-2 gallery-size-medium'><figure class='gallery-item'>\n\t\t\t<div class='gallery-icon landscape'>\n\t\t\t\t<a data-elementor-open-lightbox=\"yes\" data-elementor-lightbox-slideshow=\"b9c21fd\" data-elementor-lightbox-title=\"Sardegna Lago Liscia\" data-elementor-lightbox-description=\"Belvedere panoramico Lago Liscia\" data-e-action-hash=\"#elementor-action%3Aaction%3Dlightbox%26settings%3DeyJpZCI6OTc2NiwidXJsIjoiaHR0cHM6XC9cL3d3dy55ZXBzZWEuY29tXC93cC1jb250ZW50XC91cGxvYWRzXC8yMDIyXC8wM1wvU2FyZGVnbmEtTGFnby1MaXNjaWEuanBnIiwic2xpZGVzaG93IjoiYjljMjFmZCJ9\" href=\"https:\/\/www.yepsea.com\/wp-content\/uploads\/2022\/03\/Sardegna-Lago-Liscia.jpg\"><img loading=\"lazy\" width=\"1067\" height=\"800\" src=\"https:\/\/www.yepsea.com\/wp-content\/uploads\/2022\/03\/Sardegna-Lago-Liscia.jpg\" class=\"attachment-medium size-medium\" alt=\"\" aria-describedby=\"gallery-5-9766\" decoding=\"async\" \/><\/a>\n\t\t\t<\/div>\n\t\t\t\t<figcaption class='wp-caption-text gallery-caption' id='gallery-5-9766'>\n\t\t\t\tPoint de vue panoramique du lac Liscia\n\t\t\t\t<\/figcaption><\/figure><figure class='gallery-item'>\n\t\t\t<div class='gallery-icon landscape'>\n\t\t\t\t<a data-elementor-open-lightbox=\"yes\" data-elementor-lightbox-slideshow=\"b9c21fd\" data-elementor-lightbox-title=\"Diga Lago Liscia Sardegna\" data-elementor-lightbox-description=\"Diga su Lago di Liscia\" data-e-action-hash=\"#elementor-action%3Aaction%3Dlightbox%26settings%3DeyJpZCI6OTc5MiwidXJsIjoiaHR0cHM6XC9cL3d3dy55ZXBzZWEuY29tXC93cC1jb250ZW50XC91cGxvYWRzXC8yMDIyXC8wM1wvRGlnYS1MYWdvLUxpc2NpYS1TYXJkZWduYS5qcGciLCJzbGlkZXNob3ciOiJiOWMyMWZkIn0%3D\" href=\"https:\/\/www.yepsea.com\/wp-content\/uploads\/2022\/03\/Diga-Lago-Liscia-Sardegna.jpg\"><img loading=\"lazy\" width=\"1067\" height=\"800\" src=\"https:\/\/www.yepsea.com\/wp-content\/uploads\/2022\/03\/Diga-Lago-Liscia-Sardegna.jpg\" class=\"attachment-medium size-medium\" alt=\"\" aria-describedby=\"gallery-5-9792\" decoding=\"async\" \/><\/a>\n\t\t\t<\/div>\n\t\t\t\t<figcaption class='wp-caption-text gallery-caption' id='gallery-5-9792'>\n\t\t\t\tBarrage sur le lac Liscia\n\t\t\t\t<\/figcaption><\/figure>\n\t\t<\/div>\n\t\t<\/div>\n\t\t\t\t\t\t<\/div>\n\t\t\t\t<\/div>\n\t\t\t\t\t<\/div>\n\t\t<\/div>\n\t\t\t\t\t<\/div>\n\t\t<\/section>\n\t\t\t\t<section class=\"elementor-section elementor-top-section elementor-element elementor-element-67fd575 elementor-section-boxed elementor-section-height-default elementor-section-height-default\" data-id=\"67fd575\" data-element_type=\"section\">\n\t\t\t\t\t\t<div class=\"elementor-container elementor-column-gap-default\">\n\t\t\t\t\t<div class=\"elementor-column elementor-col-100 elementor-top-column elementor-element elementor-element-958ee4f\" data-id=\"958ee4f\" data-element_type=\"column\">\n\t\t\t<div class=\"elementor-widget-wrap elementor-element-populated\">\n\t\t\t\t\t\t<div class=\"elementor-element elementor-element-ac17c8b elementor-widget elementor-widget-heading\" data-id=\"ac17c8b\" data-element_type=\"widget\" data-widget_type=\"heading.default\">\n\t\t\t\t<div class=\"elementor-widget-container\">\n\t\t\t\t\t<h2 class=\"elementor-heading-title elementor-size-default\">Lac Liscia<\/h2>\t\t\t\t<\/div>\n\t\t\t\t<\/div>\n\t\t\t\t<div class=\"elementor-element elementor-element-7081929 elementor-widget elementor-widget-text-editor\" data-id=\"7081929\" data-element_type=\"widget\" data-widget_type=\"text-editor.default\">\n\t\t\t\t<div class=\"elementor-widget-container\">\n\t\t\t\t\t\t\t\t\t<p>Le lac de Liscia est un bassin artificiel situ\u00e9 en Gallura entre les municipalit\u00e9s de Luras, Sant'Antonio di Gallura, Arzachena, Calangianus et Luogosanto, <strong>totalement entour\u00e9 de verdure et de rochers de la Gallura <\/strong>de <a title=\"zone nord de la Sardaigne\" href=\"https:\/\/yepsea.com\/da-vedere\/sardegna-del-nord\/\" target=\"_blank\" rel=\"noopener\">zone nord de la Sardaigne<\/a>.<\/p><p>Le lac est form\u00e9 par le barrage de la rivi\u00e8re Liscia, qui prend sa source sur le mont San Giorgio et s'\u00e9coule avec son large delta en face de l'\u00eele de S\u00e9ville.<a href=\"https:\/\/yepsea.com\/la-maddalena-arcipelago-cosa-fare\/\" target=\"_blank\" rel=\"noopener\">La Maddalena (Archipel de)<\/a>.<\/p><p>Le lac Liscia est bien connu en Sardaigne pour la beaut\u00e9 de ses paysages, et il est possible de faire une excursion en bateau pour admirer ses rives, son barrage et sa v\u00e9g\u00e9tation. <strong>Le barrage de Liscia garantit l'approvisionnement en eau de toute la Gallura.<\/strong> \u00e0 Olbia et <a title=\"Golfo Aranci\" href=\"https:\/\/yepsea.com\/da-vedere\/golfo-aranci\/\" target=\"_blank\" rel=\"noopener\">Golfo Aranci<\/a>.<\/p>\t\t\t\t\t\t\t\t<\/div>\n\t\t\t\t<\/div>\n\t\t\t\t<div class=\"elementor-element elementor-element-f33116d gallery-spacing-custom elementor-widget elementor-widget-image-gallery\" data-id=\"f33116d\" data-element_type=\"widget\" data-widget_type=\"image-gallery.default\">\n\t\t\t\t<div class=\"elementor-widget-container\">\n\t\t\t\t\t\t\t<div class=\"elementor-image-gallery\">\n\t\t\t<div id='gallery-6' class='gallery galleryid-1681 gallery-columns-2 gallery-size-medium'><figure class='gallery-item'>\n\t\t\t<div class='gallery-icon landscape'>\n\t\t\t\t<a data-elementor-open-lightbox=\"yes\" data-elementor-lightbox-slideshow=\"f33116d\" data-elementor-lightbox-title=\"Ingresso Diga Liscia Sardegna\" data-elementor-lightbox-description=\"Ingresso diga del Liscia\" data-e-action-hash=\"#elementor-action%3Aaction%3Dlightbox%26settings%3DeyJpZCI6OTc3MSwidXJsIjoiaHR0cHM6XC9cL3d3dy55ZXBzZWEuY29tXC93cC1jb250ZW50XC91cGxvYWRzXC8yMDIyXC8wM1wvSW5ncmVzc28tRGlnYS1MaXNjaWEtU2FyZGVnbmEuanBnIiwic2xpZGVzaG93IjoiZjMzMTE2ZCJ9\" href=\"https:\/\/www.yepsea.com\/wp-content\/uploads\/2022\/03\/Ingresso-Diga-Liscia-Sardegna.jpg\"><img loading=\"lazy\" width=\"1067\" height=\"800\" src=\"https:\/\/www.yepsea.com\/wp-content\/uploads\/2022\/03\/Ingresso-Diga-Liscia-Sardegna.jpg\" class=\"attachment-medium size-medium\" alt=\"\" aria-describedby=\"gallery-6-9771\" decoding=\"async\" \/><\/a>\n\t\t\t<\/div>\n\t\t\t\t<figcaption class='wp-caption-text gallery-caption' id='gallery-6-9771'>\n\t\t\t\tEntr\u00e9e du barrage de Liscia\n\t\t\t\t<\/figcaption><\/figure><figure class='gallery-item'>\n\t\t\t<div class='gallery-icon landscape'>\n\t\t\t\t<a data-elementor-open-lightbox=\"yes\" data-elementor-lightbox-slideshow=\"f33116d\" data-elementor-lightbox-title=\"Ingresso Diga Liscia Sardegna Luras\" data-elementor-lightbox-description=\"Camminamento sopra la diga\" data-e-action-hash=\"#elementor-action%3Aaction%3Dlightbox%26settings%3DeyJpZCI6OTc5OCwidXJsIjoiaHR0cHM6XC9cL3d3dy55ZXBzZWEuY29tXC93cC1jb250ZW50XC91cGxvYWRzXC8yMDIyXC8wM1wvSW5ncmVzc28tRGlnYS1MaXNjaWEtU2FyZGVnbmEtTHVyYXMuanBnIiwic2xpZGVzaG93IjoiZjMzMTE2ZCJ9\" href=\"https:\/\/www.yepsea.com\/wp-content\/uploads\/2022\/03\/Ingresso-Diga-Liscia-Sardegna-Luras.jpg\"><img loading=\"lazy\" width=\"1067\" height=\"800\" src=\"https:\/\/www.yepsea.com\/wp-content\/uploads\/2022\/03\/Ingresso-Diga-Liscia-Sardegna-Luras.jpg\" class=\"attachment-medium size-medium\" alt=\"\" aria-describedby=\"gallery-6-9798\" decoding=\"async\" \/><\/a>\n\t\t\t<\/div>\n\t\t\t\t<figcaption class='wp-caption-text gallery-caption' id='gallery-6-9798'>\n\t\t\t\tMarche sur le barrage\n\t\t\t\t<\/figcaption><\/figure><figure class='gallery-item'>\n\t\t\t<div class='gallery-icon landscape'>\n\t\t\t\t<a data-elementor-open-lightbox=\"yes\" data-elementor-lightbox-slideshow=\"f33116d\" data-elementor-lightbox-title=\"Ingresso Diga Liscia Sardegna\" data-elementor-lightbox-description=\"Struttura di accesso alla diga\" data-e-action-hash=\"#elementor-action%3Aaction%3Dlightbox%26settings%3DeyJpZCI6OTc5NiwidXJsIjoiaHR0cHM6XC9cL3d3dy55ZXBzZWEuY29tXC93cC1jb250ZW50XC91cGxvYWRzXC8yMDIyXC8wM1wvSW5ncmVzc28tRGlnYS1MaXNjaWEtU2FyZGVnbmEtMS5qcGciLCJzbGlkZXNob3ciOiJmMzMxMTZkIn0%3D\" href=\"https:\/\/www.yepsea.com\/wp-content\/uploads\/2022\/03\/Ingresso-Diga-Liscia-Sardegna-1.jpg\"><img loading=\"lazy\" width=\"1067\" height=\"800\" src=\"https:\/\/www.yepsea.com\/wp-content\/uploads\/2022\/03\/Ingresso-Diga-Liscia-Sardegna-1.jpg\" class=\"attachment-medium size-medium\" alt=\"\" aria-describedby=\"gallery-6-9796\" decoding=\"async\" \/><\/a>\n\t\t\t<\/div>\n\t\t\t\t<figcaption class='wp-caption-text gallery-caption' id='gallery-6-9796'>\n\t\t\t\tStructure d'acc\u00e8s au barrage\n\t\t\t\t<\/figcaption><\/figure><figure class='gallery-item'>\n\t\t\t<div class='gallery-icon landscape'>\n\t\t\t\t<a data-elementor-open-lightbox=\"yes\" data-elementor-lightbox-slideshow=\"f33116d\" data-elementor-lightbox-title=\"Diga Liscia Luras\" data-elementor-lightbox-description=\"Struttura della diga di Liscia\" data-e-action-hash=\"#elementor-action%3Aaction%3Dlightbox%26settings%3DeyJpZCI6OTg1OSwidXJsIjoiaHR0cHM6XC9cL3d3dy55ZXBzZWEuY29tXC93cC1jb250ZW50XC91cGxvYWRzXC8yMDIyXC8wM1wvRGlnYS1MaXNjaWEtTHVyYXMuanBnIiwic2xpZGVzaG93IjoiZjMzMTE2ZCJ9\" href=\"https:\/\/www.yepsea.com\/wp-content\/uploads\/2022\/03\/Diga-Liscia-Luras.jpg\"><img loading=\"lazy\" width=\"1067\" height=\"800\" src=\"https:\/\/www.yepsea.com\/wp-content\/uploads\/2022\/03\/Diga-Liscia-Luras.jpg\" class=\"attachment-medium size-medium\" alt=\"\" aria-describedby=\"gallery-6-9859\" decoding=\"async\" \/><\/a>\n\t\t\t<\/div>\n\t\t\t\t<figcaption class='wp-caption-text gallery-caption' id='gallery-6-9859'>\n\t\t\t\tStructure du barrage de Liscia\n\t\t\t\t<\/figcaption><\/figure>\n\t\t<\/div>\n\t\t<\/div>\n\t\t\t\t\t\t<\/div>\n\t\t\t\t<\/div>\n\t\t\t\t\t<\/div>\n\t\t<\/div>\n\t\t\t\t\t<\/div>\n\t\t<\/section>\n\t\t\t\t<\/div>","protected":false},"excerpt":{"rendered":"<p>Les oliviers mill\u00e9naires de Luras, au c\u0153ur de la Gallura, sont un v\u00e9ritable monument naturel de la Sardaigne.<\/p>","protected":false},"author":1,"featured_media":9669,"parent":0,"comment_status":"open","ping_status":"closed","sticky":false,"template":"","format":"standard","meta":{"fifu_image_url":"","fifu_image_alt":"","footnotes":""},"categories":[],"tags":[],"class_list":["post-1681","post","type-post","status-publish","format-standard","has-post-thumbnail","hentry"],"_links":{"self":[{"href":"https:\/\/www.yepsea.com\/fr\/wp-json\/wp\/v2\/posts\/1681","targetHints":{"allow":["GET"]}}],"collection":[{"href":"https:\/\/www.yepsea.com\/fr\/wp-json\/wp\/v2\/posts"}],"about":[{"href":"https:\/\/www.yepsea.com\/fr\/wp-json\/wp\/v2\/types\/post"}],"author":[{"embeddable":true,"href":"https:\/\/www.yepsea.com\/fr\/wp-json\/wp\/v2\/users\/1"}],"replies":[{"embeddable":true,"href":"https:\/\/www.yepsea.com\/fr\/wp-json\/wp\/v2\/comments?post=1681"}],"version-history":[{"count":0,"href":"https:\/\/www.yepsea.com\/fr\/wp-json\/wp\/v2\/posts\/1681\/revisions"}],"wp:featuredmedia":[{"embeddable":true,"href":"https:\/\/www.yepsea.com\/fr\/wp-json\/wp\/v2\/media\/9669"}],"wp:attachment":[{"href":"https:\/\/www.yepsea.com\/fr\/wp-json\/wp\/v2\/media?parent=1681"}],"wp:term":[{"taxonomy":"category","embeddable":true,"href":"https:\/\/www.yepsea.com\/fr\/wp-json\/wp\/v2\/categories?post=1681"},{"taxonomy":"post_tag","embeddable":true,"href":"https:\/\/www.yepsea.com\/fr\/wp-json\/wp\/v2\/tags?post=1681"}],"curies":[{"name":"wp","href":"https:\/\/api.w.org\/{rel}","templated":true}]}}