{"id":82225,"date":"2025-08-12T16:25:31","date_gmt":"2025-08-12T14:25:31","guid":{"rendered":"https:\/\/yepsea.com\/?p=82225"},"modified":"2025-09-15T13:29:00","modified_gmt":"2025-09-15T11:29:00","slug":"santantioco-historia-playas-y-tradiciones","status":"publish","type":"post","link":"https:\/\/www.yepsea.com\/es\/santantioco-historia-playas-y-tradiciones\/","title":{"rendered":"Sant'Antioco: historia, playas y tradiciones de la isla"},"content":{"rendered":"<h2 class=\"wp-block-heading\">Ant\u00edoco y la magia de la isla: qu\u00e9 ver en la cuarta isla m\u00e1s grande de Italia<\/h2>\n\n\n\n<p>L'<strong>isla de Sant'Antioco<\/strong> es una joya engarzada en el <strong>costa suroeste de Cerde\u00f1a<\/strong>unida a tierra firme por un istmo y rodeada por un <strong>mar<\/strong> desvaneci\u00e9ndose del turquesa al azul iridiscente. Este lugar, a menudo conocido como el <strong>cuarta isla<\/strong> italiana por extensi\u00f3n, es un concentrado de <strong>historia y tradiciones<\/strong>paisajes impresionantes y aguas cristalinas. En este art\u00edculo descubrir\u00e1 no s\u00f3lo <strong>qu\u00e9 ver<\/strong>sino tambi\u00e9n los secretos hist\u00f3ricos y culturales que hacen de este rinc\u00f3n de <strong>Cerde\u00f1a<\/strong> tan especial. Tanto si es un amante del mar, del <strong>maquis<\/strong> o del <strong>historia milenaria<\/strong>Aqu\u00ed encontrar\u00e1 inspiraci\u00f3n para un viaje inolvidable.<\/p>\n\n\n\n<figure class=\"wp-block-image size-full\"><img fetchpriority=\"high\" decoding=\"async\" width=\"1600\" height=\"1071\" src=\"https:\/\/yepsea.com\/wp-content\/uploads\/SantAntioco.jpg\" alt=\"\" class=\"wp-image-82227\" srcset=\"https:\/\/www.yepsea.com\/wp-content\/uploads\/SantAntioco.jpg 1600w, https:\/\/www.yepsea.com\/wp-content\/uploads\/SantAntioco-768x514.jpg 768w, https:\/\/www.yepsea.com\/wp-content\/uploads\/SantAntioco-1536x1028.jpg 1536w, https:\/\/www.yepsea.com\/wp-content\/uploads\/SantAntioco-18x12.jpg 18w\" sizes=\"(max-width: 1600px) 100vw, 1600px\" \/><figcaption class=\"wp-element-caption\">Sant'Antioco<\/figcaption><\/figure>\n\n\n\n<h2 class=\"wp-block-heading\">Qui\u00e9n era Ant\u00edoco y por qu\u00e9 la isla lleva su nombre<\/h2>\n\n\n\n<p>El nombre de la isla est\u00e1 vinculado a la figura de <strong>Ant\u00edoco<\/strong>venerado como <strong>patr\u00f3n de Cerde\u00f1a<\/strong>. Seg\u00fan la tradici\u00f3n, Ant\u00edoco fue un m\u00e1rtir cristiano, y su memoria se conserva en la <strong>Bas\u00edlica de San Ant\u00edoco<\/strong>construido sobre la <strong>colina de la bas\u00edlica<\/strong>donde tambi\u00e9n hay un fascinante <strong>cementerio de las catacumbas<\/strong>. El culto a Ant\u00edoco est\u00e1 fuertemente arraigado en la isla, y a\u00fan hoy las celebraciones en su honor atraen a peregrinos y visitantes de toda la regi\u00f3n. <strong>Sant'Antioco es conocido<\/strong> tambi\u00e9n por mantener vivas numerosas tradiciones religiosas y populares, combinando lo sagrado y lo profano en un calendario de fiestas que jalonan el a\u00f1o.<\/p>\n\n\n\n<p>La <strong>historia de Sant'Antioco<\/strong> se entrelaza con la de fenicios, p\u00fanicos y romanos. I <strong>f\u00e9nixes<\/strong> fundaron aqu\u00ed un importante asentamiento, que en \u00e9poca p\u00fanica y romana se convirti\u00f3 en un centro comercial estrat\u00e9gico en la <strong>Sulcis<\/strong>. Durante el siglo III a.C. y hasta la conquista romana, la isla fue un punto de referencia para las rutas del Mediterr\u00e1neo occidental.<\/p>\n\n\n\n<h2 class=\"wp-block-heading\">Qu\u00e9 ver en Sant'Antioco: monumentos y lugares que no hay que perderse<\/h2>\n\n\n\n<p>Visite <strong>Sant'Antioco<\/strong> significa sumergirse en un mosaico de paisajes y culturas. La p\u00e1gina <strong>centro de la ciudad<\/strong> conserva testimonios hist\u00f3ricos como el <strong>tophet<\/strong>El <strong>necr\u00f3polis<\/strong> y los restos del <strong>P\u00fanica y romana<\/strong>. Paseando por el <strong>centro urbano<\/strong> podr\u00e1 descubrir talleres de <strong>tejiendo<\/strong> tradicional y disfrutar de la cocina local.<\/p>\n\n\n\n<p>L'<strong>isla<\/strong> es tambi\u00e9n un para\u00edso natural: desde el <strong>altos acantilados<\/strong> de la costa oeste, protegida por el <strong>maquis<\/strong>hasta el <strong>playas de arena<\/strong> blanco y fino en la costa este. <strong>Larga extensi\u00f3n de arena<\/strong>peque\u00f1o <strong>entradas<\/strong>, <strong>fondo marino poco profundo y arenoso<\/strong> o rasgos <strong>rocoso<\/strong> perfecto para bucear: cada viajero encontrar\u00e1 su lugar favorito.<\/p>\n\n\n\n<h2 class=\"wp-block-heading\">Los arroyos m\u00e1s bonitos: del Cala Soap al Cala Long<\/h2>\n\n\n\n<p>Entre los <strong>cale<\/strong> m\u00e1s impresionante es <strong>Cala Jab\u00f3n<\/strong>una bah\u00eda con fondo marino <strong>arena<\/strong> e <strong>rocoso<\/strong> aguas dadoras <strong>cristalino<\/strong> y transparente. El sitio <strong>centro de la bah\u00eda<\/strong> est\u00e1 resguardada de los vientos, lo que la hace perfecta para familias y amantes del relax. A lo largo de la costa, el <strong>maquis<\/strong> dibuja contornos verdes que se sumergen en el agua.<\/p>\n\n\n\n<p><strong>Cala Lunga<\/strong>por otra parte, es un verdadero <strong>playa de arena<\/strong> encerrado entre dos promontorios. Protegido por dos <strong>altos acantilados<\/strong>Esta cala es ideal para los que buscan tranquilidad y un mar en calma. La <strong>Cala Long Beach<\/strong> es uno de los m\u00e1s populares por su <strong>fondo marino poco profundo y arenoso<\/strong>perfecto incluso para ni\u00f1os peque\u00f1os.<\/p>\n\n\n\n<figure class=\"wp-block-image size-full\"><img decoding=\"async\" width=\"1024\" height=\"576\" src=\"https:\/\/yepsea.com\/wp-content\/uploads\/Cala-Sapone.webp\" alt=\"\" class=\"wp-image-82228\" srcset=\"https:\/\/www.yepsea.com\/wp-content\/uploads\/Cala-Sapone.webp 1024w, https:\/\/www.yepsea.com\/wp-content\/uploads\/Cala-Sapone-768x432.webp 768w, https:\/\/www.yepsea.com\/wp-content\/uploads\/Cala-Sapone-18x10.webp 18w\" sizes=\"(max-width: 1024px) 100vw, 1024px\" \/><figcaption class=\"wp-element-caption\">Cala Jab\u00f3n<\/figcaption><\/figure>\n\n\n\n<h2 class=\"wp-block-heading\">Capo Sperone y las vistas infinitas<\/h2>\n\n\n\n<p>El <strong>Promontorio del cabo Sperone<\/strong> es el<strong>extremo sur<\/strong> de la isla, un lugar salvaje donde el <strong>maquis<\/strong> se encuentra con la roca. Desde aqu\u00ed se puede admirar el <strong>halc\u00f3n reina<\/strong> en vuelo y un <strong>vista panor\u00e1mica<\/strong> en <strong>Golfo de Palmas<\/strong>. Bajo el promontorio, el <strong>Islotes de la Vaca<\/strong> emergen como centinelas de piedra.<\/p>\n\n\n\n<p>Este tramo de costa es popular entre los excursionistas y quienes buscan lugares alejados de las multitudes. En <strong>cabecera<\/strong> ofrece caminos que conducen a peque\u00f1as <strong>entradas<\/strong> y miradores panor\u00e1micos que le dejar\u00e1n sin aliento.<\/p>\n\n\n\n<h2 class=\"wp-block-heading\">Calasetta y su torre<\/h2>\n\n\n\n<p>Al norte de la isla se encuentra <strong>Calasetta<\/strong>un pueblo costero de casas blancas y callejuelas pintorescas. Aqu\u00ed encontrar\u00e1 el <strong>Torre de Calasetta<\/strong>erigida para defender la costa de las incursiones piratas. Desde la torre se domina un tramo de mar <strong>turquesa<\/strong> e <strong>azul iridiscente<\/strong>.<\/p>\n\n\n\n<p><strong>Calasetta<\/strong> es famosa por su <strong>playas de arena blanca y fina<\/strong>como la de <strong>Bajo Torre<\/strong>y por sus tradiciones pesqueras. Tambi\u00e9n es punto de partida de excursiones a los islotes cercanos.<\/p>\n\n\n\n<h2 class=\"wp-block-heading\">Las salinas y la laguna de Santa Catalina<\/h2>\n\n\n\n<p>Le <strong>salinas<\/strong> de la isla, visible sobre todo en el <strong>Laguna de Santa Catalina<\/strong>Crean paisajes pintorescos, sobre todo al atardecer. Numerosas especies de aves, entre ellas los flamencos rosas, viven aqu\u00ed entre los canales y charcas.<\/p>\n\n\n\n<p>Esta parte de la isla es menos tur\u00edstica y ofrece una dimensi\u00f3n m\u00e1s aut\u00e9ntica y pausada, ideal para quienes desean sumergirse en la naturaleza.<\/p>\n\n\n\n<h2 class=\"wp-block-heading\">Maladroxia e Is Praneddas<\/h2>\n\n\n\n<p>La <strong>Playa de Maladroxia<\/strong> es uno de los m\u00e1s conocidos y queridos. <strong>Con vistas a un mar transparente<\/strong> y presenta un <strong>extensi\u00f3n de arena<\/strong> suave y clara. Est\u00e1 bien equipado y tambi\u00e9n es adecuado para familias.<\/p>\n\n\n\n<p>No muy lejos se encuentra <strong>Es Praneddas<\/strong>una espectacular formaci\u00f3n rocosa que el mar ha modelado a lo largo de los siglos. Esta zona es perfecta para los aficionados a la fotograf\u00eda y los que buscan vistas \u00fanicas.<\/p>\n\n\n\n<h2 class=\"wp-block-heading\">Historia y tradiciones de la isla<\/h2>\n\n\n\n<p>La <strong>historia y tradiciones<\/strong> de la isla puede leerse en sus piedras y en las historias de sus gentes. Adem\u00e1s de los restos de <strong>nuraghe<\/strong>pruebas de la civilizaci\u00f3n antigua <strong>Cerde\u00f1a<\/strong>Se pueden encontrar vestigios de las \u00e9pocas fenicia, p\u00fanica y romana. El sitio <strong>Museo Arqueol\u00f3gico Barreca<\/strong> contiene objetos que hablan de un pasado <strong>rica en historia<\/strong>de <strong>3er milenio<\/strong> a.C. hasta el periodo <strong>milenario<\/strong> de la Edad Media.<\/p>\n\n\n\n<p>La <strong>tejiendo<\/strong> de <strong>seda marina<\/strong> y la artesan\u00eda del coral siguen siendo pr\u00e1cticas vivas, parte integrante de la identidad de la isla.<\/p>\n\n\n\n<h2 class=\"wp-block-heading\">El Museo del Mar y de los Maestros<\/h2>\n\n\n\n<p>El <strong>museo del mar<\/strong> es un lugar para descubrir la historia de la navegaci\u00f3n y la pesca en la isla. En su interior hay herramientas, fotograf\u00edas y testimonios de una tradici\u00f3n que siempre ha unido a los habitantes con el mar.<\/p>\n\n\n\n<p>Este museo es un puente entre el pasado y el presente, que muestra c\u00f3mo la vida en la isla ha estado siempre ligada al ritmo de las olas y las corrientes del Mediterr\u00e1neo.<\/p>\n\n\n\n<h2 class=\"wp-block-heading\">La isla entre naturaleza y espiritualidad<\/h2>\n\n\n\n<p><strong>La isla de Sant'Antioco<\/strong> no es s\u00f3lo mar y paisajes: tambi\u00e9n es espiritualidad, historia y cultura. En <strong>tofet<\/strong> Fenicio al <strong>Bas\u00edlica de San Ant\u00edoco<\/strong>de <strong>catacumbas<\/strong> en <strong>centro de la bah\u00eda<\/strong> por Cala Jab\u00f3n, cada lugar tiene un alma y una historia que contar.<\/p>\n\n\n\n<p>Quienes visitan esta isla no s\u00f3lo se llevan fotograf\u00edas, sino tambi\u00e9n emociones y recuerdos que permanecen en sus corazones.<\/p>\n\n\n\n<p><strong>PREGUNTAS FRECUENTES<\/strong><\/p>\n\n\n\n<p><strong>\u00bfCu\u00e1l es la mejor \u00e9poca para visitar la isla de Sant'Antioco?<\/strong><br>La mejor \u00e9poca es de mayo a septiembre, cuando el tiempo es c\u00e1lido y el mar cristalino invita a largos chapuzones.<\/p>\n\n\n\n<p><strong>\u00bfQui\u00e9n era Ant\u00edoco, el patr\u00f3n de Cerde\u00f1a?<\/strong><br>Ant\u00edoco fue un m\u00e1rtir cristiano venerado en toda la isla, cuya memoria est\u00e1 consagrada en la bas\u00edlica de San Ant\u00edoco.<\/p>\n\n\n\n<p><strong>\u00bfC\u00f3mo se llega a la isla de Sant'Antioco?<\/strong><br>La isla est\u00e1 unida a Cerde\u00f1a por un istmo que puede recorrerse en coche o autob\u00fas.<\/p>\n\n\n\n<p><strong>\u00bfQu\u00e9 ver en Sant'Antioco en un d\u00eda?<\/strong><br>En un d\u00eda puede visitar el centro hist\u00f3rico, la bas\u00edlica, Cala Sapone y las salinas de Santa Caterina.<\/p>\n\n\n\n<p><strong>\u00bfCu\u00e1les son las playas m\u00e1s bonitas de Sant'Antioco?<\/strong><br>Entre las m\u00e1s bellas se encuentran Cala Sapone, Cala Lunga, Maladroxia y las playas de Calasetta.<\/p>\n\n\n\n<p><strong>\u00bfD\u00f3nde est\u00e1 la Torre de Calasetta?<\/strong><br>La torre est\u00e1 situada en el pueblo de Calasetta, al norte de la isla.<\/p>\n\n\n\n<p><strong>\u00bfQu\u00e9 hacer en Cabo Sperone?<\/strong><br>Podr\u00e1 pasear por senderos panor\u00e1micos, admirar los islotes de la Vacca y observar al halc\u00f3n de la reina.<\/p>\n\n\n\n<p><strong>\u00bfHay yacimientos arqueol\u00f3gicos en la isla de Sant'Antioco?<\/strong><br>S\u00ed, incluidos el tofet fenicio, la necr\u00f3polis y los restos p\u00fanicos y romanos.<\/p>\n\n\n\n<p><strong>\u00bfQu\u00e9 es el Museo del Mar y de los Maestros?<\/strong><br>Es un museo dedicado a la historia de la navegaci\u00f3n y la pesca en la isla.<\/p>\n\n\n\n<p><strong>\u00bfLa isla de Sant'Antioco es adecuada para familias?<\/strong><br>S\u00ed, gracias a las playas de arena poco profundas y a las numerosas actividades culturales y naturales.<\/p>","protected":false},"excerpt":{"rendered":"<p>Antioco e la magia dell\u2019isola: cosa vedere nella quarta isola d\u2019Italia L\u2019isola di Sant\u2019Antioco \u00e8 un gioiello incastonato nella costa sud-occidentale della Sardegna, collegata alla terraferma da un istmo e [&hellip;]<\/p>","protected":false},"author":2,"featured_media":82227,"parent":0,"comment_status":"open","ping_status":"open","sticky":false,"template":"","format":"standard","meta":{"fifu_image_url":"","fifu_image_alt":"","footnotes":""},"categories":[3100,19132],"tags":[],"class_list":["post-82225","post","type-post","status-publish","format-standard","has-post-thumbnail","hentry","category-cultura-e-storia","category-destinazioni-sardegna"],"_links":{"self":[{"href":"https:\/\/www.yepsea.com\/es\/wp-json\/wp\/v2\/posts\/82225","targetHints":{"allow":["GET"]}}],"collection":[{"href":"https:\/\/www.yepsea.com\/es\/wp-json\/wp\/v2\/posts"}],"about":[{"href":"https:\/\/www.yepsea.com\/es\/wp-json\/wp\/v2\/types\/post"}],"author":[{"embeddable":true,"href":"https:\/\/www.yepsea.com\/es\/wp-json\/wp\/v2\/users\/2"}],"replies":[{"embeddable":true,"href":"https:\/\/www.yepsea.com\/es\/wp-json\/wp\/v2\/comments?post=82225"}],"version-history":[{"count":0,"href":"https:\/\/www.yepsea.com\/es\/wp-json\/wp\/v2\/posts\/82225\/revisions"}],"wp:featuredmedia":[{"embeddable":true,"href":"https:\/\/www.yepsea.com\/es\/wp-json\/wp\/v2\/media\/82227"}],"wp:attachment":[{"href":"https:\/\/www.yepsea.com\/es\/wp-json\/wp\/v2\/media?parent=82225"}],"wp:term":[{"taxonomy":"category","embeddable":true,"href":"https:\/\/www.yepsea.com\/es\/wp-json\/wp\/v2\/categories?post=82225"},{"taxonomy":"post_tag","embeddable":true,"href":"https:\/\/www.yepsea.com\/es\/wp-json\/wp\/v2\/tags?post=82225"}],"curies":[{"name":"wp","href":"https:\/\/api.w.org\/{rel}","templated":true}]}}