{"id":82156,"date":"2025-08-10T19:42:49","date_gmt":"2025-08-10T17:42:49","guid":{"rendered":"https:\/\/yepsea.com\/?p=82156"},"modified":"2025-08-18T12:01:36","modified_gmt":"2025-08-18T10:01:36","slug":"fiestas-tradicionales-y-tradiciones-ancestrales-en-cerdena","status":"publish","type":"post","link":"https:\/\/www.yepsea.com\/es\/fiestas-tradicionales-y-tradiciones-ancestrales-en-cerdena\/","title":{"rendered":"Fiestas tradicionales y antiguas tradiciones en Cerde\u00f1a"},"content":{"rendered":"<h2 class=\"wp-block-heading\">Fiestas tradicionales en Cerde\u00f1a: un viaje a trav\u00e9s de tradiciones y folclore ancestrales<\/h2>\n\n\n\n<p>La <strong>Cerde\u00f1a<\/strong> es una tierra de encanto \u00fanico, donde el <strong>antiguas tradiciones sardas<\/strong> se funden con el presente, dando lugar a celebraciones que atraen <strong>miles de visitantes<\/strong> cada a\u00f1o. En <strong>fiestas religiosas<\/strong> a ritos paganos, de <strong>festivales en Cerde\u00f1a<\/strong> a los eventos ecuestres m\u00e1s espectaculares, la isla conserva un <strong>patrimonio oral e inmaterial<\/strong> que cuenta siglos de historia y <strong>Cultura sarda<\/strong>. En este viaje exploraremos <strong>fiestas tradicionales en Cerde\u00f1a<\/strong>descubrir c\u00f3mo es cada celebraci\u00f3n <strong>profundamente arraigada en la cultura<\/strong> y al coraz\u00f3n de las comunidades locales. Ser\u00e1 un viaje a trav\u00e9s de la <strong>folclore<\/strong>devoci\u00f3n, m\u00fasica y sabores, para comprender c\u00f3mo estas costumbres siguen vivas hoy en d\u00eda y son capaces de unir a generaciones.<\/p>\n\n\n\n<h2 class=\"wp-block-heading\">La Cabalgata Sarda de Sassari: elegancia y tradici\u00f3n<\/h2>\n\n\n\n<p>La <strong>Paseo por Cerde\u00f1a<\/strong> por <strong>Sassari<\/strong> es uno de los <strong>eventos m\u00e1s prestigiosos de Cerde\u00f1a<\/strong> y tiene lugar cada <strong>Domingo de mayo<\/strong>. Aqu\u00ed, los grupos <strong>folclorista<\/strong> de <strong>toda Cerde\u00f1a<\/strong> desfile por las calles de <strong>ciudad de Sassari<\/strong> vistiendo <strong>ropa tradicional<\/strong> colores vivos. Es una oportunidad \u00fanica para admirar <strong>traje tradicional<\/strong> de cada zona, el resultado de <strong>tradiciones milenarias<\/strong> y el cuidado de los verdaderos <strong>guardianes de las tradiciones sardas<\/strong>.<\/p>\n\n\n\n<p>El evento culmina con actuaciones y pruebas de habilidad a caballo, donde jinetes y amazonas demuestran su destreza en una celebraci\u00f3n <strong>ecuestre<\/strong> que encanta y engancha. La <strong>paseo<\/strong> no es s\u00f3lo un desfile: es un acto de amor hacia el <strong>cultura y tradiciones<\/strong> de la isla, una forma de <strong>transmitir<\/strong> por <strong>de generaci\u00f3n en generaci\u00f3n<\/strong> su propia identidad.<\/p>\n\n\n\n<figure class=\"wp-block-image size-full\"><img fetchpriority=\"high\" decoding=\"async\" width=\"1024\" height=\"683\" src=\"https:\/\/yepsea.com\/wp-content\/uploads\/Cavalcata-sassarese.jpg\" alt=\"\" class=\"wp-image-82158\" srcset=\"https:\/\/www.yepsea.com\/wp-content\/uploads\/Cavalcata-sassarese.jpg 1024w, https:\/\/www.yepsea.com\/wp-content\/uploads\/Cavalcata-sassarese-768x512.jpg 768w, https:\/\/www.yepsea.com\/wp-content\/uploads\/Cavalcata-sassarese-18x12.jpg 18w\" sizes=\"(max-width: 1024px) 100vw, 1024px\" \/><figcaption class=\"wp-element-caption\">Cabalgata Sassarese<\/figcaption><\/figure>\n\n\n\n<h2 class=\"wp-block-heading\">La Sartiglia de Oristano: valor y espect\u00e1culo<\/h2>\n\n\n\n<p>La <strong>Sartiglia<\/strong> de Oristano es una fascinante justa medieval que combina ritos caballerescos, m\u00e1scaras misteriosas y destreza a caballo. Los caballeros, enmascarados y vestidos con ropajes ricos en simbolismo, intentan atravesar una estrella suspendida, un acto considerado de <strong>buen augurio<\/strong> para la comunidad.<\/p>\n\n\n\n<p>La <strong>Sartiglia<\/strong> tiene sus ra\u00edces en <strong>antiguas tradiciones<\/strong> y se desarrolla en un ambiente festivo de m\u00fasica y <strong>cocina t\u00edpica<\/strong>. La ciudad se transforma en un escenario donde la historia, <strong>religi\u00f3n y folclore<\/strong> entrelazarse.<\/p>\n\n\n\n<h2 class=\"wp-block-heading\">Mamoiada y los Mamuthones: m\u00e1scaras de Barbagia<\/h2>\n\n\n\n<p>En el coraz\u00f3n del <strong>Barbagia<\/strong>, <strong>Mamoiada<\/strong> es famosa por su <strong>Mamuthones<\/strong> e Issohadores, figuras enmascaradas que desfilan durante el carnaval. Este acontecimiento es uno de los m\u00e1s antiguos del <strong>Tradici\u00f3n sarda<\/strong>vinculadas a ritos arcaicos de fertilidad y a la protecci\u00f3n de los cultivos.<\/p>\n\n\n\n<p>El sonido de las campanas atadas a las espaldas de <strong>Mamuthones<\/strong> resuena por las calles, mientras los Issohadores atrapan simb\u00f3licamente a los espectadores con cuerdas, en un gesto auspicioso. Este carnaval representa la <strong>cultura milenaria<\/strong> y el <strong>tradici\u00f3n pastoril y campesina<\/strong> de la isla.<\/p>\n\n\n\n<h2 class=\"wp-block-heading\">La fiesta de San Efisio en Cagliari: devoci\u00f3n e historia<\/h2>\n\n\n\n<p>La <strong>Fiesta de San Efisio<\/strong> es la procesi\u00f3n religiosa m\u00e1s impresionante de Cerde\u00f1a. Cada 1 de mayo, el simulacro del santo parte del <strong>Iglesia de San Efisio de Cagliari<\/strong> y recorre kil\u00f3metros hasta Nora.<\/p>\n\n\n\n<p>Carros tirados por bueyes, mujeres y hombres en <strong>traje tradicional<\/strong>Cantos y oraciones acompa\u00f1an este acontecimiento de gran devoci\u00f3n. Es uno de los <strong>fiestas religiosas<\/strong> m\u00e1s sentida, unificadora <strong>religi\u00f3n y folclore<\/strong> en un momento de fuerte participaci\u00f3n popular.<\/p>\n\n\n\n<figure class=\"wp-block-image size-full\"><img decoding=\"async\" width=\"1958\" height=\"1106\" src=\"https:\/\/yepsea.com\/wp-content\/uploads\/SantEfisio-Cagliari.jpg\" alt=\"\" class=\"wp-image-82159\" srcset=\"https:\/\/www.yepsea.com\/wp-content\/uploads\/SantEfisio-Cagliari.jpg 1958w, https:\/\/www.yepsea.com\/wp-content\/uploads\/SantEfisio-Cagliari-768x434.jpg 768w, https:\/\/www.yepsea.com\/wp-content\/uploads\/SantEfisio-Cagliari-1536x868.jpg 1536w, https:\/\/www.yepsea.com\/wp-content\/uploads\/SantEfisio-Cagliari-18x10.jpg 18w\" sizes=\"(max-width: 1958px) 100vw, 1958px\" \/><figcaption class=\"wp-element-caption\">Sant'Efisio Cagliari<\/figcaption><\/figure>\n\n\n\n<h2 class=\"wp-block-heading\">Festivales en Cerde\u00f1a: un viaje a trav\u00e9s de los sabores<\/h2>\n\n\n\n<p>Cada <strong>festival<\/strong> en Cerde\u00f1a es una oportunidad para descubrir productos t\u00edpicos y recetas vinculadas a un territorio. En <strong>ovejas<\/strong> hervido en los pa\u00edses del interior a <strong>Pecorino sardo<\/strong> sazonada en el <strong>casas antiguas<\/strong> rural, cada fiesta es una experiencia <strong>vino y comida<\/strong> inolvidable.<\/p>\n\n\n\n<p>Le <strong>numerosos festivales folcl\u00f3ricos<\/strong> celebran tambi\u00e9n la <strong>mirto<\/strong>postres tradicionales y platos preparados con <strong>ingredientes sencillos y originales<\/strong>herencia de una cocina pobre pero rica en sabores.<\/p>\n\n\n\n<h2 class=\"wp-block-heading\">La Faradda di li Candareri de Sassari: fe y espect\u00e1culo<\/h2>\n\n\n\n<p>14 de agosto, <strong>Sassari<\/strong> celebra la <strong>Faradda di li Candareri<\/strong>una procesi\u00f3n votiva dedicada al <strong>Nuestra Se\u00f1ora de la Asunci\u00f3n<\/strong>. Los gremi, antiguos gremios, llevan pesadas velas decoradas por las calles, en un ritual que mezcla fe y espect\u00e1culo.<\/p>\n\n\n\n<p>Es un momento de gran emoci\u00f3n, en el que la comunidad renueva un voto hecho hace siglos. La procesi\u00f3n parte del <strong>Iglesia de Santa Mar\u00eda de Bel\u00e9n<\/strong> e implica <strong>grupos folcl\u00f3ricos<\/strong> y ciudadanos en un ambiente de fiesta y devoci\u00f3n.<\/p>\n\n\n\n<h2 class=\"wp-block-heading\">San Salvatore di Sinis: una peregrinaci\u00f3n \u00fanica<\/h2>\n\n\n\n<p>Al final del verano, en el pueblo de <strong>San Salvatore di Sinis<\/strong>se celebra una fiesta \u00fanica, en la que los participantes caminan descalzos desde el pueblo hasta Cabras, portando el <strong>simulacro<\/strong> del santo.<\/p>\n\n\n\n<p>Este rito, que combina fe e identidad, se acompa\u00f1a de momentos de convivencia y de la oportunidad de degustar especialidades locales. La celebraci\u00f3n tiene lugar en un marco pintoresco, entre edificios antiguos y la belleza natural de la pen\u00ednsula de Sinis.<\/p>\n\n\n\n<h2 class=\"wp-block-heading\">Fiestas en Gallura y Alghero: identidades locales<\/h2>\n\n\n\n<p>La <strong>Gallura<\/strong> e <strong>Alghero<\/strong> conservan tradiciones propias que enriquecen el panorama <strong>fiestas populares en Cerde\u00f1a<\/strong>. En Gallura, el <strong>Gallurese<\/strong> resuenan en las plazas durante las fiestas patronales, mientras que en el Alghero la lengua y las costumbres catalanas se funden con las del <strong>ind\u00edgena<\/strong>-sarde.<\/p>\n\n\n\n<p>Estos actos brindan la oportunidad de conocer mejor <strong>cultura y tradiciones<\/strong> de comunidades que, pese a formar parte de la misma isla, mantienen una identidad fuertemente arraigada.<\/p>\n\n\n\n<h2 class=\"wp-block-heading\">La lengua sarda y la m\u00fasica tradicional<\/h2>\n\n\n\n<p>Cada celebraci\u00f3n es tambi\u00e9n un momento para escuchar a los <strong>Lengua sarda<\/strong> y el <strong>m\u00fasica tradicional sarda<\/strong>expresiones vivas de la <strong>tradici\u00f3n local<\/strong>. I <strong>grupos folcl\u00f3ricos<\/strong> animan las plazas con canciones y bailes, creando una atm\u00f3sfera que re\u00fane a visitantes y lugare\u00f1os.<\/p>\n\n\n\n<p>Estos actos brindan una valiosa oportunidad para mantener vivo el patrimonio ling\u00fc\u00edstico y musical de la isla, parte integrante del <strong>tradiciones de Cerde\u00f1a<\/strong>.<\/p>\n\n\n\n<p><strong>PREGUNTAS FRECUENTES<\/strong><\/p>\n\n\n\n<p><strong>\u00bfCu\u00e1les son las fiestas tradicionales m\u00e1s importantes de Cerde\u00f1a?<\/strong><br>Entre las m\u00e1s importantes se encuentran <strong>Paseo por Cerde\u00f1a<\/strong> de Sassari, el <strong>Sartiglia<\/strong> de Oristano, el <strong>Fiesta de San Efisio<\/strong> en Cagliari y el carnaval de <strong>Mamoiada<\/strong>.<\/p>\n\n\n\n<p><strong>\u00bfCu\u00e1ndo se celebra la Cabalgata de Cerde\u00f1a?<\/strong><br>La <strong>Paseo por Cerde\u00f1a<\/strong> se celebra cada <strong>Domingo de mayo<\/strong> a <strong>Sassari<\/strong>.<\/p>\n\n\n\n<p><strong>\u00bfQu\u00e9 es la Sartiglia?<\/strong><br>Se trata de una justa medieval a caballo que tiene lugar en Oristano, famosa por su espectacular y <strong>buen augurio<\/strong>.<\/p>\n\n\n\n<p><strong>\u00bfQui\u00e9nes son los Mamuthones?<\/strong><br>Son figuras enmascaradas del carnaval de <strong>Mamoiada<\/strong>s\u00edmbolo del <strong>Barbagia<\/strong> y su <strong>antiguas tradiciones<\/strong>.<\/p>\n\n\n\n<p><strong>\u00bfQu\u00e9 se come en Cerde\u00f1a durante las fiestas?<\/strong><br>Platos basados en <strong>ovejas<\/strong>, <strong>Pecorino sardo<\/strong>dulces y licores tradicionales como el <strong>mirto<\/strong>.<\/p>\n\n\n\n<p><strong>\u00bfQu\u00e9 es la Faradda di li Candareri?<\/strong><br>Se trata de una procesi\u00f3n votiva que tiene lugar el <strong>14 de agosto<\/strong> a <strong>Sassari<\/strong>en honor del <strong>Nuestra Se\u00f1ora de la Asunci\u00f3n<\/strong>.<\/p>\n\n\n\n<p><strong>\u00bfCu\u00e1l es la fiesta religiosa m\u00e1s famosa de Cerde\u00f1a?<\/strong><br>La <strong>Fiesta de San Efisio<\/strong>que parte del <strong>Iglesia de San Efisio de Cagliari<\/strong> y llega hasta Nora.<\/p>\n\n\n\n<p><strong>\u00bfQu\u00e9 se celebra en San Salvatore di Sinis?<\/strong><br>Una peregrinaci\u00f3n descalza en honor del santo, con transporte del <strong>simulacro<\/strong> y momentos de convivencia.<\/p>\n\n\n\n<p><strong>\u00bfLas fiestas tradicionales son s\u00f3lo religiosas?<\/strong><br>No, tambi\u00e9n hay festivales laicos, <strong>folclorista<\/strong> e <strong>vino y comida<\/strong>-cultural.<\/p>\n\n\n\n<p><strong>\u00bfPor qu\u00e9 son importantes las fiestas para la cultura sarda?<\/strong><br>Porque permiten <strong>transmitir<\/strong> costumbres y tradiciones, manteniendo vivo un patrimonio de <strong>tradiciones milenarias<\/strong>.<\/p>","protected":false},"excerpt":{"rendered":"<p>Feste tradizionali in Sardegna: un viaggio tra antiche tradizioni e folklore La Sardegna \u00e8 una terra dal fascino unico, dove le antiche tradizioni sarde si fondono con il presente dando [&hellip;]<\/p>","protected":false},"author":2,"featured_media":82159,"parent":0,"comment_status":"open","ping_status":"open","sticky":false,"template":"","format":"standard","meta":{"fifu_image_url":"","fifu_image_alt":"","footnotes":""},"categories":[3100],"tags":[],"class_list":["post-82156","post","type-post","status-publish","format-standard","has-post-thumbnail","hentry","category-cultura-e-storia"],"_links":{"self":[{"href":"https:\/\/www.yepsea.com\/es\/wp-json\/wp\/v2\/posts\/82156","targetHints":{"allow":["GET"]}}],"collection":[{"href":"https:\/\/www.yepsea.com\/es\/wp-json\/wp\/v2\/posts"}],"about":[{"href":"https:\/\/www.yepsea.com\/es\/wp-json\/wp\/v2\/types\/post"}],"author":[{"embeddable":true,"href":"https:\/\/www.yepsea.com\/es\/wp-json\/wp\/v2\/users\/2"}],"replies":[{"embeddable":true,"href":"https:\/\/www.yepsea.com\/es\/wp-json\/wp\/v2\/comments?post=82156"}],"version-history":[{"count":0,"href":"https:\/\/www.yepsea.com\/es\/wp-json\/wp\/v2\/posts\/82156\/revisions"}],"wp:featuredmedia":[{"embeddable":true,"href":"https:\/\/www.yepsea.com\/es\/wp-json\/wp\/v2\/media\/82159"}],"wp:attachment":[{"href":"https:\/\/www.yepsea.com\/es\/wp-json\/wp\/v2\/media?parent=82156"}],"wp:term":[{"taxonomy":"category","embeddable":true,"href":"https:\/\/www.yepsea.com\/es\/wp-json\/wp\/v2\/categories?post=82156"},{"taxonomy":"post_tag","embeddable":true,"href":"https:\/\/www.yepsea.com\/es\/wp-json\/wp\/v2\/tags?post=82156"}],"curies":[{"name":"wp","href":"https:\/\/api.w.org\/{rel}","templated":true}]}}