{"id":81967,"date":"2025-07-25T13:57:27","date_gmt":"2025-07-25T11:57:27","guid":{"rendered":"https:\/\/yepsea.com\/?p=81967"},"modified":"2025-09-15T13:29:00","modified_gmt":"2025-09-15T11:29:00","slug":"la-caletta-di-siniscola","status":"publish","type":"post","link":"https:\/\/www.yepsea.com\/es\/la-caletta-di-siniscola\/","title":{"rendered":"La Caletta di Siniscola: Playas y gu\u00eda de vacaciones"},"content":{"rendered":"<h2 class=\"wp-block-heading\">Vacanza a La Caletta: un gioiello nascosto nella costa orientale della Sardegna<\/h2>\n\n\n\n<p>Immagina una <strong>playa<\/strong> lunga tre chilometri, sabbia finissima, fondali trasparenti e un <strong>peque\u00f1a aldea<\/strong> dove il tempo sembra rallentare. Benvenuti a <strong>La Caletta di Siniscola<\/strong>, una delle mete pi\u00f9 suggestive per chi sogna una <strong>vacanza a La Caletta<\/strong> tra mare cristallino, natura incontaminata e relax assoluto. In questo articolo, ti accompagner\u00f2 in un viaggio completo alla scoperta di questo angolo incantevole della <strong>costa este de Cerde\u00f1a<\/strong>, con consigli pratici su cosa vedere, dove dormire, come muoversi e quali <strong>playas<\/strong> esplorare nei dintorni. Se stai cercando ispirazione per la tua prossima fuga al mare, continua a leggere: scoprirai perch\u00e9 La Caletta \u00e8 una destinazione perfetta, amata da chi conosce davvero la Sardegna.<\/p>\n\n\n\n<h2 class=\"wp-block-heading\">Cosa rende La Caletta un luogo cos\u00ec speciale?<\/h2>\n\n\n\n<p><strong>La Caletta<\/strong> non \u00e8 solo una <strong>playa<\/strong>, ma un\u2019esperienza autentica. Situata nel <strong>nord-orientale della Sardegna<\/strong>en el <strong>provincia de Nuoro<\/strong>, questa localit\u00e0 \u00e8 una <strong>frazione di Siniscola<\/strong>a pocos kil\u00f3metros de <strong>Posada<\/strong> e da alcune delle <strong>las playas m\u00e1s bonitas<\/strong> dell\u2019isola. Il suo fascino nasce dall\u2019equilibrio tra natura e semplicit\u00e0: un lungo litorale di <strong>arena blanca<\/strong> e dorata, una <strong>pinar<\/strong> che regala ombra e frescura, un <strong>puerto deportivo<\/strong> vivace e accogliente, e un centro con <strong>case vacanze<\/strong>, piccoli negozi e trattorie tipiche. Il tutto a pochi minuti da luoghi ancora pi\u00f9 selvaggi e spettacolari come <strong>Cabo Comino<\/strong>, <strong>Berchida<\/strong>, e le cale del <strong>Golfo de Orosei<\/strong>.<\/p>\n\n\n\n<figure class=\"wp-block-image size-full\"><img fetchpriority=\"high\" decoding=\"async\" width=\"1026\" height=\"684\" src=\"https:\/\/yepsea.com\/wp-content\/uploads\/la-caletta-di-siniscola.jpg\" alt=\"La Caletta di Siniscola\" class=\"wp-image-81968\" srcset=\"https:\/\/www.yepsea.com\/wp-content\/uploads\/la-caletta-di-siniscola.jpg 1026w, https:\/\/www.yepsea.com\/wp-content\/uploads\/la-caletta-di-siniscola-768x512.jpg 768w, https:\/\/www.yepsea.com\/wp-content\/uploads\/la-caletta-di-siniscola-18x12.jpg 18w\" sizes=\"(max-width: 1026px) 100vw, 1026px\" \/><figcaption class=\"wp-element-caption\">La Caletta di Siniscola<\/figcaption><\/figure>\n\n\n\n<h2 class=\"wp-block-heading\">Dove si trova La Caletta e come si raggiunge?<\/h2>\n\n\n\n<p><strong>La Caletta<\/strong> se encuentra en el <strong>costa orientale dell\u2019isola<\/strong>en el municipio de <strong>Siniscola<\/strong>, ed \u00e8 facilmente raggiungibile in auto da <strong>Olbia<\/strong> (a circa 50 km), oppure in meno di un\u2019ora da <strong>Nuoro<\/strong>. Se arrivi in traghetto o aereo, puoi <strong>alquilar<\/strong> un\u2019auto per avere la massima libert\u00e0 durante la tua <strong>vacanza a La Caletta<\/strong>. Il paese \u00e8 servito da un comodo <strong>porto di La Caletta<\/strong>, dove partono anche alcune <strong>excursiones<\/strong> verso le <strong>cale<\/strong> pi\u00f9 famose della zona. \u00c8 quindi un punto strategico per chi desidera esplorare sia la costa che l\u2019entroterra.<\/p>\n\n\n\n<h2 class=\"wp-block-heading\">Com&#8217;\u00e8 la spiaggia La Caletta?<\/h2>\n\n\n\n<p>La vera protagonista di questa localit\u00e0 \u00e8 la sua <strong>playa<\/strong>: el <strong>spiaggia La Caletta<\/strong> \u00e8 una distesa lunga e profonda, con <strong>arena clara<\/strong> e morbida, perfetta per lunghe passeggiate o per rilassarsi sotto l\u2019<strong>sombrilla<\/strong>. En <strong>tel\u00f3n de fondo<\/strong> \u00e8 basso per molti metri, ideale per i bambini e per chi vuole godersi il mare in tranquillit\u00e0. Il paesaggio \u00e8 arricchito dalla presenza della <strong>pinar<\/strong>, che corre parallela alla <strong>playa<\/strong>, e dalla <strong>duna<\/strong> costiera, habitat prezioso per molte specie animali e vegetali. Ci sono <strong>puntos de venta de alimentos<\/strong>posibilidad de <strong>noleggio attrezzature<\/strong> da spiaggia come <strong>tumbonas<\/strong> e canoe, e aree dedicate a <strong>deportes acu\u00e1ticos<\/strong> como <strong>cometa<\/strong>, <strong>windsurf<\/strong>, <strong>surf e sub<\/strong>.<\/p>\n\n\n\n<h2 class=\"wp-block-heading\">Quali sono le migliori spiagge vicino La Caletta?<\/h2>\n\n\n\n<p>Oltre alla spiaggia principale, i <strong>dintorni di La Caletta<\/strong> offrono veri e propri tesori. A pochi minuti si trova <strong>Santa Luc\u00eda<\/strong>otro <strong>borgo di mare<\/strong> suggestivo con una piccola <strong>torre aragonesa<\/strong> y una <strong>playa<\/strong> circondata dalla natura. Poco pi\u00f9 a nord si arriva a <strong>San Giovanni di Posada<\/strong>, con la sua sabbia dorata e il profumo dei pini marittimi. Verso sud si incontra <strong>Cabo Comino<\/strong>, una delle pi\u00f9 famose <strong>playas<\/strong> della zona, con <strong>dunas<\/strong>, <strong>arena muy fina<\/strong> e mare trasparente. Continuando, si arriva alla spettacolare <strong>Berchida<\/strong> (anche scritta <strong>B\u00e8rchida<\/strong>) e alla riserva di <strong>Biderosa<\/strong>, due gioielli incontaminati. Per chi vuole esplorare il cuore del <strong>Golfo de Orosei<\/strong>, imperdibili le gite a <strong>Cala Mariolu<\/strong>, <strong>Cala Sisine<\/strong> y muchos otros <strong>cale<\/strong> de ensue\u00f1o.<\/p>\n\n\n\n<h2 class=\"wp-block-heading\">Cosa fare a La Caletta oltre la spiaggia?<\/h2>\n\n\n\n<p>A <strong>vacanza a La Caletta<\/strong> non \u00e8 solo mare. Il paese \u00e8 perfetto per una passeggiata serale tra le bancarelle, una cena in riva al mare a base di <strong>platos t\u00edpicos<\/strong> sardi, o un aperitivo nel <strong>puerto deportivo<\/strong>. En <strong>porto di La Caletta<\/strong> \u00e8 anche punto di partenza per mini crociere e gite in <strong>bote<\/strong> verso il <strong>Golfo de Orosei<\/strong>. Se ami la natura, puoi esplorare la zona in bicicletta o fare trekking nelle colline circostanti. Il clima mite anche in bassa stagione rende piacevole ogni attivit\u00e0 all\u2019aperto.<\/p>\n\n\n\n<h2 class=\"wp-block-heading\">Dove dormire a La Caletta?<\/h2>\n\n\n\n<p>Ci sono molte soluzioni per <strong>dormire a La Caletta<\/strong>, dalle classiche <strong>case vacanze<\/strong> fronte mare agli hotel con <strong>vista al mar<\/strong> e tutti i comfort. Le <strong>case vacanze<\/strong> sono perfette per famiglie e gruppi, mentre chi cerca una sistemazione pi\u00f9 romantica pu\u00f2 optare per b&amp;b o piccoli resort. \u00c8 importante <strong>Libro<\/strong> con anticipo, soprattutto nei mesi di luglio e agosto, quando il piccolo borgo si riempie di turisti e appassionati della Sardegna pi\u00f9 autentica.<\/p>\n\n\n\n<h2 class=\"wp-block-heading\">Cosa vedere nei dintorni di Siniscola?<\/h2>\n\n\n\n<p>En <strong>dintorni di Siniscola<\/strong> si trova un territorio ricco di storia, cultura e bellezze naturali. Il <strong>borgo di Posada<\/strong>con su <strong>Castillo de Fava<\/strong> arroccato su una collina, offre una vista spettacolare su tutta la costa. Qui si pu\u00f2 scoprire anche la <strong>spiaggia di Tiriarzu<\/strong>, meno affollata ma davvero incantevole. Nell\u2019entroterra, tra colline e panorami mozzafiato, si nasconde un lato pi\u00f9 autentico della Sardegna, fatto di sapori genuini, tradizioni contadine e accoglienza calorosa. Una vera chicca per chi vuole scoprire l\u2019isola oltre il mare.<\/p>\n\n\n\n<h2 class=\"wp-block-heading\">Come vivere La Caletta come un locale?<\/h2>\n\n\n\n<p>Per vivere <strong>La Caletta<\/strong> in modo autentico, \u00e8 bello svegliarsi presto, fare una camminata lungo la <strong>playa<\/strong>, fermarsi per un caff\u00e8 al bar del <strong>puerto deportivo<\/strong>, e poi partire per una <strong>cala<\/strong> nascosta. I <strong>Sardos<\/strong> del posto sono gentili e sempre disponibili a dare consigli. Frequentare i mercatini, acquistare frutta fresca, degustare piatti tradizionali come il porceddu o i culurgiones, rende l\u2019esperienza completa. <strong>Oltre La Caletta<\/strong>, il ritmo \u00e8 lento, la natura \u00e8 sovrana, e ogni giornata regala emozioni genuine.<\/p>\n\n\n\n<h2 class=\"wp-block-heading\">Quando \u00e8 il momento migliore per visitare La Caletta?<\/h2>\n\n\n\n<p>I mesi di giugno e settembre sono perfetti per evitare il caos estivo e godersi la <strong>playa<\/strong> in tutta tranquillit\u00e0. Luglio e agosto offrono invece un\u2019atmosfera pi\u00f9 vivace, con eventi, musica e turisti da tutta Europa. Il <strong>mar azul<\/strong>El <strong>cale<\/strong>, i profumi della <strong>pinar<\/strong> e le lunghe giornate di sole fanno s\u00ec che ogni periodo abbia il suo fascino. Se ami la tranquillit\u00e0 assoluta, considera anche maggio o ottobre: troverai un luogo magico senza folla, ideale per rigenerarsi.<\/p>\n\n\n\n<h2 class=\"wp-block-heading\">Cosa consiglia chi ha gi\u00e0 visitato La Caletta?<\/h2>\n\n\n\n<p>Chi \u00e8 gi\u00e0 stato in <strong>vacanza a La Caletta<\/strong> la descrive come un luogo dove tornare. Molti apprezzano la variet\u00e0 di <strong>playas<\/strong>, l\u2019atmosfera rilassata del <strong>peque\u00f1a aldea<\/strong>, la bellezza del <strong>mar azul<\/strong>, ma anche la posizione strategica per visitare <strong>toda Cerde\u00f1a<\/strong>. I lettori del nostro <strong>blog di viaggi<\/strong> consigliano di <strong>Libro<\/strong> per tempo l\u2019alloggio e magari di noleggiare un\u2019auto da <strong>La Caletta<\/strong> per esplorare meglio la costa. Consigliatissime le gite in <strong>bote<\/strong> o le giornate a <strong>Berchida<\/strong>uno de los <strong>las playas m\u00e1s bonitas<\/strong> d\u2019Europa.<\/p>\n\n\n\n<h2 class=\"wp-block-heading\">Cosa non devi assolutamente perdere?<\/h2>\n\n\n\n<p>Tra le esperienze da non perdere ci sono sicuramente la passeggiata lungo la <strong>spiaggia La Caletta<\/strong>, un\u2019escursione in barca verso <strong>Cala Mariolu<\/strong> e <strong>Cala Sisine<\/strong>, una visita al <strong>Castillo de Fava<\/strong>, un tuffo nelle acque trasparenti di <strong>Cabo Comino<\/strong>, e una cena romantica nel porticciolo. Ma soprattutto, non perdere l\u2019occasione di lasciarti sorprendere: <strong>La Caletta<\/strong> \u00e8 fatta di momenti semplici, ma indimenticabili.<\/p>\n\n\n\n<h2 class=\"wp-block-heading\">Resumen de los puntos m\u00e1s importantes<\/h2>\n\n\n\n<p>La Caletta \u00e8 una localit\u00e0 balneare della <strong>costa este de Cerde\u00f1a<\/strong>, perfetta per una vacanza tra mare, natura e relax<\/p>\n\n\n\n<p>La <strong>spiaggia La Caletta<\/strong> \u00e8 lunga, sabbiosa e attrezzata, ideale per famiglie e amanti del mare<\/p>\n\n\n\n<p>En <strong>dintorni di Siniscola<\/strong> hay <strong>playas<\/strong> espectacular como <strong>Berchida<\/strong>, <strong>Cabo Comino<\/strong>, e <strong>Santa Luc\u00eda<\/strong><\/p>\n\n\n\n<p>El <strong>porto di La Caletta<\/strong> offre escursioni verso il <strong>Golfo de Orosei<\/strong> e servizi di <strong>alquiler<\/strong><\/p>\n\n\n\n<p>Para <strong>dormire a La Caletta<\/strong>, puoi scegliere tra hotel, b&amp;b e <strong>case vacanze<\/strong><\/p>\n\n\n\n<p>El <strong>peque\u00f1a aldea<\/strong> offre relax, buona cucina e bellezze naturali<\/p>\n\n\n\n<p>Prenota in anticipo nei mesi estivi per trovare le migliori sistemazioni<\/p>\n\n\n\n<p>La Caletta \u00e8 facilmente raggiungibile da Olbia e Nuoro<\/p>\n\n\n\n<p>Perfetta anche per lo sport: windsurf, kite, canoa e snorkeling<\/p>\n\n\n\n<p>Una meta che unisce mare, cultura, natura e tradizione<\/p>\n\n\n\n<h2 class=\"wp-block-heading\">Preguntas m\u00e1s frecuentes (FAQ)<\/h2>\n\n\n\n<p><strong>Qual \u00e8 il periodo migliore per andare a La Caletta?<\/strong><br>I mesi di giugno e settembre sono ideali per evitare l\u2019affollamento e godersi il clima. Luglio e agosto offrono pi\u00f9 vita e eventi.<\/p>\n\n\n\n<p><strong>La Caletta \u00e8 adatta ai bambini?<\/strong><br>S\u00ed, el <strong>spiaggia La Caletta<\/strong> ha fondali bassi e sabbia fine, perfetta per famiglie con bambini.<\/p>\n\n\n\n<p><strong>Si possono trovare case vacanze a La Caletta?<\/strong><br>Assolutamente s\u00ec, ci sono molte opzioni di <strong>case vacanze<\/strong> e appartamenti vicini alla <strong>playa<\/strong>.<\/p>\n\n\n\n<p><strong>Come raggiungo La Caletta da Olbia?<\/strong><br>In auto ci vogliono circa 50 minuti. \u00c8 anche possibile utilizzare i bus regionali, ma l\u2019auto offre maggiore libert\u00e0.<\/p>\n\n\n\n<p><strong>Dove posso noleggiare attrezzature da mare?<\/strong><br>Presso il <strong>puerto deportivo<\/strong> o direttamente in <strong>playa<\/strong>, troverai <strong>noleggio attrezzature<\/strong> come lettini, ombrelloni, canoe e gommoni.<\/p>\n\n\n\n<p><strong>Quali sono le migliori spiagge nei dintorni?<\/strong><br><strong>Berchida<\/strong>, <strong>Cabo Comino<\/strong>, <strong>Santa Luc\u00eda<\/strong>, <strong>San Giovanni di Posada<\/strong>, e tante <strong>cale<\/strong> verso il <strong>Golfo de Orosei<\/strong>.<\/p>\n\n\n\n<p><strong>Ci sono attivit\u00e0 per sportivi?<\/strong><br>S\u00ec, dalla <strong>playa<\/strong> \u00e8 possibile praticare <strong>windsurf<\/strong>, <strong>cometa<\/strong>, snorkeling e <strong>surf e sub<\/strong>.<\/p>\n\n\n\n<p><strong>Dove mangiare piatti tipici?<\/strong><br>Nel centro del paese e vicino al <strong>puerto deportivo<\/strong> ci sono ristorantini che propongono cucina <strong>Cerde\u00f1a<\/strong> tradicional.<\/p>\n\n\n\n<p><strong>Conviene prenotare l\u2019alloggio in anticipo?<\/strong><br>S\u00ec, soprattutto nei mesi centrali dell\u2019estate per avere pi\u00f9 scelta e prezzi migliori.<\/p>\n\n\n\n<p><strong>Cosa vedere oltre la spiaggia?<\/strong><br>El <strong>Castillo de Fava<\/strong>el pueblo de <strong>Posada<\/strong>, i mercatini serali e le <strong>excursiones<\/strong> via mare sono tra le attivit\u00e0 pi\u00f9 amate.<\/p>\n\n\n\n<p><\/p>","protected":false},"excerpt":{"rendered":"<p>Vacanza a La Caletta: un gioiello nascosto nella costa orientale della Sardegna Immagina una spiaggia lunga tre chilometri, sabbia finissima, fondali trasparenti e un piccolo borgo dove il tempo sembra [&hellip;]<\/p>","protected":false},"author":2,"featured_media":81968,"parent":0,"comment_status":"open","ping_status":"open","sticky":false,"template":"","format":"standard","meta":{"fifu_image_url":"","fifu_image_alt":"","footnotes":""},"categories":[19132],"tags":[],"class_list":["post-81967","post","type-post","status-publish","format-standard","has-post-thumbnail","hentry","category-destinazioni-sardegna"],"_links":{"self":[{"href":"https:\/\/www.yepsea.com\/es\/wp-json\/wp\/v2\/posts\/81967","targetHints":{"allow":["GET"]}}],"collection":[{"href":"https:\/\/www.yepsea.com\/es\/wp-json\/wp\/v2\/posts"}],"about":[{"href":"https:\/\/www.yepsea.com\/es\/wp-json\/wp\/v2\/types\/post"}],"author":[{"embeddable":true,"href":"https:\/\/www.yepsea.com\/es\/wp-json\/wp\/v2\/users\/2"}],"replies":[{"embeddable":true,"href":"https:\/\/www.yepsea.com\/es\/wp-json\/wp\/v2\/comments?post=81967"}],"version-history":[{"count":0,"href":"https:\/\/www.yepsea.com\/es\/wp-json\/wp\/v2\/posts\/81967\/revisions"}],"wp:featuredmedia":[{"embeddable":true,"href":"https:\/\/www.yepsea.com\/es\/wp-json\/wp\/v2\/media\/81968"}],"wp:attachment":[{"href":"https:\/\/www.yepsea.com\/es\/wp-json\/wp\/v2\/media?parent=81967"}],"wp:term":[{"taxonomy":"category","embeddable":true,"href":"https:\/\/www.yepsea.com\/es\/wp-json\/wp\/v2\/categories?post=81967"},{"taxonomy":"post_tag","embeddable":true,"href":"https:\/\/www.yepsea.com\/es\/wp-json\/wp\/v2\/tags?post=81967"}],"curies":[{"name":"wp","href":"https:\/\/api.w.org\/{rel}","templated":true}]}}