{"id":81963,"date":"2025-07-25T13:36:25","date_gmt":"2025-07-25T11:36:25","guid":{"rendered":"https:\/\/yepsea.com\/?p=81963"},"modified":"2025-07-29T17:44:20","modified_gmt":"2025-07-29T15:44:20","slug":"candeleros-sassari-descenso","status":"publish","type":"post","link":"https:\/\/www.yepsea.com\/es\/candeleros-sassari-descenso\/","title":{"rendered":"Bajada de los Candelabros de Sassari: La Faradda 2025"},"content":{"rendered":"<h2 class=\"wp-block-heading\">Bajada de los Candeleros en Sassari 2025: todo sobre la Faradda, Patrimonio Mundial<\/h2>\n\n\n\n<p>Cada a\u00f1o, la ciudad de Sassari se transforma en un vibrante teatro de fe, m\u00fasica y tradici\u00f3n con el <strong>Bajada de los Candelabros<\/strong>una de las fiestas religiosas m\u00e1s sentidas y evocadoras de Cerde\u00f1a. La edici\u00f3n de <strong>2025<\/strong> promete ser a\u00fan m\u00e1s especial, combinando historia y espiritualidad en un atractivo espect\u00e1culo arraigado en <strong>quinientos a\u00f1os<\/strong> de devoci\u00f3n popular. En este art\u00edculo, te guiar\u00e9 para que descubras la <strong>Faradda de Sassari<\/strong>Te hablar\u00e9 de los or\u00edgenes, los protagonistas, los significados ocultos detr\u00e1s de cada <strong>candelabro<\/strong>y darle toda la informaci\u00f3n que necesita para participar en el <strong>Bajada de los Candeleros 2025<\/strong>. Si le gustan las fiestas populares, las tradiciones aut\u00e9nticas y el patrimonio cultural inmaterial de la humanidad, siga leyendo: realmente merece la pena.<\/p>\n\n\n\n<figure class=\"wp-block-image size-full\"><img fetchpriority=\"high\" decoding=\"async\" width=\"750\" height=\"421\" src=\"https:\/\/yepsea.com\/wp-content\/uploads\/discesa-candelieri-sassari.webp\" alt=\"Bajada de los Candelabros Sassari\" class=\"wp-image-81964\" srcset=\"https:\/\/www.yepsea.com\/wp-content\/uploads\/discesa-candelieri-sassari.webp 750w, https:\/\/www.yepsea.com\/wp-content\/uploads\/discesa-candelieri-sassari-18x10.webp 18w\" sizes=\"(max-width: 750px) 100vw, 750px\" \/><figcaption class=\"wp-element-caption\">Bajada de los Candelabros Sassari<\/figcaption><\/figure>\n\n\n\n<h2 class=\"wp-block-heading\">\u00bfQu\u00e9 es la Bajada de los Candelabros de Sassari y por qu\u00e9 es tan especial?<\/h2>\n\n\n\n<p>La <strong>Bajada de los Candelabros<\/strong>llamado en dialecto de Sassari <strong>Faradda di li Candareri<\/strong>es una procesi\u00f3n votiva que se celebra cada a\u00f1o en <strong>Sassari el 14 de agosto<\/strong>la v\u00edspera de la fiesta de la Asunci\u00f3n. Se trata de un ritual colectivo en el que grandes columnas de madera, llamadas <strong>candelabros<\/strong>a hombros de grupos llamados <strong>gremi<\/strong>la antigua <strong>gremios de artes y oficios<\/strong>. Cada <strong>candelabro<\/strong> representa un oficio, una tradici\u00f3n, una identidad.<\/p>\n\n\n\n<p>Lo que hace \u00fanica a esta celebraci\u00f3n es su mezcla de lo sagrado y lo profano, de espiritualidad y espect\u00e1culo. Es un acontecimiento capaz de implicar a todo el <strong>ciudad de Sassari<\/strong>desde familias a turistas, desde religiosos a j\u00f3venes en busca de emociones aut\u00e9nticas. Desde 2013, la <strong>Faradda<\/strong> se incluy\u00f3 en el <strong>Red de grandes paletizadoras italianas<\/strong>reconocido por la UNESCO como <strong>patrimonio cultural inmaterial de la humanidad<\/strong>.<\/p>\n\n\n\n<h2 class=\"wp-block-heading\">\u00bfCu\u00e1l es la historia de la Faradda? De las plagas a la devoci\u00f3n<\/h2>\n\n\n\n<p>La Faradda tiene or\u00edgenes muy antiguos y proviene de un voto hecho a la Virgen Mar\u00eda durante uno de los <strong>terribles plagas que peri\u00f3dicamente azotaban la ciudad<\/strong>. Alrededor del <strong>Siglo XVI<\/strong>el ayuntamiento de Sassari instituy\u00f3 una procesi\u00f3n para disolver el <strong>voto de la ciudad en honor de la Virgen de la Asunci\u00f3n<\/strong>invocando su <strong>intercesi\u00f3n<\/strong> para librar a la poblaci\u00f3n de la peste. A partir de entonces, cada <strong>14 de agosto de cada a\u00f1o<\/strong>, i <strong>gremi<\/strong> traigan los suyos <strong>candelabros<\/strong> hasta el <strong>Iglesia de Santa Mar\u00eda de Bel\u00e9n<\/strong>donde la estatua del <strong>Nuestra Se\u00f1ora de la Asunci\u00f3n<\/strong>.<\/p>\n\n\n\n<p>Esta tradici\u00f3n se ha mantenido ininterrumpidamente durante m\u00e1s de un siglo. <strong>cinco siglos<\/strong>convirti\u00e9ndose en parte integrante de la identidad de Sassari. La <strong>Faradda<\/strong> no es s\u00f3lo una fiesta religiosa, sino tambi\u00e9n una ocasi\u00f3n para recordar las ra\u00edces culturales de la ciudad y rendir homenaje a una fe popular que se ha transmitido de generaci\u00f3n en generaci\u00f3n. <strong>quinientos a\u00f1os<\/strong>.<\/p>\n\n\n\n<figure class=\"wp-block-image size-full\"><img decoding=\"async\" width=\"1129\" height=\"635\" src=\"https:\/\/yepsea.com\/wp-content\/uploads\/faradda-sassari.jpg\" alt=\"La Faradda de Sassari\" class=\"wp-image-81965\" srcset=\"https:\/\/www.yepsea.com\/wp-content\/uploads\/faradda-sassari.jpg 1129w, https:\/\/www.yepsea.com\/wp-content\/uploads\/faradda-sassari-768x432.jpg 768w, https:\/\/www.yepsea.com\/wp-content\/uploads\/faradda-sassari-18x10.jpg 18w\" sizes=\"(max-width: 1129px) 100vw, 1129px\" \/><figcaption class=\"wp-element-caption\">La Faradda de Sassari<\/figcaption><\/figure>\n\n\n\n<h2 class=\"wp-block-heading\">\u00bfCu\u00e1ndo se celebra la Bajada de los Candeleros 2025? Todas las fechas oficiales<\/h2>\n\n\n\n<p>La edici\u00f3n de 2025 del <strong>Bajada de los Candelabros<\/strong> se celebrar\u00e1 como siempre en el <strong>noche del 14 de agosto<\/strong>pero los acontecimientos comenzar\u00e1n ya en los d\u00edas previos, transformando todo el <strong>Agosto<\/strong> en un periodo lleno de citas. \u00c9stas son las fechas que hay que se\u00f1alar:<\/p>\n\n\n\n<p><strong>12 de agosto de 2025<\/strong> - Faradda dei <strong>candelabros peque\u00f1os<\/strong>con el desfile infantil<\/p>\n\n\n\n<p><strong>13 de agosto de 2025<\/strong> - Faradda dei <strong>candelabros medianos<\/strong>dedicado a los j\u00f3venes<\/p>\n\n\n\n<p><strong>14 de agosto de 2025<\/strong> - Grande <strong>Faradda dei Candelieri<\/strong>evento principal, a partir de <strong>Plaza del Castillo<\/strong> y llegar al <strong>Iglesia de Santa Mar\u00eda de Bel\u00e9n<\/strong><\/p>\n\n\n\n<p>La ma\u00f1ana del 14 se reservar\u00e1 para vestir a los <strong>portavelas<\/strong> y homenajes institucionales. El descenso est\u00e1 previsto que comience en torno a las 18.00 horas, con un recorrido por el coraz\u00f3n del <strong>calles del centro hist\u00f3rico<\/strong>, tocando <strong>Corso Vittorio Emanuele II<\/strong>m\u00fasica, aplausos y un torbellino de emociones.<\/p>\n\n\n\n<h2 class=\"wp-block-heading\">\u00bfC\u00f3mo se celebra la procesi\u00f3n de las Velas?<\/h2>\n\n\n\n<p>La <strong>Procesi\u00f3n de las velas<\/strong> sigue un ritual preciso. I <strong>gremi<\/strong> llevar enormes <strong>velas de madera<\/strong>de hasta 4 metros de altura y un peso de <strong>cuatro quintales<\/strong>. I <strong>transportistas<\/strong>con pasos ritmados por tambores y acordeones, mecen el <strong>candelabro<\/strong> a lo largo de todo el recorrido. Este movimiento oscilante representa un extenuante gesto votivo, un acto de <strong>devoci\u00f3n<\/strong> e <strong>acci\u00f3n de gracias<\/strong> en <strong>Nuestra Se\u00f1ora de la Asunci\u00f3n<\/strong>.<\/p>\n\n\n\n<p>La llegada frente al <strong>Iglesia de Santa Mar\u00eda<\/strong>tambi\u00e9n conocido como <strong>Santa Mar\u00eda de Bel\u00e9n<\/strong>es el momento m\u00e1s solemne. Aqu\u00ed cada <strong>gremio<\/strong> se detiene en el <strong>cementerio<\/strong> para cumplir su ofrenda espiritual y <strong>romper el voto a la Virgen<\/strong>. La participaci\u00f3n es gratuita e implica <strong>miles de visitantes<\/strong> de todo el <strong>Cerde\u00f1a<\/strong> y tambi\u00e9n del continente.<\/p>\n\n\n\n<h2 class=\"wp-block-heading\">\u00bfQu\u00e9 representan los Candelabros y qui\u00e9nes son los Gremi?<\/h2>\n\n\n\n<p>Cada <strong>candelabro<\/strong> est\u00e1 vinculado a un <strong>gremio<\/strong>o a uno de los antiguos <strong>gremios de artes y oficios<\/strong> de la ciudad: panaderos, carpinteros, alba\u00f1iles, zapateros, agricultores y otros. Cada <strong>gremio<\/strong> tiene su propio <strong>candelabro<\/strong>decoradas con cintas, flores, escudos e im\u00e1genes sagradas. La m\u00e1s famosa es la del <strong>Gremio dei Massai<\/strong>relacionados con la cultura rural de Sassari.<\/p>\n\n\n\n<p>Estos <strong>velas<\/strong> no son meros objetos decorativos: son s\u00edmbolos de identidad que representan al pueblo de Sassari y el v\u00ednculo indisoluble entre trabajo, fe y comunidad. Cada <strong>al portador<\/strong> prepara durante meses para poder llevar su <strong>candelabro<\/strong> a lo largo de todo el recorrido, entrenando la fuerza y la resistencia.<\/p>\n\n\n\n<h2 class=\"wp-block-heading\">\u00bfCu\u00e1l es el significado votivo de la fiesta?<\/h2>\n\n\n\n<p>La <strong>Bajada de los Candelabros<\/strong> es, ante todo, un partido <strong>votivo<\/strong>. Cada paso dado por el <strong>transportistas<\/strong>cualquier oscilaci\u00f3n del <strong>candelabro<\/strong>cada nota de la m\u00fasica tradicional es una forma de <strong>oraci\u00f3n<\/strong>. La profunda sensaci\u00f3n de <strong>Faradda<\/strong> es la de <strong>romper el voto a la Virgen<\/strong>un voto realizado <strong>hace quinientos a\u00f1os<\/strong> para exigir el fin de la <strong>plagas<\/strong>.<\/p>\n\n\n\n<p>El v\u00ednculo espiritual es tan fuerte que a\u00fan hoy muchas familias de Sassari experimentan la <strong>14 de agosto<\/strong> como un momento de reflexi\u00f3n, recogimiento y renovaci\u00f3n. <strong>confianza<\/strong> en <strong>Nuestra Se\u00f1ora de la Asunci\u00f3n<\/strong>con un gran sentido de comunidad.<\/p>\n\n\n\n<h2 class=\"wp-block-heading\">\u00bfD\u00f3nde tiene lugar el Descenso y cu\u00e1l es el recorrido?<\/h2>\n\n\n\n<p>La ruta del <strong>Faradda 2025<\/strong> comienza a partir de <strong>Plaza del Castillo<\/strong>donde una vez <strong>se alzaba el antiguo castillo aragon\u00e9s<\/strong>y discurre a lo largo del <strong>calles del centro hist\u00f3rico<\/strong>. La procesi\u00f3n pasa por <strong>Corso Vittorio Emanuele<\/strong>hasta el <strong>Iglesia de Santa Mar\u00eda de Bel\u00e9n<\/strong>donde termina la ceremonia.<\/p>\n\n\n\n<p>El recorrido est\u00e1 jalonado por miles de espectadores, sassaresi y turistas, que animan e incitan al <strong>portavelas<\/strong>. El ambiente es m\u00e1gico: colores, sonidos, olores y canciones se mezclan en un marco que s\u00f3lo el <strong>Faradda de Sassari<\/strong> puede ofrecer.<\/p>\n\n\n\n<h2 class=\"wp-block-heading\">\u00bfQu\u00e9 ocurre despu\u00e9s de la Faradda?<\/h2>\n\n\n\n<p>Una vez finalizado el descenso, contin\u00faan los festejos. Las celebraciones contin\u00faan el 15 de agosto con la misa solemne del<strong>Assunta<\/strong>mientras que el <strong>Premio Ciudad de Sassari<\/strong> se concede a personalidades o <strong>Sardos que han dado prestigio a Sassari y Cerde\u00f1a<\/strong>. En <strong>Candelabro dorado especial<\/strong> es uno de los premios m\u00e1s esperados.<\/p>\n\n\n\n<p>Adem\u00e1s, durante toda la semana, la ciudad acoge conciertos, exposiciones, actos culturales y espect\u00e1culos que forman parte del programa oficial disponible en el <strong>Sitio web del Ayuntamiento de Sassari<\/strong>.<\/p>\n\n\n\n<h2 class=\"wp-block-heading\">\u00bfC\u00f3mo participar o asistir a la Bajada de las Velas 2025?<\/h2>\n\n\n\n<p>No se necesita entrada para asistir al <strong>Faradda de Sassari 2025<\/strong>El acto es p\u00fablico y gratuito. No obstante, se recomienda llegar con antelaci\u00f3n, especialmente a \u00faltima hora de la tarde del <strong>14 de agosto<\/strong>para encontrar un buen lugar largo <strong>Corso Vittorio Emanuele<\/strong> o cerca del <strong>Iglesia de Santa Mar\u00eda<\/strong>.<\/p>\n\n\n\n<p>Quienes deseen vivir el acontecimiento de un modo a\u00fan m\u00e1s envolvente podr\u00e1n participar en actos paralelos, exposiciones sobre el <strong>velas de madera<\/strong>o escuchar entrevistas con los <strong>transportistas<\/strong> y miembros de la <strong>gremi<\/strong> que cuentan an\u00e9cdotas e historias personales relacionadas con el festival.<\/p>\n\n\n\n<h2 class=\"wp-block-heading\">\u00bfPor qu\u00e9 la Bajada de los Candeleros es Patrimonio Mundial?<\/h2>\n\n\n\n<p>Desde 2013, la <strong>Faradda<\/strong> entr\u00f3 en el prestigioso <strong>red de grandes paletizadoras italianas<\/strong>junto con el <strong>Lirios de Nola<\/strong>la Macchina di Santa Rosa en Viterbo y la Varia en Palmi. Este reconocimiento de la UNESCO confirm\u00f3 el valor universal de la <strong>Bajada de los Candelabros<\/strong>no s\u00f3lo como manifestaci\u00f3n folcl\u00f3rica, sino como expresi\u00f3n viva de <strong>patrimonio inmaterial<\/strong>.<\/p>\n\n\n\n<p>La <strong>Faradda de Sassari<\/strong> es la prueba de que incluso las tradiciones locales pueden convertirse en <strong>patrimonio cultural de la humanidad<\/strong>cuando pueden hablar al coraz\u00f3n, transmitir valores, unir a una comunidad. Raz\u00f3n de m\u00e1s para estar all\u00ed en <strong>2025<\/strong>.<\/p>\n\n\n\n<h3 class=\"wp-block-heading\">FAQ - Preguntas frecuentes sobre el Descenso de los Candeleros 2025<\/h3>\n\n\n\n<p><strong>\u00bfCu\u00e1ndo tiene lugar exactamente el Descenso de los Candeleros?<\/strong><br>La tarde del 14 de agosto de 2025, a partir de las 18.00 horas desde la Piazza Castello.<\/p>\n\n\n\n<p><strong>\u00bfNecesita una entrada para asistir a la procesi\u00f3n?<\/strong><br>No, es gratuito y est\u00e1 abierto a todos.<\/p>\n\n\n\n<p><strong>\u00bfCu\u00e1ntos candelabros desfilan?<\/strong><br>Generalmente entre 8 y 10, cada uno representando un gremio hist\u00f3rico.<\/p>\n\n\n\n<p><strong>\u00bfD\u00f3nde termina la procesi\u00f3n?<\/strong><br>Delante de la iglesia de Santa Mar\u00eda de Bel\u00e9n.<\/p>\n\n\n\n<p><strong>\u00bfEste acto es apto para ni\u00f1os?<\/strong><br>S\u00ed, y en los d\u00edas anteriores hay Faradde de candelabros peque\u00f1os y medianos.<\/p>\n\n\n\n<p><strong>\u00bfQu\u00e9 ropa se pone para participar?<\/strong><br>No hay c\u00f3digo de vestimenta, pero se recomienda llevar ropa ligera y calzado c\u00f3modo.<\/p>\n\n\n\n<p><strong>\u00bfPuedo hacer fotograf\u00edas durante la Faradda?<\/strong><br>S\u00ed, pero respetando el ritual y a los portadores.<\/p>\n\n\n\n<p><strong>\u00bfD\u00f3nde aparcar en Sassari para el evento?<\/strong><br>Se facilitar\u00e1n plazas de aparcamiento adicionales y lanzaderas. Consulte el sitio web del Ayuntamiento de Sassari.<\/p>\n\n\n\n<p><strong>\u00bfQu\u00e9 es el candelabro dorado?<\/strong><br>Premio concedido cada a\u00f1o a un sasar\u00e9s o sardo que haya dado prestigio a la ciudad.<\/p>\n\n\n\n<p><strong>\u00bfQu\u00e9 ver en Sassari adem\u00e1s de la Faradda?<\/strong><br>El centro hist\u00f3rico, el Museo Sanna, la Catedral de San Nicola y las playas de los alrededores.<\/p>","protected":false},"excerpt":{"rendered":"<p>Discesa dei Candelieri a Sassari 2025: tutto sulla Faradda patrimonio dell\u2019umanit\u00e0 Ogni anno, la citt\u00e0 di Sassari si trasforma in un teatro vibrante di fede, musica e tradizione con la [&hellip;]<\/p>","protected":false},"author":2,"featured_media":81964,"parent":0,"comment_status":"open","ping_status":"open","sticky":false,"template":"","format":"standard","meta":{"fifu_image_url":"","fifu_image_alt":"","footnotes":""},"categories":[],"tags":[],"class_list":["post-81963","post","type-post","status-publish","format-standard","has-post-thumbnail","hentry"],"_links":{"self":[{"href":"https:\/\/www.yepsea.com\/es\/wp-json\/wp\/v2\/posts\/81963","targetHints":{"allow":["GET"]}}],"collection":[{"href":"https:\/\/www.yepsea.com\/es\/wp-json\/wp\/v2\/posts"}],"about":[{"href":"https:\/\/www.yepsea.com\/es\/wp-json\/wp\/v2\/types\/post"}],"author":[{"embeddable":true,"href":"https:\/\/www.yepsea.com\/es\/wp-json\/wp\/v2\/users\/2"}],"replies":[{"embeddable":true,"href":"https:\/\/www.yepsea.com\/es\/wp-json\/wp\/v2\/comments?post=81963"}],"version-history":[{"count":0,"href":"https:\/\/www.yepsea.com\/es\/wp-json\/wp\/v2\/posts\/81963\/revisions"}],"wp:featuredmedia":[{"embeddable":true,"href":"https:\/\/www.yepsea.com\/es\/wp-json\/wp\/v2\/media\/81964"}],"wp:attachment":[{"href":"https:\/\/www.yepsea.com\/es\/wp-json\/wp\/v2\/media?parent=81963"}],"wp:term":[{"taxonomy":"category","embeddable":true,"href":"https:\/\/www.yepsea.com\/es\/wp-json\/wp\/v2\/categories?post=81963"},{"taxonomy":"post_tag","embeddable":true,"href":"https:\/\/www.yepsea.com\/es\/wp-json\/wp\/v2\/tags?post=81963"}],"curies":[{"name":"wp","href":"https:\/\/api.w.org\/{rel}","templated":true}]}}