{"id":78229,"date":"2024-12-19T18:50:45","date_gmt":"2024-12-19T17:50:45","guid":{"rendered":"https:\/\/yepsea.com\/?p=78229"},"modified":"2025-05-14T19:51:04","modified_gmt":"2025-05-14T17:51:04","slug":"i-personaggi-piu-famosi-legati-allarcipelago-la-maddalena","status":"publish","type":"post","link":"https:\/\/www.yepsea.com\/es\/i-personaggi-piu-famosi-legati-allarcipelago-la-maddalena\/","title":{"rendered":"I personaggi pi\u00f9 famosi legati all&#8217;Arcipelago La Maddalena"},"content":{"rendered":"<div data-elementor-type=\"wp-post\" data-elementor-id=\"78229\" class=\"elementor elementor-78229\" data-elementor-post-type=\"post\">\n\t\t\t\t<div class=\"elementor-element elementor-element-43e7e83a e-flex e-con-boxed e-con e-parent\" data-id=\"43e7e83a\" data-element_type=\"container\">\n\t\t\t\t\t<div class=\"e-con-inner\">\n\t\t\t\t<div class=\"elementor-element elementor-element-3bfb6b54 elementor-widget elementor-widget-text-editor\" data-id=\"3bfb6b54\" data-element_type=\"widget\" data-widget_type=\"text-editor.default\">\n\t\t\t\t<div class=\"elementor-widget-container\">\n\t\t\t\t\t\t\t\t\t<article class=\"w-full scroll-mb-[var(--thread-trailing-height,150px)] text-token-text-primary focus-visible:outline-2 focus-visible:outline-offset-[-4px]\" dir=\"auto\" data-testid=\"conversation-turn-37\" data-scroll-anchor=\"false\"><div class=\"m-auto text-base py-[18px] px-3 md:px-4 w-full md:px-5 lg:px-4 xl:px-5\"><div class=\"mx-auto flex flex-1 gap-4 text-base md:gap-5 lg:gap-6 md:max-w-3xl lg:max-w-[40rem] xl:max-w-[48rem]\"><div class=\"group\/conversation-turn relative flex w-full min-w-0 flex-col agent-turn\"><div class=\"flex-col gap-1 md:gap-3\"><div class=\"flex max-w-full flex-col flex-grow\"><div class=\"min-h-8 text-message flex w-full flex-col items-end gap-2 whitespace-normal break-words text-start [.text-message+&amp;]:mt-5\" dir=\"auto\" data-message-author-role=\"assistant\" data-message-id=\"ef851afa-ae3d-41a0-ae86-b2659edb688f\" data-message-model-slug=\"gpt-4o-mini\"><div class=\"flex w-full flex-col gap-1 empty:hidden first:pt-[3px]\"><div class=\"markdown prose w-full break-words dark:prose-invert light\"><p>Oggi, continueremo il nostro viaggio tra le isole della Maddalena e vi racconter\u00f2 storie di personaggi che hanno segnato la storia di questo angolo di paradiso. Figure emblematiche che, tra arte, politica e letteratura, hanno lasciato un\u2019impronta indelebile nel nostro immaginario collettivo.<\/p><p>Preparatevi a scoprire storie, aneddoti e leggende che legano questi personaggi alla Maddalena e alla sua storia.<\/p><\/div><\/div><\/div><\/div><\/div><\/div><\/div><\/div><\/article>\t\t\t\t\t\t\t\t<\/div>\n\t\t\t\t<\/div>\n\t\t\t\t\t<\/div>\n\t\t\t\t<\/div>\n\t\t<div class=\"elementor-element elementor-element-1316874 e-flex e-con-boxed e-con e-parent\" data-id=\"1316874\" data-element_type=\"container\">\n\t\t\t\t\t<div class=\"e-con-inner\">\n\t\t\t\t<div class=\"elementor-element elementor-element-fff4ad4 elementor-widget elementor-widget-heading\" data-id=\"fff4ad4\" data-element_type=\"widget\" data-widget_type=\"heading.default\">\n\t\t\t\t<div class=\"elementor-widget-container\">\n\t\t\t\t\t<h2 class=\"elementor-heading-title elementor-size-default\">Giuseppe Garibaldi<\/h2>\t\t\t\t<\/div>\n\t\t\t\t<\/div>\n\t\t\t\t<div class=\"elementor-element elementor-element-6563bbf elementor-widget elementor-widget-image\" data-id=\"6563bbf\" data-element_type=\"widget\" data-widget_type=\"image.default\">\n\t\t\t\t<div class=\"elementor-widget-container\">\n\t\t\t\t\t\t\t\t\t\t\t\t\t\t\t<img fetchpriority=\"high\" decoding=\"async\" width=\"337\" height=\"450\" src=\"https:\/\/www.yepsea.com\/wp-content\/uploads\/la-maddalena-statua-garibaldi.jpg\" class=\"attachment-large size-large wp-image-78664\" alt=\"Statua di Garibaldi, La Maddalena\" srcset=\"https:\/\/www.yepsea.com\/wp-content\/uploads\/la-maddalena-statua-garibaldi.jpg 337w, https:\/\/www.yepsea.com\/wp-content\/uploads\/la-maddalena-statua-garibaldi-9x12.jpg 9w\" sizes=\"(max-width: 337px) 100vw, 337px\" \/>\t\t\t\t\t\t\t\t\t\t\t\t\t\t\t<\/div>\n\t\t\t\t<\/div>\n\t\t\t\t<div class=\"elementor-element elementor-element-1758d4d elementor-widget elementor-widget-text-editor\" data-id=\"1758d4d\" data-element_type=\"widget\" data-widget_type=\"text-editor.default\">\n\t\t\t\t<div class=\"elementor-widget-container\">\n\t\t\t\t\t\t\t\t\t<p>Non possiamo che iniziare con Giuseppe Garibaldi, l\u2019uomo che, pi\u00f9 di ogni altro, ha legato la sua vita e la sua storia all&#8217;arcipelago della Maddalena. Arrivato a Caprera nel 1856, Garibaldi vi si stabil\u00ec per riprendersi dalla stanchezza delle battaglie e dedicarsi alla sua terra. Ma l&#8217;isola di Caprera non fu solo il rifugio di un eroe, bens\u00ec il cuore pulsante di una vita semplice ma intensa, lontano dalle luci della fama.<\/p><p>Si racconta che Garibaldi fosse molto attivo nella vita quotidiana dell&#8217;isola, coltivando la terra, allevando animali e prendendosi cura del suo giardino. Caprera, con le sue rocce e il mare cristallino, divenne il palcoscenico delle sue riflessioni e dei suoi ideali di libert\u00e0, che portarono alla creazione dell\u2019Italia unita. Ogni angolo di quell&#8217;isola, ancora oggi, sembra raccontare la sua storia. E chi si avventura a visitare la sua casa oggi, non pu\u00f2 non sentire l\u2019eco delle sue gesta eroiche, che, in fondo, sono state alimentate da quell\u2019amore profondo per la sua terra e per la libert\u00e0.<\/p>\t\t\t\t\t\t\t\t<\/div>\n\t\t\t\t<\/div>\n\t\t\t\t\t<\/div>\n\t\t\t\t<\/div>\n\t\t<div class=\"elementor-element elementor-element-e90f853 e-flex e-con-boxed e-con e-parent\" data-id=\"e90f853\" data-element_type=\"container\">\n\t\t\t\t\t<div class=\"e-con-inner\">\n\t\t\t\t<div class=\"elementor-element elementor-element-4a3164f elementor-widget elementor-widget-text-editor\" data-id=\"4a3164f\" data-element_type=\"widget\" data-widget_type=\"text-editor.default\">\n\t\t\t\t<div class=\"elementor-widget-container\">\n\t\t\t\t\t\t\t\t\t<h2><strong>Giuseppe Mazzini<\/strong><\/h2><p>Passiamo ora a <strong>Giuseppe Mazzini<\/strong>, il grande ideologo della <strong>Giovine Italia<\/strong>, la cui influenza sulle generazioni di patrioti che lottavano per l\u2019indipendenza d\u2019Italia \u00e8 stata fondamentale. Mazzini, pur non essendo residente a Caprera, ha avuto un&#8217;importante connessione ideologica con Garibaldi. La sua filosofia repubblicana, che vedeva l&#8217;Italia come una nazione unita sotto i principi della libert\u00e0 e dell&#8217;uguaglianza, ispir\u00f2 il giovane Garibaldi e i suoi seguaci.<\/p><p>Sebbene il loro rapporto fosse talvolta contraddittorio, con Garibaldi che preferiva un approccio pi\u00f9 pratico alla lotta per l&#8217;indipendenza, Mazzini rimase un punto di riferimento spirituale. Alcuni storici sostengono che proprio nella quiete di Caprera, Garibaldi trov\u00f2 il tempo di riflettere sugli scritti di Mazzini, che gli fornirono nuove idee per la sua lotta.<\/p><p>Mazzini, nel suo esilio, guardava con speranza all\u2019isola di Caprera come simbolo di resistenza e di speranza per un\u2019Italia unita. Le sue lettere a Garibaldi furono ricche di ideali, ma anche di quella profonda ammirazione che solo un grande pensatore pu\u00f2 provare nei confronti di un uomo d\u2019azione come Garibaldi.<\/p>\t\t\t\t\t\t\t\t<\/div>\n\t\t\t\t<\/div>\n\t\t\t\t\t<\/div>\n\t\t\t\t<\/div>\n\t\t<div class=\"elementor-element elementor-element-4e2386d e-flex e-con-boxed e-con e-parent\" data-id=\"4e2386d\" data-element_type=\"container\">\n\t\t\t\t\t<div class=\"e-con-inner\">\n\t\t\t\t<div class=\"elementor-element elementor-element-90f8076 elementor-widget elementor-widget-text-editor\" data-id=\"90f8076\" data-element_type=\"widget\" data-widget_type=\"text-editor.default\">\n\t\t\t\t<div class=\"elementor-widget-container\">\n\t\t\t\t\t\t\t\t\t<h2><strong>Gian Maria Volont\u00e9<\/strong><\/h2><p>Dal Risorgimento passiamo al XX secolo e al mondo del cinema, con il grande attore <strong>Gian Maria Volont\u00e9<\/strong>, che scopr\u00ec le bellezze della Maddalena e ne rimase affascinato. L\u2019isola, con il suo paesaggio incontaminato e la sua tranquillit\u00e0, divenne un rifugio per l\u2019attore che, oltre alla sua passione per il cinema, amava immergersi nella natura selvaggia.<\/p><p>Volont\u00e9, noto per i suoi ruoli in film come <em>Indagine su un cittadino al di sopra di ogni sospetto<\/em> e <em>La classe operaia va in paradiso<\/em>, trascorse molto tempo a Caprera, dove fu attratto dalla pace che solo un luogo cos\u00ec speciale come la Maddalena poteva offrire. La sua passione per la natura e la politica lo port\u00f2 a sentirsi profondamente legato alla storia di Garibaldi, e si dice che nelle sue passeggiate solitarie tra le coste dell\u2019isola, Volont\u00e9 riflettesse sul proprio ruolo sociale e politico, lontano dal clamore del set.<\/p>\t\t\t\t\t\t\t\t<\/div>\n\t\t\t\t<\/div>\n\t\t\t\t\t<\/div>\n\t\t\t\t<\/div>\n\t\t<div class=\"elementor-element elementor-element-2f5a745 e-flex e-con-boxed e-con e-parent\" data-id=\"2f5a745\" data-element_type=\"container\">\n\t\t\t\t\t<div class=\"e-con-inner\">\n\t\t\t\t<div class=\"elementor-element elementor-element-732c159 elementor-widget elementor-widget-text-editor\" data-id=\"732c159\" data-element_type=\"widget\" data-widget_type=\"text-editor.default\">\n\t\t\t\t<div class=\"elementor-widget-container\">\n\t\t\t\t\t\t\t\t\t<h2><strong>Domenico Millelire<\/strong><\/h2><p><strong>Domenico Millelire<\/strong>, il cui nome potrebbe non essere noto a molti, \u00e8 una figura centrale della storia locale dell&#8217;arcipelago della Maddalena. Millelire, un uomo di origini sarde, era conosciuto per il suo spirito patriottico e il suo impegno nelle lotte per l\u2019indipendenza dell\u2019isola e della Sardegna. Nel 1793, durante le guerre napoleoniche, Millelire partecip\u00f2 attivamente alla difesa dell&#8217;arcipelago contro gli invasori francesi, diventando una figura chiave della resistenza locale. La sua determinazione e il suo coraggio furono fondamentali per la salvezza dell\u2019isola in quei tempi difficili.<\/p><p>A livello locale, la sua figura \u00e8 ancora ricordata con grande affetto, e molte storie legate alla sua resistenza contro l&#8217;invasore sono tramandate di generazione in generazione. Millelire \u00e8 una delle tante figure dimenticate della storia che ha trovato, nella solitudine dell\u2019isola, la sua vera vocazione: difendere la sua terra, anche a costo della vita.<\/p>\t\t\t\t\t\t\t\t<\/div>\n\t\t\t\t<\/div>\n\t\t\t\t\t<\/div>\n\t\t\t\t<\/div>\n\t\t<div class=\"elementor-element elementor-element-30f5827 e-flex e-con-boxed e-con e-parent\" data-id=\"30f5827\" data-element_type=\"container\">\n\t\t\t\t\t<div class=\"e-con-inner\">\n\t\t\t\t<div class=\"elementor-element elementor-element-ad6d4bc elementor-widget elementor-widget-text-editor\" data-id=\"ad6d4bc\" data-element_type=\"widget\" data-widget_type=\"text-editor.default\">\n\t\t\t\t<div class=\"elementor-widget-container\">\n\t\t\t\t\t\t\t\t\t<h2><strong>Ugo Foscolo<\/strong><\/h2><p>Non possiamo dimenticare <strong>Ugo Foscolo<\/strong>, uno dei pi\u00f9 grandi poeti romantici italiani, che, seppur non sia mai vissuto direttamente sull&#8217;isola della Maddalena, nutr\u00ec un legame profondo con il mare e la Sardegna. Nel 1803, Foscolo si rifugi\u00f2 nell\u2019isola di <strong>San Pietro<\/strong>, un altro angolo della Sardegna, dove trov\u00f2 ispirazione per le sue poesie e meditazioni. Si dice che la bellezza selvaggia e isolata delle isole della Maddalena fosse spesso nelle sue riflessioni, e che, nelle sue lettere, parlasse con ammirazione delle coste sarde e dei suoi abitanti.<\/p><p>Foscolo, infatti, credeva fermamente che la libert\u00e0 e la bellezza del paesaggio fossero intrinsecamente legate, ed \u00e8 probabile che il mare che circonda l&#8217;arcipelago della Maddalena abbia ispirato le sue meditazioni sulla morte e sull\u2019esilio. Se avesse avuto la possibilit\u00e0 di soggiornare a Caprera, chiss\u00e0 quanto la figura di Garibaldi e l\u2019impegno per l\u2019indipendenza della Sardegna lo avrebbero influenzato!<\/p>\t\t\t\t\t\t\t\t<\/div>\n\t\t\t\t<\/div>\n\t\t\t\t<div class=\"elementor-element elementor-element-62577dc elementor-widget elementor-widget-text-editor\" data-id=\"62577dc\" data-element_type=\"widget\" data-widget_type=\"text-editor.default\">\n\t\t\t\t<div class=\"elementor-widget-container\">\n\t\t\t\t\t\t\t\t\tQuesti sono solo alcuni dei personaggi che hanno intrecciato la loro vita e la loro storia con l\u2019arcipelago della Maddalena. Garibaldi, Mazzini, Volont\u00e9, Millelire e Foscolo: ognuno di loro, a modo suo, ha lasciato un&#8217;impronta indelebile. Che si trattasse di ideali di libert\u00e0, di battaglie politiche o di riflessioni filosofiche, queste isole hanno accolto e ispirato chiunque abbia cercato di scrivere un capitolo importante nella storia d\u2019Italia.\t\t\t\t\t\t\t\t<\/div>\n\t\t\t\t<\/div>\n\t\t\t\t\t<\/div>\n\t\t\t\t<\/div>\n\t\t\t\t<\/div>","protected":false},"excerpt":{"rendered":"<p>Oggi, continueremo il nostro viaggio tra le isole della Maddalena e vi racconter\u00f2 storie di personaggi che hanno segnato la storia di questo angolo di paradiso. Figure emblematiche che, tra [&hellip;]<\/p>","protected":false},"author":2,"featured_media":78238,"parent":0,"comment_status":"open","ping_status":"open","sticky":false,"template":"","format":"standard","meta":{"fifu_image_url":"","fifu_image_alt":"","footnotes":""},"categories":[],"tags":[],"class_list":["post-78229","post","type-post","status-publish","format-standard","has-post-thumbnail","hentry"],"_links":{"self":[{"href":"https:\/\/www.yepsea.com\/es\/wp-json\/wp\/v2\/posts\/78229","targetHints":{"allow":["GET"]}}],"collection":[{"href":"https:\/\/www.yepsea.com\/es\/wp-json\/wp\/v2\/posts"}],"about":[{"href":"https:\/\/www.yepsea.com\/es\/wp-json\/wp\/v2\/types\/post"}],"author":[{"embeddable":true,"href":"https:\/\/www.yepsea.com\/es\/wp-json\/wp\/v2\/users\/2"}],"replies":[{"embeddable":true,"href":"https:\/\/www.yepsea.com\/es\/wp-json\/wp\/v2\/comments?post=78229"}],"version-history":[{"count":0,"href":"https:\/\/www.yepsea.com\/es\/wp-json\/wp\/v2\/posts\/78229\/revisions"}],"wp:featuredmedia":[{"embeddable":true,"href":"https:\/\/www.yepsea.com\/es\/wp-json\/wp\/v2\/media\/78238"}],"wp:attachment":[{"href":"https:\/\/www.yepsea.com\/es\/wp-json\/wp\/v2\/media?parent=78229"}],"wp:term":[{"taxonomy":"category","embeddable":true,"href":"https:\/\/www.yepsea.com\/es\/wp-json\/wp\/v2\/categories?post=78229"},{"taxonomy":"post_tag","embeddable":true,"href":"https:\/\/www.yepsea.com\/es\/wp-json\/wp\/v2\/tags?post=78229"}],"curies":[{"name":"wp","href":"https:\/\/api.w.org\/{rel}","templated":true}]}}