{"id":26198,"date":"2024-04-17T12:01:43","date_gmt":"2024-04-17T10:01:43","guid":{"rendered":"https:\/\/yepsea.com\/?p=26198"},"modified":"2024-06-25T12:46:53","modified_gmt":"2024-06-25T10:46:53","slug":"giant-red-arrubiu-el-gran-nuraghe-7","status":"publish","type":"post","link":"https:\/\/www.yepsea.com\/es\/giant-red-arrubiu-el-gran-nuraghe-7\/","title":{"rendered":"Descubrir Bear Rock"},"content":{"rendered":"<div data-elementor-type=\"wp-post\" data-elementor-id=\"26198\" class=\"elementor elementor-26198\" data-elementor-post-type=\"post\">\n\t\t\t\t\t\t<section class=\"elementor-section elementor-top-section elementor-element elementor-element-e34757a elementor-section-boxed elementor-section-height-default elementor-section-height-default\" data-id=\"e34757a\" data-element_type=\"section\">\n\t\t\t\t\t\t<div class=\"elementor-container elementor-column-gap-default\">\n\t\t\t\t\t<div class=\"elementor-column elementor-col-100 elementor-top-column elementor-element elementor-element-3e13f16\" data-id=\"3e13f16\" data-element_type=\"column\">\n\t\t\t<div class=\"elementor-widget-wrap elementor-element-populated\">\n\t\t\t\t\t\t<div class=\"elementor-element elementor-element-ef05220 elementor-widget elementor-widget-template\" data-id=\"ef05220\" data-element_type=\"widget\" data-widget_type=\"template.default\">\n\t\t\t\t<div class=\"elementor-widget-container\">\n\t\t\t\t\t\t\t<div class=\"elementor-template\">\n\t\t\t\t\t<div data-elementor-type=\"section\" data-elementor-id=\"55365\" class=\"elementor elementor-55365\" data-elementor-post-type=\"elementor_library\">\n\t\t\t\t\t<section class=\"elementor-section elementor-top-section elementor-element elementor-element-ad7a038 elementor-section-full_width elementor-section-height-default elementor-section-height-default\" data-id=\"ad7a038\" data-element_type=\"section\" data-settings=\"{&quot;background_background&quot;:&quot;classic&quot;}\">\n\t\t\t\t\t\t<div class=\"elementor-container elementor-column-gap-default\">\n\t\t\t\t\t<div class=\"elementor-column elementor-col-100 elementor-top-column elementor-element elementor-element-3880af3\" data-id=\"3880af3\" data-element_type=\"column\">\n\t\t\t<div class=\"elementor-widget-wrap elementor-element-populated\">\n\t\t\t\t\t\t<div class=\"elementor-element elementor-element-c0c047e elementor-headline--style-rotate elementor-widget elementor-widget-animated-headline\" data-id=\"c0c047e\" data-element_type=\"widget\" data-settings=\"{&quot;headline_style&quot;:&quot;rotate&quot;,&quot;animation_type&quot;:&quot;slide-down&quot;,&quot;rotating_text&quot;:&quot;Arcipelago La Maddalena&quot;,&quot;rotate_iteration_delay&quot;:2500}\" data-widget_type=\"animated-headline.default\">\n\t\t\t\t<div class=\"elementor-widget-container\">\n\t\t\t\t\t\t\t<p class=\"elementor-headline elementor-headline-animation-type-slide-down\">\n\t\t\t\t\t<span class=\"elementor-headline-plain-text elementor-headline-text-wrapper\">Las 5 mejores visitas <\/span>\n\t\t\t\t<span class=\"elementor-headline-dynamic-wrapper elementor-headline-text-wrapper\">\n\t\t\t\t\t<span class=\"elementor-headline-dynamic-text elementor-headline-text-active\">\n\t\t\t\tArchipi\u00e9lago de La Maddalena\t\t\t<\/span>\n\t\t\t\t\t\t<\/span>\n\t\t\t\t<\/p>\n\t\t\t\t\t\t<\/div>\n\t\t\t\t<\/div>\n\t\t\t\t\t<\/div>\n\t\t<\/div>\n\t\t\t\t\t<\/div>\n\t\t<\/section>\n\t\t\t\t<\/div>\n\t\t\t\t<\/div>\n\t\t\t\t\t\t<\/div>\n\t\t\t\t<\/div>\n\t\t\t\t<div class=\"elementor-element elementor-element-739edca elementor-widget elementor-widget-heading\" data-id=\"739edca\" data-element_type=\"widget\" data-widget_type=\"heading.default\">\n\t\t\t\t<div class=\"elementor-widget-container\">\n\t\t\t\t\t<h2 class=\"elementor-heading-title elementor-size-default\">\nDescubrir la Roca del Oso: un camino entre la historia y la leyenda<\/h2>\t\t\t\t<\/div>\n\t\t\t\t<\/div>\n\t\t\t\t<div class=\"elementor-element elementor-element-bf94cd0 elementor-widget elementor-widget-text-editor\" data-id=\"bf94cd0\" data-element_type=\"widget\" data-widget_type=\"text-editor.default\">\n\t\t\t\t<div class=\"elementor-widget-container\">\n\t\t\t\t\t\t\t\t\t<p>Un s\u00edmbolo ic\u00f3nico de Gallura: la Roca del Oso, tambi\u00e9n conocida como Capo d'Orso, es uno de los monumentos naturales m\u00e1s famosos de Cerde\u00f1a. Situada en el territorio de Palau, esta llamativa formaci\u00f3n gran\u00edtica domina el paisaje con su inconfundible silueta que, desde cierto \u00e1ngulo, se asemeja a la figura de un oso.<\/p>\t\t\t\t\t\t\t\t<\/div>\n\t\t\t\t<\/div>\n\t\t\t\t\t<\/div>\n\t\t<\/div>\n\t\t\t\t\t<\/div>\n\t\t<\/section>\n\t\t\t\t<section class=\"elementor-section elementor-top-section elementor-element elementor-element-6bb1f90 elementor-section-boxed elementor-section-height-default elementor-section-height-default\" data-id=\"6bb1f90\" data-element_type=\"section\">\n\t\t\t\t\t\t<div class=\"elementor-container elementor-column-gap-default\">\n\t\t\t\t\t<div class=\"elementor-column elementor-col-100 elementor-top-column elementor-element elementor-element-1792254\" data-id=\"1792254\" data-element_type=\"column\">\n\t\t\t<div class=\"elementor-widget-wrap elementor-element-populated\">\n\t\t\t\t\t\t<div class=\"elementor-element elementor-element-5a5a8c5 elementor-widget elementor-widget-heading\" data-id=\"5a5a8c5\" data-element_type=\"widget\" data-widget_type=\"heading.default\">\n\t\t\t\t<div class=\"elementor-widget-container\">\n\t\t\t\t\t<h2 class=\"elementor-heading-title elementor-size-default\">Roccia dell'Orso: un sentiero facile<\/h2>\t\t\t\t<\/div>\n\t\t\t\t<\/div>\n\t\t\t\t<div class=\"elementor-element elementor-element-8159d45 elementor-widget elementor-widget-text-editor\" data-id=\"8159d45\" data-element_type=\"widget\" data-widget_type=\"text-editor.default\">\n\t\t\t\t<div class=\"elementor-widget-container\">\n\t\t\t\t\t\t\t\t\t<p>Raggiungere la Roccia dell&#8217;Orso \u00e8 semplice e adatto a tutti. Dal centro di Palau, basta seguire la Via Capo d&#8217;Orso per circa 4,3 chilometri, fino a incontrare un bar sulla destra. Proseguendo per circa 100 metri su uno sterrato, si arriva a un cancello di legno che segna l&#8217;inizio del sentiero. Il percorso \u00e8 ben tracciato e non presenta difficolt\u00e0 particolari, conducendovi direttamente sulla sommit\u00e0 del rialzo granitico.<\/p>\t\t\t\t\t\t\t\t<\/div>\n\t\t\t\t<\/div>\n\t\t\t\t<div class=\"elementor-element elementor-element-02b83a4 elementor-widget elementor-widget-template\" data-id=\"02b83a4\" data-element_type=\"widget\" data-widget_type=\"template.default\">\n\t\t\t\t<div class=\"elementor-widget-container\">\n\t\t\t\t\t\t\t<div class=\"elementor-template\">\n\t\t\t\t\t<div data-elementor-type=\"section\" data-elementor-id=\"26200\" class=\"elementor elementor-26200\" data-elementor-post-type=\"elementor_library\">\n\t\t\t\t\t<section class=\"elementor-section elementor-top-section elementor-element elementor-element-b7f1442 elementor-section-full_width elementor-section-height-default elementor-section-height-default\" data-id=\"b7f1442\" data-element_type=\"section\">\n\t\t\t\t\t\t<div class=\"elementor-container elementor-column-gap-default\">\n\t\t\t\t\t<div class=\"elementor-column elementor-col-100 elementor-top-column elementor-element elementor-element-ab32f36\" data-id=\"ab32f36\" data-element_type=\"column\">\n\t\t\t<div class=\"elementor-widget-wrap elementor-element-populated\">\n\t\t\t\t\t\t<div class=\"elementor-element elementor-element-b7b76b8 elementor-widget elementor-widget-button\" data-id=\"b7b76b8\" data-element_type=\"widget\" data-widget_type=\"button.default\">\n\t\t\t\t<div class=\"elementor-widget-container\">\n\t\t\t\t\t\t\t\t\t<div class=\"elementor-button-wrapper\">\n\t\t\t\t\t<a class=\"elementor-button elementor-size-sm\" role=\"button\">\n\t\t\t\t\t\t<span class=\"elementor-button-content-wrapper\">\n\t\t\t\t\t\t\t\t\t<span class=\"elementor-button-text\">ver excursiones en barco por La Maddalena<\/span>\n\t\t\t\t\t<\/span>\n\t\t\t\t\t<\/a>\n\t\t\t\t<\/div>\n\t\t\t\t\t\t\t\t<\/div>\n\t\t\t\t<\/div>\n\t\t\t\t\t<\/div>\n\t\t<\/div>\n\t\t\t\t\t<\/div>\n\t\t<\/section>\n\t\t\t\t<\/div>\n\t\t\t\t<\/div>\n\t\t\t\t\t\t<\/div>\n\t\t\t\t<\/div>\n\t\t\t\t\t<\/div>\n\t\t<\/div>\n\t\t\t\t\t<\/div>\n\t\t<\/section>\n\t\t\t\t<section class=\"elementor-section elementor-top-section elementor-element elementor-element-1a34024 elementor-section-boxed elementor-section-height-default elementor-section-height-default\" data-id=\"1a34024\" data-element_type=\"section\">\n\t\t\t\t\t\t<div class=\"elementor-container elementor-column-gap-default\">\n\t\t\t\t\t<div class=\"elementor-column elementor-col-100 elementor-top-column elementor-element elementor-element-9229069\" data-id=\"9229069\" data-element_type=\"column\">\n\t\t\t<div class=\"elementor-widget-wrap elementor-element-populated\">\n\t\t\t\t\t\t<div class=\"elementor-element elementor-element-67136fd elementor-widget elementor-widget-heading\" data-id=\"67136fd\" data-element_type=\"widget\" data-widget_type=\"heading.default\">\n\t\t\t\t<div class=\"elementor-widget-container\">\n\t\t\t\t\t<h2 class=\"elementor-heading-title elementor-size-default\">Roccia dell'orso: una vista mozzaffato<\/h2>\t\t\t\t<\/div>\n\t\t\t\t<\/div>\n\t\t\t\t<div class=\"elementor-element elementor-element-ec12c39 elementor-widget elementor-widget-text-editor\" data-id=\"ec12c39\" data-element_type=\"widget\" data-widget_type=\"text-editor.default\">\n\t\t\t\t<div class=\"elementor-widget-container\">\n\t\t\t\t\t\t\t\t\t<p>Una volta arrivati sulla torretta d&#8217;avvistamento, vi troverete di fronte a un panorama mozzafiato che si estende sulle isole dell&#8217;Arcipelago della Maddalena, sulle coste galluresi e sul mare cristallino. Per ammirare la vera immagine dell&#8217;orso, consigliamo di proseguire sulle rocce a sinistra della torretta.<\/p><p>Un luogo ricco di storia: La Roccia dell&#8217;Orso era gi\u00e0 conosciuta nell&#8217;antichit\u00e0 e rappresentava un importante punto di riferimento per i naviganti che solcavano i mari delle coste galluresi e delle Bocche di Bonifacio. Tolomeo ne descrisse le coordinate geografiche e la chiam\u00f2 &#8220;Promontorium Arcti&#8221;, ossia &#8220;Promontorio dell&#8217;Orso&#8221;.<\/p>\t\t\t\t\t\t\t\t<\/div>\n\t\t\t\t<\/div>\n\t\t\t\t<div class=\"elementor-element elementor-element-db7c092 elementor-widget elementor-widget-template\" data-id=\"db7c092\" data-element_type=\"widget\" data-widget_type=\"template.default\">\n\t\t\t\t<div class=\"elementor-widget-container\">\n\t\t\t\t\t\t\t<div class=\"elementor-template\">\n\t\t\t\t\t<div data-elementor-type=\"section\" data-elementor-id=\"26200\" class=\"elementor elementor-26200\" data-elementor-post-type=\"elementor_library\">\n\t\t\t\t\t<section class=\"elementor-section elementor-top-section elementor-element elementor-element-b7f1442 elementor-section-full_width elementor-section-height-default elementor-section-height-default\" data-id=\"b7f1442\" data-element_type=\"section\">\n\t\t\t\t\t\t<div class=\"elementor-container elementor-column-gap-default\">\n\t\t\t\t\t<div class=\"elementor-column elementor-col-100 elementor-top-column elementor-element elementor-element-ab32f36\" data-id=\"ab32f36\" data-element_type=\"column\">\n\t\t\t<div class=\"elementor-widget-wrap elementor-element-populated\">\n\t\t\t\t\t\t<div class=\"elementor-element elementor-element-b7b76b8 elementor-widget elementor-widget-button\" data-id=\"b7b76b8\" data-element_type=\"widget\" data-widget_type=\"button.default\">\n\t\t\t\t<div class=\"elementor-widget-container\">\n\t\t\t\t\t\t\t\t\t<div class=\"elementor-button-wrapper\">\n\t\t\t\t\t<a class=\"elementor-button elementor-size-sm\" role=\"button\">\n\t\t\t\t\t\t<span class=\"elementor-button-content-wrapper\">\n\t\t\t\t\t\t\t\t\t<span class=\"elementor-button-text\">ver excursiones en barco por La Maddalena<\/span>\n\t\t\t\t\t<\/span>\n\t\t\t\t\t<\/a>\n\t\t\t\t<\/div>\n\t\t\t\t\t\t\t\t<\/div>\n\t\t\t\t<\/div>\n\t\t\t\t\t<\/div>\n\t\t<\/div>\n\t\t\t\t\t<\/div>\n\t\t<\/section>\n\t\t\t\t<\/div>\n\t\t\t\t<\/div>\n\t\t\t\t\t\t<\/div>\n\t\t\t\t<\/div>\n\t\t\t\t\t<\/div>\n\t\t<\/div>\n\t\t\t\t\t<\/div>\n\t\t<\/section>\n\t\t\t\t<section class=\"elementor-section elementor-top-section elementor-element elementor-element-21b117d elementor-section-boxed elementor-section-height-default elementor-section-height-default\" data-id=\"21b117d\" data-element_type=\"section\">\n\t\t\t\t\t\t<div class=\"elementor-container elementor-column-gap-default\">\n\t\t\t\t\t<div class=\"elementor-column elementor-col-100 elementor-top-column elementor-element elementor-element-26be761\" data-id=\"26be761\" data-element_type=\"column\">\n\t\t\t<div class=\"elementor-widget-wrap elementor-element-populated\">\n\t\t\t\t\t\t<div class=\"elementor-element elementor-element-408b3c8 elementor-widget elementor-widget-heading\" data-id=\"408b3c8\" data-element_type=\"widget\" data-widget_type=\"heading.default\">\n\t\t\t\t<div class=\"elementor-widget-container\">\n\t\t\t\t\t<h2 class=\"elementor-heading-title elementor-size-default\">Roccia dell'orso: la leggenda<\/h2>\t\t\t\t<\/div>\n\t\t\t\t<\/div>\n\t\t\t\t<div class=\"elementor-element elementor-element-e974c50 elementor-widget elementor-widget-text-editor\" data-id=\"e974c50\" data-element_type=\"widget\" data-widget_type=\"text-editor.default\">\n\t\t\t\t<div class=\"elementor-widget-container\">\n\t\t\t\t\t\t\t\t\t<p><br \/>La leggenda dei Lestrigoni: Secondo lo scrittore Victor B\u00e9rard, Capo d&#8217;Orso potrebbe essere identificata con la terra dei Lestrigoni, un popolo di giganti antropofagi descritto nell&#8217;Odissea di Omero. Ulisse, approdato qui in cerca di cibo e acqua per il suo equipaggio, si sarebbe imbattuto in questo popolo ostile che avrebbe causato la perdita di due delle sue navi.<\/p>\t\t\t\t\t\t\t\t<\/div>\n\t\t\t\t<\/div>\n\t\t\t\t\t<\/div>\n\t\t<\/div>\n\t\t\t\t\t<\/div>\n\t\t<\/section>\n\t\t\t\t<section class=\"elementor-section elementor-top-section elementor-element elementor-element-5340c05 elementor-section-boxed elementor-section-height-default elementor-section-height-default\" data-id=\"5340c05\" data-element_type=\"section\">\n\t\t\t\t\t\t<div class=\"elementor-container elementor-column-gap-default\">\n\t\t\t\t\t<div class=\"elementor-column elementor-col-100 elementor-top-column elementor-element elementor-element-5c487ee\" data-id=\"5c487ee\" data-element_type=\"column\">\n\t\t\t<div class=\"elementor-widget-wrap elementor-element-populated\">\n\t\t\t\t\t\t<div class=\"elementor-element elementor-element-8fc93d0 elementor-widget elementor-widget-heading\" data-id=\"8fc93d0\" data-element_type=\"widget\" data-widget_type=\"heading.default\">\n\t\t\t\t<div class=\"elementor-widget-container\">\n\t\t\t\t\t<h2 class=\"elementor-heading-title elementor-size-default\">Roccia dell'Orso:  informazioni utili<\/h2>\t\t\t\t<\/div>\n\t\t\t\t<\/div>\n\t\t\t\t<div class=\"elementor-element elementor-element-2a49bb9 elementor-widget elementor-widget-text-editor\" data-id=\"2a49bb9\" data-element_type=\"widget\" data-widget_type=\"text-editor.default\">\n\t\t\t\t<div class=\"elementor-widget-container\">\n\t\t\t\t\t\t\t\t\t<p>Informazioni utili:<\/p><p>C\u00f3mo llegar<br \/>La Roccia dell&#8217;Orso si trova a circa 4,3 chilometri dal centro di Palau. \u00c8 possibile raggiungerla in auto o in moto, oppure con un servizio di navetta.<br \/><br \/>Aparcamiento<br \/>Un parcheggio gratuito \u00e8 disponibile all&#8217;inizio del sentiero.<br \/><br \/>Durata del percorso<br \/>Il tempo di percorrenza del sentiero \u00e8 di circa 30 minuti (andata e ritorno).<br \/><br \/>Dificultades<br \/>Il sentiero \u00e8 facile e non presenta particolari difficolt\u00e0.<br \/><br \/>Consigli<br \/>Si consiglia di indossare scarpe comode e portare con s\u00e9 acqua e un cappello, soprattutto nelle giornate pi\u00f9 calde.<br \/><br \/>Periodo migliore per visitarla<br \/>La Roccia dell&#8217;Orso pu\u00f2 essere visitata tutto l&#8217;anno, ma il periodo migliore \u00e8 sicuramente la primavera o l&#8217;autunno, quando le temperature sono pi\u00f9 miti e il cielo \u00e8 terso.<\/p>\t\t\t\t\t\t\t\t<\/div>\n\t\t\t\t<\/div>\n\t\t\t\t<div class=\"elementor-element elementor-element-b2b938a elementor-widget elementor-widget-template\" data-id=\"b2b938a\" data-element_type=\"widget\" data-widget_type=\"template.default\">\n\t\t\t\t<div class=\"elementor-widget-container\">\n\t\t\t\t\t\t\t<div class=\"elementor-template\">\n\t\t\t\t\t<div data-elementor-type=\"section\" data-elementor-id=\"26200\" class=\"elementor elementor-26200\" data-elementor-post-type=\"elementor_library\">\n\t\t\t\t\t<section class=\"elementor-section elementor-top-section elementor-element elementor-element-b7f1442 elementor-section-full_width elementor-section-height-default elementor-section-height-default\" data-id=\"b7f1442\" data-element_type=\"section\">\n\t\t\t\t\t\t<div class=\"elementor-container elementor-column-gap-default\">\n\t\t\t\t\t<div class=\"elementor-column elementor-col-100 elementor-top-column elementor-element elementor-element-ab32f36\" data-id=\"ab32f36\" data-element_type=\"column\">\n\t\t\t<div class=\"elementor-widget-wrap elementor-element-populated\">\n\t\t\t\t\t\t<div class=\"elementor-element elementor-element-b7b76b8 elementor-widget elementor-widget-button\" data-id=\"b7b76b8\" data-element_type=\"widget\" data-widget_type=\"button.default\">\n\t\t\t\t<div class=\"elementor-widget-container\">\n\t\t\t\t\t\t\t\t\t<div class=\"elementor-button-wrapper\">\n\t\t\t\t\t<a class=\"elementor-button elementor-size-sm\" role=\"button\">\n\t\t\t\t\t\t<span class=\"elementor-button-content-wrapper\">\n\t\t\t\t\t\t\t\t\t<span class=\"elementor-button-text\">ver excursiones en barco por La Maddalena<\/span>\n\t\t\t\t\t<\/span>\n\t\t\t\t\t<\/a>\n\t\t\t\t<\/div>\n\t\t\t\t\t\t\t\t<\/div>\n\t\t\t\t<\/div>\n\t\t\t\t\t<\/div>\n\t\t<\/div>\n\t\t\t\t\t<\/div>\n\t\t<\/section>\n\t\t\t\t<\/div>\n\t\t\t\t<\/div>\n\t\t\t\t\t\t<\/div>\n\t\t\t\t<\/div>\n\t\t\t\t\t<\/div>\n\t\t<\/div>\n\t\t\t\t\t<\/div>\n\t\t<\/section>\n\t\t\t\t<\/div>","protected":false},"excerpt":{"rendered":"<p>Alla scoperta della Roccia dell&#8217;Orso: un sentiero tra storia e leggenda Un simbolo iconico della Gallura: La Roccia dell&#8217;Orso, conosciuta anche come Capo d&#8217;Orso, \u00e8 uno dei monumenti naturali pi\u00f9 [&hellip;]<\/p>","protected":false},"author":2,"featured_media":26207,"parent":0,"comment_status":"closed","ping_status":"closed","sticky":false,"template":"","format":"standard","meta":{"fifu_image_url":"","fifu_image_alt":"","footnotes":""},"categories":[],"tags":[],"class_list":["post-26198","post","type-post","status-publish","format-standard","has-post-thumbnail","hentry"],"_links":{"self":[{"href":"https:\/\/www.yepsea.com\/es\/wp-json\/wp\/v2\/posts\/26198","targetHints":{"allow":["GET"]}}],"collection":[{"href":"https:\/\/www.yepsea.com\/es\/wp-json\/wp\/v2\/posts"}],"about":[{"href":"https:\/\/www.yepsea.com\/es\/wp-json\/wp\/v2\/types\/post"}],"author":[{"embeddable":true,"href":"https:\/\/www.yepsea.com\/es\/wp-json\/wp\/v2\/users\/2"}],"replies":[{"embeddable":true,"href":"https:\/\/www.yepsea.com\/es\/wp-json\/wp\/v2\/comments?post=26198"}],"version-history":[{"count":0,"href":"https:\/\/www.yepsea.com\/es\/wp-json\/wp\/v2\/posts\/26198\/revisions"}],"wp:featuredmedia":[{"embeddable":true,"href":"https:\/\/www.yepsea.com\/es\/wp-json\/wp\/v2\/media\/26207"}],"wp:attachment":[{"href":"https:\/\/www.yepsea.com\/es\/wp-json\/wp\/v2\/media?parent=26198"}],"wp:term":[{"taxonomy":"category","embeddable":true,"href":"https:\/\/www.yepsea.com\/es\/wp-json\/wp\/v2\/categories?post=26198"},{"taxonomy":"post_tag","embeddable":true,"href":"https:\/\/www.yepsea.com\/es\/wp-json\/wp\/v2\/tags?post=26198"}],"curies":[{"name":"wp","href":"https:\/\/api.w.org\/{rel}","templated":true}]}}