{"id":17557,"date":"2023-06-21T13:12:34","date_gmt":"2023-06-21T11:12:34","guid":{"rendered":"https:\/\/yepsea.com\/?p=17557"},"modified":"2025-09-15T13:29:10","modified_gmt":"2025-09-15T11:29:10","slug":"mapa-cerdena-3-zonas-extraordinarias-gallura-barbagia-ogliastra","status":"publish","type":"post","link":"https:\/\/www.yepsea.com\/es\/mapa-cerdena-3-zonas-extraordinarias-gallura-barbagia-ogliastra\/","title":{"rendered":"Mapa de Cerde\u00f1a: 3 Zonas Extraordinarias Gallura, Barbagia, Ogliastra"},"content":{"rendered":"<div data-elementor-type=\"wp-post\" data-elementor-id=\"17557\" class=\"elementor elementor-17557\" data-elementor-post-type=\"post\">\n\t\t\t\t\t\t<section class=\"elementor-section elementor-top-section elementor-element elementor-element-d47d286 elementor-section-boxed elementor-section-height-default elementor-section-height-default\" data-id=\"d47d286\" data-element_type=\"section\">\n\t\t\t\t\t\t<div class=\"elementor-container elementor-column-gap-default\">\n\t\t\t\t\t<div class=\"elementor-column elementor-col-100 elementor-top-column elementor-element elementor-element-17ecc0d\" data-id=\"17ecc0d\" data-element_type=\"column\">\n\t\t\t<div class=\"elementor-widget-wrap elementor-element-populated\">\n\t\t\t\t\t\t<div class=\"elementor-element elementor-element-372e53e elementor-widget elementor-widget-template\" data-id=\"372e53e\" data-element_type=\"widget\" data-widget_type=\"template.default\">\n\t\t\t\t<div class=\"elementor-widget-container\">\n\t\t\t\t\t\t\t<div class=\"elementor-template\">\n\t\t\t\t\t<div data-elementor-type=\"section\" data-elementor-id=\"55365\" class=\"elementor elementor-55365\" data-elementor-post-type=\"elementor_library\">\n\t\t\t\t\t<section class=\"elementor-section elementor-top-section elementor-element elementor-element-ad7a038 elementor-section-full_width elementor-section-height-default elementor-section-height-default\" data-id=\"ad7a038\" data-element_type=\"section\" data-settings=\"{&quot;background_background&quot;:&quot;classic&quot;}\">\n\t\t\t\t\t\t<div class=\"elementor-container elementor-column-gap-default\">\n\t\t\t\t\t<div class=\"elementor-column elementor-col-100 elementor-top-column elementor-element elementor-element-3880af3\" data-id=\"3880af3\" data-element_type=\"column\">\n\t\t\t<div class=\"elementor-widget-wrap elementor-element-populated\">\n\t\t\t\t\t\t<div class=\"elementor-element elementor-element-c0c047e elementor-headline--style-rotate elementor-widget elementor-widget-animated-headline\" data-id=\"c0c047e\" data-element_type=\"widget\" data-settings=\"{&quot;headline_style&quot;:&quot;rotate&quot;,&quot;animation_type&quot;:&quot;slide-down&quot;,&quot;rotating_text&quot;:&quot;Arcipelago La Maddalena&quot;,&quot;rotate_iteration_delay&quot;:2500}\" data-widget_type=\"animated-headline.default\">\n\t\t\t\t<div class=\"elementor-widget-container\">\n\t\t\t\t\t\t\t<p class=\"elementor-headline elementor-headline-animation-type-slide-down\">\n\t\t\t\t\t<span class=\"elementor-headline-plain-text elementor-headline-text-wrapper\">Las 5 mejores visitas <\/span>\n\t\t\t\t<span class=\"elementor-headline-dynamic-wrapper elementor-headline-text-wrapper\">\n\t\t\t\t\t<span class=\"elementor-headline-dynamic-text elementor-headline-text-active\">\n\t\t\t\tArchipi\u00e9lago de La Maddalena\t\t\t<\/span>\n\t\t\t\t\t\t<\/span>\n\t\t\t\t<\/p>\n\t\t\t\t\t\t<\/div>\n\t\t\t\t<\/div>\n\t\t\t\t\t<\/div>\n\t\t<\/div>\n\t\t\t\t\t<\/div>\n\t\t<\/section>\n\t\t\t\t<\/div>\n\t\t\t\t<\/div>\n\t\t\t\t\t\t<\/div>\n\t\t\t\t<\/div>\n\t\t\t\t<div class=\"elementor-element elementor-element-824c834 elementor-widget elementor-widget-heading\" data-id=\"824c834\" data-element_type=\"widget\" data-widget_type=\"heading.default\">\n\t\t\t\t<div class=\"elementor-widget-container\">\n\t\t\t\t\t<h2 class=\"elementor-heading-title elementor-size-default\">\nDescubrir la Roca del Oso: un camino entre la historia y la leyenda<\/h2>\t\t\t\t<\/div>\n\t\t\t\t<\/div>\n\t\t\t\t<div class=\"elementor-element elementor-element-6a954fb elementor-widget elementor-widget-text-editor\" data-id=\"6a954fb\" data-element_type=\"widget\" data-widget_type=\"text-editor.default\">\n\t\t\t\t<div class=\"elementor-widget-container\">\n\t\t\t\t\t\t\t\t\t<p>Un s\u00edmbolo ic\u00f3nico de Gallura: la Roca del Oso, tambi\u00e9n conocida como Capo d'Orso, es uno de los monumentos naturales m\u00e1s famosos de Cerde\u00f1a. Situada en el territorio de Palau, esta llamativa formaci\u00f3n gran\u00edtica domina el paisaje con su inconfundible silueta que, desde cierto \u00e1ngulo, se asemeja a la figura de un oso.<\/p>\t\t\t\t\t\t\t\t<\/div>\n\t\t\t\t<\/div>\n\t\t\t\t\t<\/div>\n\t\t<\/div>\n\t\t\t\t\t<\/div>\n\t\t<\/section>\n\t\t\t\t<section class=\"elementor-section elementor-top-section elementor-element elementor-element-f3bef64 elementor-section-boxed elementor-section-height-default elementor-section-height-default\" data-id=\"f3bef64\" data-element_type=\"section\">\n\t\t\t\t\t\t<div class=\"elementor-container elementor-column-gap-default\">\n\t\t\t\t\t<div class=\"elementor-column elementor-col-100 elementor-top-column elementor-element elementor-element-9c0a3a5\" data-id=\"9c0a3a5\" data-element_type=\"column\">\n\t\t\t<div class=\"elementor-widget-wrap elementor-element-populated\">\n\t\t\t\t\t\t<div class=\"elementor-element elementor-element-4304c58 elementor-widget elementor-widget-heading\" data-id=\"4304c58\" data-element_type=\"widget\" data-widget_type=\"heading.default\">\n\t\t\t\t<div class=\"elementor-widget-container\">\n\t\t\t\t\t<h2 class=\"elementor-heading-title elementor-size-default\">Mapa de Cerde\u00f1a<\/h2>\t\t\t\t<\/div>\n\t\t\t\t<\/div>\n\t\t\t\t<div class=\"elementor-element elementor-element-5b4d1f3 elementor-widget elementor-widget-text-editor\" data-id=\"5b4d1f3\" data-element_type=\"widget\" data-widget_type=\"text-editor.default\">\n\t\t\t\t<div class=\"elementor-widget-container\">\n\t\t\t\t\t\t\t\t\t<p>Descubrimos algunas de las subregiones hist\u00f3ricas de Cerde\u00f1a, hay m\u00e1s de 35 en total, vemos Gallura, Barbagia y Ogliastra. En muchos casos, se trata de zonas cercanas entre s\u00ed, pero que han desarrollado tradiciones, locuciones y costumbres diferentes a lo largo del tiempo.<\/p><p>Cada zona se caracteriza por peculiaridades que la distinguen, as\u00ed que echemos un vistazo a los municipios a los que pertenecen y a las atracciones que no hay que perderse. Para simplificar la gu\u00eda y el mapa que figuran a continuaci\u00f3n, se han agrupado algunas subregiones para hacer comprensible una cuesti\u00f3n a menudo debatida<\/p>\t\t\t\t\t\t\t\t<\/div>\n\t\t\t\t<\/div>\n\t\t\t\t\t<\/div>\n\t\t<\/div>\n\t\t\t\t\t<\/div>\n\t\t<\/section>\n\t\t\t\t<section class=\"elementor-section elementor-top-section elementor-element elementor-element-1cb299b elementor-section-boxed elementor-section-height-default elementor-section-height-default\" data-id=\"1cb299b\" data-element_type=\"section\">\n\t\t\t\t\t\t<div class=\"elementor-container elementor-column-gap-default\">\n\t\t\t\t\t<div class=\"elementor-column elementor-col-100 elementor-top-column elementor-element elementor-element-e0e1421\" data-id=\"e0e1421\" data-element_type=\"column\">\n\t\t\t<div class=\"elementor-widget-wrap elementor-element-populated\">\n\t\t\t\t\t\t<div class=\"elementor-element elementor-element-2efa49e elementor-widget elementor-widget-heading\" data-id=\"2efa49e\" data-element_type=\"widget\" data-widget_type=\"heading.default\">\n\t\t\t\t<div class=\"elementor-widget-container\">\n\t\t\t\t\t<h2 class=\"elementor-heading-title elementor-size-default\">Mapa de Cerde\u00f1a: Gallura<\/h2>\t\t\t\t<\/div>\n\t\t\t\t<\/div>\n\t\t\t\t<div class=\"elementor-element elementor-element-20f4841 elementor-widget elementor-widget-image\" data-id=\"20f4841\" data-element_type=\"widget\" data-widget_type=\"image.default\">\n\t\t\t\t<div class=\"elementor-widget-container\">\n\t\t\t\t\t\t\t\t\t\t\t\t<figure class=\"wp-caption\">\n\t\t\t\t\t\t\t\t\t\t\t<a href=\"https:\/\/yepsea.com\/wp-content\/uploads\/2022\/04\/Conca-Fraicata-Calangianus-con-Sughera.jpg\" data-elementor-open-lightbox=\"yes\" data-elementor-lightbox-title=\"Conca Fraicata Calangianus con Sughera\" data-elementor-lightbox-description=\"Conca Fraicata Calangianus con Sughera\" data-e-action-hash=\"#elementor-action%3Aaction%3Dlightbox%26settings%3DeyJpZCI6MTMwMjMsInVybCI6Imh0dHBzOlwvXC93d3cueWVwc2VhLmNvbVwvd3AtY29udGVudFwvdXBsb2Fkc1wvMjAyMlwvMDRcL0NvbmNhLUZyYWljYXRhLUNhbGFuZ2lhbnVzLWNvbi1TdWdoZXJhLmpwZyJ9\" target=\"_blank\" rel=\"noopener\">\n\t\t\t\t\t\t\t<img fetchpriority=\"high\" decoding=\"async\" width=\"1200\" height=\"675\" src=\"https:\/\/www.yepsea.com\/wp-content\/uploads\/2022\/04\/Conca-Fraicata-Calangianus-con-Sughera.jpg\" class=\"attachment-large size-large wp-image-13023\" alt=\"\" \/>\t\t\t\t\t\t\t\t<\/a>\n\t\t\t\t\t\t\t\t\t\t\t<figcaption class=\"widget-image-caption wp-caption-text\">Conca Fraicata Calangianus con corcho<\/figcaption>\n\t\t\t\t\t\t\t\t\t\t<\/figure>\n\t\t\t\t\t\t\t\t\t<\/div>\n\t\t\t\t<\/div>\n\t\t\t\t<div class=\"elementor-element elementor-element-bfa3209 elementor-hidden-desktop elementor-hidden-tablet elementor-hidden-mobile elementor-widget elementor-widget-text-editor\" data-id=\"bfa3209\" data-element_type=\"widget\" data-widget_type=\"text-editor.default\">\n\t\t\t\t<div class=\"elementor-widget-container\">\n\t\t\t\t\t\t\t\t\t<p>Gallura, situada en el noreste de Cerde\u00f1a, es una subregi\u00f3n hist\u00f3rica de Cerde\u00f1a porque formaba parte de uno de los cuatro giudicati de Cerde\u00f1a. Hoy en d\u00eda Gallura es muy famosa y conocida internacionalmente por la presencia del <strong>Costa Smeralda <\/strong>- con Porto Cervo y Baja Sardinia - pero es importante saber que muchas m\u00e1s son sus peculiaridades y atractivos.<\/p><p>En Gallura <strong>habla Gallurese<\/strong> - muy similar al dialecto c\u00f2rso hablado en el sur de C\u00f3rcega - que conserva algunas inflexiones del logudor\u00e9s. La subregi\u00f3n es famosa por la presencia de f\u00e1bricas de corcho -en la zona de Calangianus- que exportan el <strong>Corcho sardo<\/strong>.<\/p><p>Otra peculiaridad que hace famosa a Gallura es el granito que da a la zona su particular conformaci\u00f3n. En cada rinc\u00f3n de la subregi\u00f3n se puede admirar, junto a las onduladas colinas cuna del <strong>Vermentino di Gallura DOCG<\/strong>El <strong>famosas rocas de Gallura. <\/strong>Las sugerentes rocas de mil formas se pueden admirar, entre otros, en el Valle della Luna en Aggius y el Valle della Luna en Santa Teresa Gallura.<\/p><p>Los municipios que componen Gallura son: Aggius, Aglientu, Arzachena, Badesi, Bortigiadas, Calangianus, Golfo Aranci, La Maddalena, Loiri Porto San Paolo, Luogosanto, Luras, Olbia, Oschiri, Palau, San Teodoro, Sant'Antonio di Gallura, Santa Teresa Gallura, Telti, Tempio Pausania, Trinit\u00e0 d'Agultu e Vignola, Viddalba.<\/p><p>Las atracciones que no hay que perderse en Gallura son:<\/p><p><a href=\"https:\/\/yepsea.com\/i-migliori-tour-escursioni-nell-arcipelago-la-maddalena\/\" target=\"_blank\" rel=\"noopener\">Parque Nacional del Archipi\u00e9lago de la Maddalena<\/a><\/p><p>Olivos milenarios de Luras<\/p><p>\u00c1rea Marina Protegida Tavolara Punta Coda Cavallo<\/p><p>Las secuoyas del monte Limbara<\/p><p>Capo Figari y Golfo Aranci<\/p>\t\t\t\t\t\t\t\t<\/div>\n\t\t\t\t<\/div>\n\t\t\t\t<div class=\"elementor-element elementor-element-4716b4c elementor-widget elementor-widget-heading\" data-id=\"4716b4c\" data-element_type=\"widget\" data-widget_type=\"heading.default\">\n\t\t\t\t<div class=\"elementor-widget-container\">\n\t\t\t\t\t<h3 class=\"elementor-heading-title elementor-size-default\">D\u00f3nde est\u00e1 Gallura<\/h3>\t\t\t\t<\/div>\n\t\t\t\t<\/div>\n\t\t\t\t<div class=\"elementor-element elementor-element-20852a7 elementor-widget elementor-widget-text-editor\" data-id=\"20852a7\" data-element_type=\"widget\" data-widget_type=\"text-editor.default\">\n\t\t\t\t<div class=\"elementor-widget-container\">\n\t\t\t\t\t\t\t\t\t<p>Gallura, situada en el noreste de Cerde\u00f1a, es una subregi\u00f3n hist\u00f3rica de Cerde\u00f1a porque formaba parte de uno de los cuatro giudicati de Cerde\u00f1a. Hoy en d\u00eda Gallura es muy famosa y conocida internacionalmente por la presencia del <strong>Costa Smeralda <\/strong>- con <a href=\"https:\/\/yepsea.com\/da-vedere\/porto-cervo\/\" target=\"_blank\" rel=\"noopener\">Porto Cervo<\/a> y Baja Cerde\u00f1a-, pero es importante saber que muchas m\u00e1s son sus peculiaridades y atractivos.<\/p><p>Los municipios que componen Gallura son: Aggius, Aglientu, Arzachena, Badesi, Bortigiadas, Calangianus, Golfo Aranci, La Maddalena, Loiri Porto San Paolo, Luogosanto, Luras, Olbia, Oschiri, Palau, San Teodoro, Sant'Antonio di Gallura, Santa Teresa Gallura, Telti, Tempio Pausania, Trinit\u00e0 d'Agultu e Vignola, Viddalba.<\/p>\t\t\t\t\t\t\t\t<\/div>\n\t\t\t\t<\/div>\n\t\t\t\t<div class=\"elementor-element elementor-element-0b17479 elementor-widget elementor-widget-heading\" data-id=\"0b17479\" data-element_type=\"widget\" data-widget_type=\"heading.default\">\n\t\t\t\t<div class=\"elementor-widget-container\">\n\t\t\t\t\t<h3 class=\"elementor-heading-title elementor-size-default\">Fotos de Gallura\n<\/h3>\t\t\t\t<\/div>\n\t\t\t\t<\/div>\n\t\t\t\t<div class=\"elementor-element elementor-element-92b5911 elementor-arrows-position-inside elementor-pagination-position-outside elementor-widget elementor-widget-image-carousel\" data-id=\"92b5911\" data-element_type=\"widget\" data-settings=\"{&quot;autoplay&quot;:&quot;no&quot;,&quot;navigation&quot;:&quot;both&quot;,&quot;infinite&quot;:&quot;yes&quot;,&quot;speed&quot;:500,&quot;image_spacing_custom&quot;:{&quot;unit&quot;:&quot;px&quot;,&quot;size&quot;:20,&quot;sizes&quot;:[]},&quot;image_spacing_custom_tablet&quot;:{&quot;unit&quot;:&quot;px&quot;,&quot;size&quot;:&quot;&quot;,&quot;sizes&quot;:[]},&quot;image_spacing_custom_mobile&quot;:{&quot;unit&quot;:&quot;px&quot;,&quot;size&quot;:&quot;&quot;,&quot;sizes&quot;:[]}}\" data-widget_type=\"image-carousel.default\">\n\t\t\t\t<div class=\"elementor-widget-container\">\n\t\t\t\t\t\t\t<div class=\"elementor-image-carousel-wrapper swiper\" role=\"region\" aria-roledescription=\"carousel\" aria-label=\"Carrusel de im\u00e1genes\" dir=\"ltr\">\n\t\t\t<div class=\"elementor-image-carousel swiper-wrapper\" aria-live=\"polite\">\n\t\t\t\t\t\t\t\t<div class=\"swiper-slide\" role=\"group\" aria-roledescription=\"slide\" aria-label=\"1 of 13\" data-no-translation-aria-label=\"\"><a data-elementor-open-lightbox=\"yes\" data-elementor-lightbox-slideshow=\"92b5911\" data-elementor-lightbox-title=\"Faro di Olbia In Primavera\" data-elementor-lightbox-description=\"Faro di Olbia In Primavera\" data-e-action-hash=\"#elementor-action%3Aaction%3Dlightbox%26settings%3DeyJpZCI6MTY0NjIsInVybCI6Imh0dHBzOlwvXC93d3cueWVwc2VhLmNvbVwvd3AtY29udGVudFwvdXBsb2Fkc1wvRmFyby1kaS1PbGJpYS1Jbi1QcmltYXZlcmEuanBnIiwic2xpZGVzaG93IjoiOTJiNTkxMSJ9\" href=\"https:\/\/www.yepsea.com\/wp-content\/uploads\/Faro-di-Olbia-In-Primavera.jpg\"><figure class=\"swiper-slide-inner\"><img decoding=\"async\" class=\"swiper-slide-image\" src=\"https:\/\/www.yepsea.com\/wp-content\/uploads\/Faro-di-Olbia-In-Primavera.jpg\" alt=\"Faro de Olbia en primavera\" \/><figcaption class=\"elementor-image-carousel-caption\">Faro de Olbia en primavera<\/figcaption><\/figure><\/a><\/div><div class=\"swiper-slide\" role=\"group\" aria-roledescription=\"slide\" aria-label=\"2 of 13\" data-no-translation-aria-label=\"\"><a data-elementor-open-lightbox=\"yes\" data-elementor-lightbox-slideshow=\"92b5911\" data-elementor-lightbox-title=\"Nuraghe Izzana vicino Aggius\" data-elementor-lightbox-description=\"Nuraghe Izzana vicino Valle della Luna di Aggius\" data-e-action-hash=\"#elementor-action%3Aaction%3Dlightbox%26settings%3DeyJpZCI6MTE0NDgsInVybCI6Imh0dHBzOlwvXC93d3cueWVwc2VhLmNvbVwvd3AtY29udGVudFwvdXBsb2Fkc1wvMjAyMlwvMDNcL051cmFnaGUtSXp6YW5hLXZpY2luby1BZ2dpdXMuanBnIiwic2xpZGVzaG93IjoiOTJiNTkxMSJ9\" href=\"https:\/\/www.yepsea.com\/wp-content\/uploads\/2022\/03\/Nuraghe-Izzana-vicino-Aggius.jpg\"><figure class=\"swiper-slide-inner\"><img decoding=\"async\" class=\"swiper-slide-image\" src=\"https:\/\/www.yepsea.com\/wp-content\/uploads\/2022\/03\/Nuraghe-Izzana-vicino-Aggius.jpg\" alt=\"Nuraghe Izzana, cerca del Valle della Luna di Aggius\" \/><figcaption class=\"elementor-image-carousel-caption\">Nuraghe Izzana, cerca del Valle della Luna di Aggius<\/figcaption><\/figure><\/a><\/div><div class=\"swiper-slide\" role=\"group\" aria-roledescription=\"slide\" aria-label=\"3 of 13\" data-no-translation-aria-label=\"\"><a data-elementor-open-lightbox=\"yes\" data-elementor-lightbox-slideshow=\"92b5911\" data-elementor-lightbox-title=\"Ulivi Millenari Costa Smeralda\" data-elementor-lightbox-description=\"Ulivo Millenario di Luras\" data-e-action-hash=\"#elementor-action%3Aaction%3Dlightbox%26settings%3DeyJpZCI6OTY5MCwidXJsIjoiaHR0cHM6XC9cL3d3dy55ZXBzZWEuY29tXC93cC1jb250ZW50XC91cGxvYWRzXC8yMDIyXC8wM1wvVWxpdmktTWlsbGVuYXJpLUNvc3RhLVNtZXJhbGRhLmpwZyIsInNsaWRlc2hvdyI6IjkyYjU5MTEifQ%3D%3D\" href=\"https:\/\/www.yepsea.com\/wp-content\/uploads\/2022\/03\/Ulivi-Millenari-Costa-Smeralda.jpg\"><figure class=\"swiper-slide-inner\"><img decoding=\"async\" class=\"swiper-slide-image\" src=\"https:\/\/www.yepsea.com\/wp-content\/uploads\/2022\/03\/Ulivi-Millenari-Costa-Smeralda.jpg\" alt=\"Olivo milenario de Luras\" \/><figcaption class=\"elementor-image-carousel-caption\">Olivo milenario de Luras<\/figcaption><\/figure><\/a><\/div><div class=\"swiper-slide\" role=\"group\" aria-roledescription=\"slide\" aria-label=\"4 of 13\" data-no-translation-aria-label=\"\"><a data-elementor-open-lightbox=\"yes\" data-elementor-lightbox-slideshow=\"92b5911\" data-elementor-lightbox-title=\"Spiaggia Capriccioli, Porto Cervo, Costa Smeralda\" data-elementor-lightbox-description=\"Spiaggia Capriccioli, Porto Cervo, Costa Smeralda\" data-e-action-hash=\"#elementor-action%3Aaction%3Dlightbox%26settings%3DeyJpZCI6MTUxOTcsInVybCI6Imh0dHBzOlwvXC93d3cueWVwc2VhLmNvbVwvd3AtY29udGVudFwvdXBsb2Fkc1wvQ2FwcmljY2lvbGktUG9ydG8tQ2Vydm8tQ29zdGEtU21lcmFsZGEtTm9yZC1TYXJkZWduYS5qcGciLCJzbGlkZXNob3ciOiI5MmI1OTExIn0%3D\" href=\"https:\/\/www.yepsea.com\/wp-content\/uploads\/Capriccioli-Porto-Cervo-Costa-Smeralda-Nord-Sardegna.jpg\"><figure class=\"swiper-slide-inner\"><img decoding=\"async\" class=\"swiper-slide-image\" src=\"https:\/\/www.yepsea.com\/wp-content\/uploads\/Capriccioli-Porto-Cervo-Costa-Smeralda-Nord-Sardegna.jpg\" alt=\"Playa Capriccioli, Porto Cervo, Costa Smeralda\" \/><figcaption class=\"elementor-image-carousel-caption\">Playa Capriccioli, Porto Cervo, Costa Smeralda<\/figcaption><\/figure><\/a><\/div><div class=\"swiper-slide\" role=\"group\" aria-roledescription=\"slide\" aria-label=\"5 of 13\" data-no-translation-aria-label=\"\"><a data-elementor-open-lightbox=\"yes\" data-elementor-lightbox-slideshow=\"92b5911\" data-elementor-lightbox-title=\"Conca Fraicata Calangianus con Sughera\" data-elementor-lightbox-description=\"Conca Fraicata Calangianus con Sughera\" data-e-action-hash=\"#elementor-action%3Aaction%3Dlightbox%26settings%3DeyJpZCI6MTMwMjMsInVybCI6Imh0dHBzOlwvXC93d3cueWVwc2VhLmNvbVwvd3AtY29udGVudFwvdXBsb2Fkc1wvMjAyMlwvMDRcL0NvbmNhLUZyYWljYXRhLUNhbGFuZ2lhbnVzLWNvbi1TdWdoZXJhLmpwZyIsInNsaWRlc2hvdyI6IjkyYjU5MTEifQ%3D%3D\" href=\"https:\/\/www.yepsea.com\/wp-content\/uploads\/2022\/04\/Conca-Fraicata-Calangianus-con-Sughera.jpg\"><figure class=\"swiper-slide-inner\"><img decoding=\"async\" class=\"swiper-slide-image\" src=\"https:\/\/www.yepsea.com\/wp-content\/uploads\/2022\/04\/Conca-Fraicata-Calangianus-con-Sughera.jpg\" alt=\"Conca Fraicata Calangianus con corcho\" \/><figcaption class=\"elementor-image-carousel-caption\">Conca Fraicata Calangianus con corcho<\/figcaption><\/figure><\/a><\/div><div class=\"swiper-slide\" role=\"group\" aria-roledescription=\"slide\" aria-label=\"6 of 13\" data-no-translation-aria-label=\"\"><a data-elementor-open-lightbox=\"yes\" data-elementor-lightbox-slideshow=\"92b5911\" data-elementor-lightbox-title=\"Faro di Capo Testa\" data-elementor-lightbox-description=\"Faro di Capo Testa Bocche di Bonifacio\" data-e-action-hash=\"#elementor-action%3Aaction%3Dlightbox%26settings%3DeyJpZCI6MTY0NTMsInVybCI6Imh0dHBzOlwvXC93d3cueWVwc2VhLmNvbVwvd3AtY29udGVudFwvdXBsb2Fkc1wvRmFyby1kaS1DYXBvLVRlc3RhLmpwZyIsInNsaWRlc2hvdyI6IjkyYjU5MTEifQ%3D%3D\" href=\"https:\/\/www.yepsea.com\/wp-content\/uploads\/Faro-di-Capo-Testa.jpg\"><figure class=\"swiper-slide-inner\"><img decoding=\"async\" class=\"swiper-slide-image\" src=\"https:\/\/www.yepsea.com\/wp-content\/uploads\/Faro-di-Capo-Testa.jpg\" alt=\"Baliza Capo Testa Bocche di Bonifacio\" \/><figcaption class=\"elementor-image-carousel-caption\">Baliza Capo Testa Bocche di Bonifacio<\/figcaption><\/figure><\/a><\/div><div class=\"swiper-slide\" role=\"group\" aria-roledescription=\"slide\" aria-label=\"7 of 13\" data-no-translation-aria-label=\"\"><a data-elementor-open-lightbox=\"yes\" data-elementor-lightbox-slideshow=\"92b5911\" data-elementor-lightbox-title=\"costa-smeralda-4479204_1920\" data-elementor-lightbox-description=\"Mare Costa Smeralda\" data-e-action-hash=\"#elementor-action%3Aaction%3Dlightbox%26settings%3DeyJpZCI6OTQ0NCwidXJsIjoiaHR0cHM6XC9cL3d3dy55ZXBzZWEuY29tXC93cC1jb250ZW50XC91cGxvYWRzXC8yMDIyXC8wMlwvY29zdGEtc21lcmFsZGEtNDQ3OTIwNF8xOTIwLmpwZyIsInNsaWRlc2hvdyI6IjkyYjU5MTEifQ%3D%3D\" href=\"https:\/\/www.yepsea.com\/wp-content\/uploads\/2022\/02\/costa-smeralda-4479204_1920.jpg\"><figure class=\"swiper-slide-inner\"><img decoding=\"async\" class=\"swiper-slide-image\" src=\"https:\/\/www.yepsea.com\/wp-content\/uploads\/2022\/02\/costa-smeralda-4479204_1920.jpg\" alt=\"Mar Costa Smeralda\" \/><figcaption class=\"elementor-image-carousel-caption\">Mar Costa Smeralda<\/figcaption><\/figure><\/a><\/div><div class=\"swiper-slide\" role=\"group\" aria-roledescription=\"slide\" aria-label=\"8 of 13\" data-no-translation-aria-label=\"\"><a data-elementor-open-lightbox=\"yes\" data-elementor-lightbox-slideshow=\"92b5911\" data-elementor-lightbox-title=\"Faro Isola Bocca Olbia Al Tramonto\" data-elementor-lightbox-description=\"Faro Isola Bocca Olbia Al Tramonto\" data-e-action-hash=\"#elementor-action%3Aaction%3Dlightbox%26settings%3DeyJpZCI6MTY0NjMsInVybCI6Imh0dHBzOlwvXC93d3cueWVwc2VhLmNvbVwvd3AtY29udGVudFwvdXBsb2Fkc1wvRmFyby1Jc29sYS1Cb2NjYS1PbGJpYS1BbC1UcmFtb250by5qcGciLCJzbGlkZXNob3ciOiI5MmI1OTExIn0%3D\" href=\"https:\/\/www.yepsea.com\/wp-content\/uploads\/Faro-Isola-Bocca-Olbia-Al-Tramonto.jpg\"><figure class=\"swiper-slide-inner\"><img decoding=\"async\" class=\"swiper-slide-image\" src=\"https:\/\/www.yepsea.com\/wp-content\/uploads\/Faro-Isola-Bocca-Olbia-Al-Tramonto.jpg\" alt=\"Isla del Faro Olbia al atardecer\" \/><figcaption class=\"elementor-image-carousel-caption\">Isla del Faro Olbia al atardecer<\/figcaption><\/figure><\/a><\/div><div class=\"swiper-slide\" role=\"group\" aria-roledescription=\"slide\" aria-label=\"9 of 13\" data-no-translation-aria-label=\"\"><a data-elementor-open-lightbox=\"yes\" data-elementor-lightbox-slideshow=\"92b5911\" data-elementor-lightbox-title=\"Costa Smeralda Spiaggia con Tavolara sullo sfondo\" data-elementor-lightbox-description=\"Costa Smeralda Spiaggia con Tavolara sullo sfondo\" data-e-action-hash=\"#elementor-action%3Aaction%3Dlightbox%26settings%3DeyJpZCI6MTIxOTYsInVybCI6Imh0dHBzOlwvXC93d3cueWVwc2VhLmNvbVwvd3AtY29udGVudFwvdXBsb2Fkc1wvMjAyMlwvMDRcL0Nvc3RhLVNtZXJhbGRhLVNwaWFnZ2lhLWNvbi1UYXZvbGFyYS1zdWxsby1zZm9uZG8uanBnIiwic2xpZGVzaG93IjoiOTJiNTkxMSJ9\" href=\"https:\/\/www.yepsea.com\/wp-content\/uploads\/2022\/04\/Costa-Smeralda-Spiaggia-con-Tavolara-sullo-sfondo.jpg\"><figure class=\"swiper-slide-inner\"><img decoding=\"async\" class=\"swiper-slide-image\" src=\"https:\/\/www.yepsea.com\/wp-content\/uploads\/2022\/04\/Costa-Smeralda-Spiaggia-con-Tavolara-sullo-sfondo.jpg\" alt=\"Costa Smeralda Playa con Tavolara al fondo\" \/><figcaption class=\"elementor-image-carousel-caption\">Costa Smeralda Playa con Tavolara al fondo<\/figcaption><\/figure><\/a><\/div><div class=\"swiper-slide\" role=\"group\" aria-roledescription=\"slide\" aria-label=\"10 of 13\" data-no-translation-aria-label=\"\"><a data-elementor-open-lightbox=\"yes\" data-elementor-lightbox-slideshow=\"92b5911\" data-elementor-lightbox-title=\"Pianta del Sughero con Rami\" data-elementor-lightbox-description=\"Pianta del Sughero con Rami\" data-e-action-hash=\"#elementor-action%3Aaction%3Dlightbox%26settings%3DeyJpZCI6MTMwMjcsInVybCI6Imh0dHBzOlwvXC93d3cueWVwc2VhLmNvbVwvd3AtY29udGVudFwvdXBsb2Fkc1wvMjAyMlwvMDRcL1BpYW50YS1kZWwtU3VnaGVyby1jb24tUmFtaS5qcGciLCJzbGlkZXNob3ciOiI5MmI1OTExIn0%3D\" href=\"https:\/\/www.yepsea.com\/wp-content\/uploads\/2022\/04\/Pianta-del-Sughero-con-Rami.jpg\"><figure class=\"swiper-slide-inner\"><img decoding=\"async\" class=\"swiper-slide-image\" src=\"https:\/\/www.yepsea.com\/wp-content\/uploads\/2022\/04\/Pianta-del-Sughero-con-Rami.jpg\" alt=\"Planta de corcho con ramas\" \/><figcaption class=\"elementor-image-carousel-caption\">Planta de corcho con ramas<\/figcaption><\/figure><\/a><\/div><div class=\"swiper-slide\" role=\"group\" aria-roledescription=\"slide\" aria-label=\"11 of 13\" data-no-translation-aria-label=\"\"><a data-elementor-open-lightbox=\"yes\" data-elementor-lightbox-slideshow=\"92b5911\" data-elementor-lightbox-title=\"Faro di Palau\" data-elementor-lightbox-description=\"Faro di Palau\" data-e-action-hash=\"#elementor-action%3Aaction%3Dlightbox%26settings%3DeyJpZCI6MTY0NzcsInVybCI6Imh0dHBzOlwvXC93d3cueWVwc2VhLmNvbVwvd3AtY29udGVudFwvdXBsb2Fkc1wvRmFyby1kaS1QYWxhdS5qcGciLCJzbGlkZXNob3ciOiI5MmI1OTExIn0%3D\" href=\"https:\/\/www.yepsea.com\/wp-content\/uploads\/Faro-di-Palau.jpg\"><figure class=\"swiper-slide-inner\"><img decoding=\"async\" class=\"swiper-slide-image\" src=\"https:\/\/www.yepsea.com\/wp-content\/uploads\/Faro-di-Palau.jpg\" alt=\"Faro de Palaos\" \/><figcaption class=\"elementor-image-carousel-caption\">Faro de Palaos<\/figcaption><\/figure><\/a><\/div><div class=\"swiper-slide\" role=\"group\" aria-roledescription=\"slide\" aria-label=\"12 of 13\" data-no-translation-aria-label=\"\"><a data-elementor-open-lightbox=\"yes\" data-elementor-lightbox-slideshow=\"92b5911\" data-elementor-lightbox-title=\"Rocce granitiche in spiaggia in Costa Smeralda\" data-elementor-lightbox-description=\"Rocce granitiche in spiaggia in Costa Smeralda\" data-e-action-hash=\"#elementor-action%3Aaction%3Dlightbox%26settings%3DeyJpZCI6MTIxOTQsInVybCI6Imh0dHBzOlwvXC93d3cueWVwc2VhLmNvbVwvd3AtY29udGVudFwvdXBsb2Fkc1wvMjAyMlwvMDRcL1JvY2NlLWdyYW5pdGljaGUtaW4tc3BpYWdnaWEtaW4tQ29zdGEtU21lcmFsZGEuanBnIiwic2xpZGVzaG93IjoiOTJiNTkxMSJ9\" href=\"https:\/\/www.yepsea.com\/wp-content\/uploads\/2022\/04\/Rocce-granitiche-in-spiaggia-in-Costa-Smeralda.jpg\"><figure class=\"swiper-slide-inner\"><img decoding=\"async\" class=\"swiper-slide-image\" src=\"https:\/\/www.yepsea.com\/wp-content\/uploads\/2022\/04\/Rocce-granitiche-in-spiaggia-in-Costa-Smeralda.jpg\" alt=\"Rocas de granito en la playa en Costa Smeralda\" \/><figcaption class=\"elementor-image-carousel-caption\">Rocas de granito en la playa en Costa Smeralda<\/figcaption><\/figure><\/a><\/div><div class=\"swiper-slide\" role=\"group\" aria-roledescription=\"slide\" aria-label=\"13 of 13\" data-no-translation-aria-label=\"\"><a data-elementor-open-lightbox=\"yes\" data-elementor-lightbox-slideshow=\"92b5911\" data-elementor-lightbox-title=\"Sequoie monte Limbara con staccionata\" data-elementor-lightbox-description=\"Sequoie monte Limbara con staccionata\" data-e-action-hash=\"#elementor-action%3Aaction%3Dlightbox%26settings%3DeyJpZCI6MTE0MzksInVybCI6Imh0dHBzOlwvXC93d3cueWVwc2VhLmNvbVwvd3AtY29udGVudFwvdXBsb2Fkc1wvMjAyMlwvMDNcL1NlcXVvaWUtbW9udGUtTGltYmFyYS1jb24tc3RhY2Npb25hdGEuanBlZyIsInNsaWRlc2hvdyI6IjkyYjU5MTEifQ%3D%3D\" href=\"https:\/\/www.yepsea.com\/wp-content\/uploads\/2022\/03\/Sequoie-monte-Limbara-con-staccionata.jpeg\"><figure class=\"swiper-slide-inner\"><img decoding=\"async\" class=\"swiper-slide-image\" src=\"https:\/\/www.yepsea.com\/wp-content\/uploads\/2022\/03\/Sequoie-monte-Limbara-con-staccionata.jpeg\" alt=\"Secuoya del monte Limbara con valla\" \/><figcaption class=\"elementor-image-carousel-caption\">Secuoya del monte Limbara con valla<\/figcaption><\/figure><\/a><\/div>\t\t\t<\/div>\n\t\t\t\t\t\t\t\t\t\t\t\t<div class=\"elementor-swiper-button elementor-swiper-button-prev\" role=\"button\" tabindex=\"0\">\n\t\t\t\t\t\t<svg aria-hidden=\"true\" class=\"e-font-icon-svg e-eicon-chevron-left\" viewbox=\"0 0 1000 1000\" xmlns=\"http:\/\/www.w3.org\/2000\/svg\"><path d=\"M646 125C629 125 613 133 604 142L308 442C296 454 292 471 292 487 292 504 296 521 308 533L604 854C617 867 629 875 646 875 663 875 679 871 692 858 704 846 713 829 713 812 713 796 708 779 692 767L438 487 692 225C700 217 708 204 708 187 708 171 704 154 692 142 675 129 663 125 646 125Z\"><\/path><\/svg>\t\t\t\t\t<\/div>\n\t\t\t\t\t<div class=\"elementor-swiper-button elementor-swiper-button-next\" role=\"button\" tabindex=\"0\">\n\t\t\t\t\t\t<svg aria-hidden=\"true\" class=\"e-font-icon-svg e-eicon-chevron-right\" viewbox=\"0 0 1000 1000\" xmlns=\"http:\/\/www.w3.org\/2000\/svg\"><path d=\"M696 533C708 521 713 504 713 487 713 471 708 454 696 446L400 146C388 133 375 125 354 125 338 125 325 129 313 142 300 154 292 171 292 187 292 204 296 221 308 233L563 492 304 771C292 783 288 800 288 817 288 833 296 850 308 863 321 871 338 875 354 875 371 875 388 867 400 854L696 533Z\"><\/path><\/svg>\t\t\t\t\t<\/div>\n\t\t\t\t\n\t\t\t\t\t\t\t\t\t<div class=\"swiper-pagination\"><\/div>\n\t\t\t\t\t\t\t\t\t<\/div>\n\t\t\t\t\t\t<\/div>\n\t\t\t\t<\/div>\n\t\t\t\t<div class=\"elementor-element elementor-element-de8a4a9 elementor-widget elementor-widget-heading\" data-id=\"de8a4a9\" data-element_type=\"widget\" data-widget_type=\"heading.default\">\n\t\t\t\t<div class=\"elementor-widget-container\">\n\t\t\t\t\t<h3 class=\"elementor-heading-title elementor-size-default\">Curiosidades sobre Gallura<\/h3>\t\t\t\t<\/div>\n\t\t\t\t<\/div>\n\t\t\t\t<div class=\"elementor-element elementor-element-877d4ba elementor-widget elementor-widget-text-editor\" data-id=\"877d4ba\" data-element_type=\"widget\" data-widget_type=\"text-editor.default\">\n\t\t\t\t<div class=\"elementor-widget-container\">\n\t\t\t\t\t\t\t\t\t<p>En Gallura y Alta Gallura <strong>habla Gallurese<\/strong> - muy similar al dialecto c\u00f2rso hablado en el sur de C\u00f3rcega - que conserva algunas inflexiones del logudor\u00e9s. La subregi\u00f3n es famosa por la presencia de f\u00e1bricas de corcho -en la zona de Calangianus- que exportan el <strong>Corcho sardo<\/strong>.<\/p><p>Otra peculiaridad que hace famosa a Gallura es el granito que da a la zona su particular conformaci\u00f3n. En cada rinc\u00f3n de la subregi\u00f3n se puede admirar, junto a las onduladas colinas cuna del <strong>Vermentino di Gallura DOCG<\/strong>El <strong>famosas rocas de Gallura. <\/strong>Las sugerentes rocas de mil formas se pueden admirar, entre otros, en el Valle della Luna en Aggius y el Valle della Luna en Santa Teresa Gallura.<\/p>\t\t\t\t\t\t\t\t<\/div>\n\t\t\t\t<\/div>\n\t\t\t\t<div class=\"elementor-element elementor-element-fe60ca7 elementor-widget elementor-widget-heading\" data-id=\"fe60ca7\" data-element_type=\"widget\" data-widget_type=\"heading.default\">\n\t\t\t\t<div class=\"elementor-widget-container\">\n\t\t\t\t\t<h3 class=\"elementor-heading-title elementor-size-default\">Qu\u00e9 no perderse: qu\u00e9 ver en Gallura\n<\/h3>\t\t\t\t<\/div>\n\t\t\t\t<\/div>\n\t\t\t\t<div class=\"elementor-element elementor-element-ab41f54 elementor-widget elementor-widget-text-editor\" data-id=\"ab41f54\" data-element_type=\"widget\" data-widget_type=\"text-editor.default\">\n\t\t\t\t<div class=\"elementor-widget-container\">\n\t\t\t\t\t\t\t\t\t<p>Las atracciones que no hay que perderse en Gallura son:<\/p><p><a href=\"https:\/\/yepsea.com\/i-migliori-tour-escursioni-nell-arcipelago-la-maddalena\/\" target=\"_blank\" rel=\"noopener\">Parque Nacional del Archipi\u00e9lago de la Maddalena<\/a><\/p><p><a href=\"https:\/\/yepsea.com\/ulivi-millenari-di-luras-alberi-di-4000-anni\/\" target=\"_blank\" rel=\"noopener\">Olivos milenarios de Luras<\/a><\/p><p><a href=\"https:\/\/yepsea.com\/tavolara-curiosita-leggende-e-informazioni\/\" target=\"_blank\" rel=\"noopener\">\u00c1rea Marina Protegida Tavolara Punta Coda Cavallo<\/a><\/p><p><a href=\"https:\/\/yepsea.com\/sardegna-in-montagna-sequoie-del-limbara\/\" target=\"_blank\" rel=\"noopener\">Las secuoyas del monte Limbara<\/a><\/p><p><a href=\"https:\/\/yepsea.com\/10-cose-da-fare-a-golfo-aranci\/\" target=\"_blank\" rel=\"noopener\">Capo Figari y Golfo Aranci<\/a><\/p><p>La ciudad de Olbia y Tempio Pausania<\/p>\t\t\t\t\t\t\t\t<\/div>\n\t\t\t\t<\/div>\n\t\t\t\t<div class=\"elementor-element elementor-element-84522b6 elementor-widget elementor-widget-template\" data-id=\"84522b6\" data-element_type=\"widget\" data-widget_type=\"template.default\">\n\t\t\t\t<div class=\"elementor-widget-container\">\n\t\t\t\t\t\t\t<div class=\"elementor-template\">\n\t\t\t\t\t<div data-elementor-type=\"section\" data-elementor-id=\"26200\" class=\"elementor elementor-26200\" data-elementor-post-type=\"elementor_library\">\n\t\t\t\t\t<section class=\"elementor-section elementor-top-section elementor-element elementor-element-b7f1442 elementor-section-full_width elementor-section-height-default elementor-section-height-default\" data-id=\"b7f1442\" data-element_type=\"section\">\n\t\t\t\t\t\t<div class=\"elementor-container elementor-column-gap-default\">\n\t\t\t\t\t<div class=\"elementor-column elementor-col-100 elementor-top-column elementor-element elementor-element-ab32f36\" data-id=\"ab32f36\" data-element_type=\"column\">\n\t\t\t<div class=\"elementor-widget-wrap elementor-element-populated\">\n\t\t\t\t\t\t<div class=\"elementor-element elementor-element-b7b76b8 elementor-widget elementor-widget-button\" data-id=\"b7b76b8\" data-element_type=\"widget\" data-widget_type=\"button.default\">\n\t\t\t\t<div class=\"elementor-widget-container\">\n\t\t\t\t\t\t\t\t\t<div class=\"elementor-button-wrapper\">\n\t\t\t\t\t<a class=\"elementor-button elementor-size-sm\" role=\"button\">\n\t\t\t\t\t\t<span class=\"elementor-button-content-wrapper\">\n\t\t\t\t\t\t\t\t\t<span class=\"elementor-button-text\">ver excursiones en barco por La Maddalena<\/span>\n\t\t\t\t\t<\/span>\n\t\t\t\t\t<\/a>\n\t\t\t\t<\/div>\n\t\t\t\t\t\t\t\t<\/div>\n\t\t\t\t<\/div>\n\t\t\t\t\t<\/div>\n\t\t<\/div>\n\t\t\t\t\t<\/div>\n\t\t<\/section>\n\t\t\t\t<\/div>\n\t\t\t\t<\/div>\n\t\t\t\t\t\t<\/div>\n\t\t\t\t<\/div>\n\t\t\t\t\t<\/div>\n\t\t<\/div>\n\t\t\t\t\t<\/div>\n\t\t<\/section>\n\t\t\t\t<section class=\"elementor-section elementor-top-section elementor-element elementor-element-6a751d0 elementor-section-boxed elementor-section-height-default elementor-section-height-default\" data-id=\"6a751d0\" data-element_type=\"section\">\n\t\t\t\t\t\t<div class=\"elementor-container elementor-column-gap-default\">\n\t\t\t\t\t<div class=\"elementor-column elementor-col-100 elementor-top-column elementor-element elementor-element-3905230\" data-id=\"3905230\" data-element_type=\"column\">\n\t\t\t<div class=\"elementor-widget-wrap elementor-element-populated\">\n\t\t\t\t\t\t<div class=\"elementor-element elementor-element-e8f2a37 elementor-widget elementor-widget-heading\" data-id=\"e8f2a37\" data-element_type=\"widget\" data-widget_type=\"heading.default\">\n\t\t\t\t<div class=\"elementor-widget-container\">\n\t\t\t\t\t<h2 class=\"elementor-heading-title elementor-size-default\">Mapa Cerde\u00f1a: Barbagia<\/h2>\t\t\t\t<\/div>\n\t\t\t\t<\/div>\n\t\t\t\t<div class=\"elementor-element elementor-element-34d00dc elementor-widget elementor-widget-image\" data-id=\"34d00dc\" data-element_type=\"widget\" data-widget_type=\"image.default\">\n\t\t\t\t<div class=\"elementor-widget-container\">\n\t\t\t\t\t\t\t\t\t\t\t\t<figure class=\"wp-caption\">\n\t\t\t\t\t\t\t\t\t\t\t<a href=\"https:\/\/yepsea.com\/wp-content\/uploads\/Orgosolo_Murales.jpg\" data-elementor-open-lightbox=\"yes\" data-elementor-lightbox-title=\"Orgosolo,_Murales\" data-elementor-lightbox-description=\"Murales a Orgosolo\" data-e-action-hash=\"#elementor-action%3Aaction%3Dlightbox%26settings%3DeyJpZCI6MTc2NDQsInVybCI6Imh0dHBzOlwvXC93d3cueWVwc2VhLmNvbVwvd3AtY29udGVudFwvdXBsb2Fkc1wvT3Jnb3NvbG9fTXVyYWxlcy5qcGcifQ%3D%3D\" target=\"_blank\" rel=\"noopener\">\n\t\t\t\t\t\t\t<img decoding=\"async\" width=\"1067\" height=\"800\" src=\"https:\/\/www.yepsea.com\/wp-content\/uploads\/Orgosolo_Murales.jpg\" class=\"attachment-large size-large wp-image-17644\" alt=\"Murales en Orgosolo\" \/>\t\t\t\t\t\t\t\t<\/a>\n\t\t\t\t\t\t\t\t\t\t\t<figcaption class=\"widget-image-caption wp-caption-text\">Murales en Orgosolo<\/figcaption>\n\t\t\t\t\t\t\t\t\t\t<\/figure>\n\t\t\t\t\t\t\t\t\t<\/div>\n\t\t\t\t<\/div>\n\t\t\t\t<div class=\"elementor-element elementor-element-10ec771 elementor-widget elementor-widget-heading\" data-id=\"10ec771\" data-element_type=\"widget\" data-widget_type=\"heading.default\">\n\t\t\t\t<div class=\"elementor-widget-container\">\n\t\t\t\t\t<h3 class=\"elementor-heading-title elementor-size-default\">D\u00f3nde est\u00e1 Barbagia<\/h3>\t\t\t\t<\/div>\n\t\t\t\t<\/div>\n\t\t\t\t<div class=\"elementor-element elementor-element-5927d7c elementor-widget elementor-widget-text-editor\" data-id=\"5927d7c\" data-element_type=\"widget\" data-widget_type=\"text-editor.default\">\n\t\t\t\t<div class=\"elementor-widget-container\">\n\t\t\t\t\t\t\t\t\t<p>Barbagia se encuentra en el centro de Cerde\u00f1a, aproximadamente en la zona de Nuoro. Existen varias subdivisiones de Barbagia: Barbagia di Belv\u00ec, Barbagia di Nuoro e Bitti, Barbagia di Ollolai y Barbagia di Seulo.<\/p><p>Los municipios que forman parte de las subdivisiones de Barbagia son: Aritzo, Belv\u00ec, Gadoni, Meana Sardo. Bitti, Dorgali, Lula, Nuoro, Onan\u00ec, Oniferi, Orani, Orotelli, Orune, Osidda, Ottana, Sarule. Austis, Fonni, Gavoi, Lodine, Mamoiada, Oliena, Ollolai, Olzai, Orgosolo, Ovodda, Teti, Tiana. Seulo, Seui, Sadali, Esterzili, Ussassai (lim\u00edtrofe con<\/p>\t\t\t\t\t\t\t\t<\/div>\n\t\t\t\t<\/div>\n\t\t\t\t<div class=\"elementor-element elementor-element-3555fcf elementor-widget elementor-widget-heading\" data-id=\"3555fcf\" data-element_type=\"widget\" data-widget_type=\"heading.default\">\n\t\t\t\t<div class=\"elementor-widget-container\">\n\t\t\t\t\t<h3 class=\"elementor-heading-title elementor-size-default\">Fotos de Barbagia<\/h3>\t\t\t\t<\/div>\n\t\t\t\t<\/div>\n\t\t\t\t<div class=\"elementor-element elementor-element-b2e91db elementor-arrows-position-inside elementor-pagination-position-outside elementor-widget elementor-widget-image-carousel\" data-id=\"b2e91db\" data-element_type=\"widget\" data-settings=\"{&quot;autoplay&quot;:&quot;no&quot;,&quot;navigation&quot;:&quot;both&quot;,&quot;infinite&quot;:&quot;yes&quot;,&quot;speed&quot;:500,&quot;image_spacing_custom&quot;:{&quot;unit&quot;:&quot;px&quot;,&quot;size&quot;:20,&quot;sizes&quot;:[]},&quot;image_spacing_custom_tablet&quot;:{&quot;unit&quot;:&quot;px&quot;,&quot;size&quot;:&quot;&quot;,&quot;sizes&quot;:[]},&quot;image_spacing_custom_mobile&quot;:{&quot;unit&quot;:&quot;px&quot;,&quot;size&quot;:&quot;&quot;,&quot;sizes&quot;:[]}}\" data-widget_type=\"image-carousel.default\">\n\t\t\t\t<div class=\"elementor-widget-container\">\n\t\t\t\t\t\t\t<div class=\"elementor-image-carousel-wrapper swiper\" role=\"region\" aria-roledescription=\"carousel\" aria-label=\"Carrusel de im\u00e1genes\" dir=\"ltr\">\n\t\t\t<div class=\"elementor-image-carousel swiper-wrapper\" aria-live=\"polite\">\n\t\t\t\t\t\t\t\t<div class=\"swiper-slide\" role=\"group\" aria-roledescription=\"slide\" aria-label=\"1 of 11\" data-no-translation-aria-label=\"\"><a data-elementor-open-lightbox=\"yes\" data-elementor-lightbox-slideshow=\"b2e91db\" data-elementor-lightbox-title=\"La Costa di Cala Gonone\" data-elementor-lightbox-description=\"La Costa di Cala Gonone\" data-e-action-hash=\"#elementor-action%3Aaction%3Dlightbox%26settings%3DeyJpZCI6MTQ5MzcsInVybCI6Imh0dHBzOlwvXC93d3cueWVwc2VhLmNvbVwvd3AtY29udGVudFwvdXBsb2Fkc1wvTGEtQ29zdGEtZGktQ2FsYS1Hb25vbmUuanBnIiwic2xpZGVzaG93IjoiYjJlOTFkYiJ9\" href=\"https:\/\/www.yepsea.com\/wp-content\/uploads\/La-Costa-di-Cala-Gonone.jpg\"><figure class=\"swiper-slide-inner\"><img decoding=\"async\" class=\"swiper-slide-image\" src=\"https:\/\/www.yepsea.com\/wp-content\/uploads\/La-Costa-di-Cala-Gonone.jpg\" alt=\"La costa de Cala Gonone\" \/><figcaption class=\"elementor-image-carousel-caption\">La costa de Cala Gonone<\/figcaption><\/figure><\/a><\/div><div class=\"swiper-slide\" role=\"group\" aria-roledescription=\"slide\" aria-label=\"2 of 11\" data-no-translation-aria-label=\"\"><a data-elementor-open-lightbox=\"yes\" data-elementor-lightbox-slideshow=\"b2e91db\" data-elementor-lightbox-title=\"Infografica ingresso Tiscali\" data-elementor-lightbox-description=\"Infografica all&#039;ingresso Tiscali\" data-e-action-hash=\"#elementor-action%3Aaction%3Dlightbox%26settings%3DeyJpZCI6MTEyNDAsInVybCI6Imh0dHBzOlwvXC93d3cueWVwc2VhLmNvbVwvd3AtY29udGVudFwvdXBsb2Fkc1wvMjAyMlwvMDNcL0luZm9ncmFmaWNhLWluZ3Jlc3NvLVRpc2NhbGkuanBnIiwic2xpZGVzaG93IjoiYjJlOTFkYiJ9\" href=\"https:\/\/www.yepsea.com\/wp-content\/uploads\/2022\/03\/Infografica-ingresso-Tiscali.jpg\"><figure class=\"swiper-slide-inner\"><img decoding=\"async\" class=\"swiper-slide-image\" src=\"https:\/\/www.yepsea.com\/wp-content\/uploads\/2022\/03\/Infografica-ingresso-Tiscali.jpg\" alt=\"Infograf\u00eda en la entrada de Tiscali\" \/><figcaption class=\"elementor-image-carousel-caption\">Infograf\u00eda en la entrada de Tiscali<\/figcaption><\/figure><\/a><\/div><div class=\"swiper-slide\" role=\"group\" aria-roledescription=\"slide\" aria-label=\"3 of 11\" data-no-translation-aria-label=\"\"><a data-elementor-open-lightbox=\"yes\" data-elementor-lightbox-slideshow=\"b2e91db\" data-elementor-lightbox-title=\"Cala Gonone, Orosei Nuraghe Osalla\" data-elementor-lightbox-description=\"Cala Gonone, Orosei Nuraghe Osalla\" data-e-action-hash=\"#elementor-action%3Aaction%3Dlightbox%26settings%3DeyJpZCI6MTQ5MzIsInVybCI6Imh0dHBzOlwvXC93d3cueWVwc2VhLmNvbVwvd3AtY29udGVudFwvdXBsb2Fkc1wvY2FsYS1nb25vbmUtbnVyYWdoZS1vc2FsbGEuanBnIiwic2xpZGVzaG93IjoiYjJlOTFkYiJ9\" href=\"https:\/\/www.yepsea.com\/wp-content\/uploads\/cala-gonone-nuraghe-osalla.jpg\"><figure class=\"swiper-slide-inner\"><img decoding=\"async\" class=\"swiper-slide-image\" src=\"https:\/\/www.yepsea.com\/wp-content\/uploads\/cala-gonone-nuraghe-osalla.jpg\" alt=\"Cala Gonone, Orosei Nuraghe Osalla\" \/><figcaption class=\"elementor-image-carousel-caption\">Cala Gonone, Orosei Nuraghe Osalla<\/figcaption><\/figure><\/a><\/div><div class=\"swiper-slide\" role=\"group\" aria-roledescription=\"slide\" aria-label=\"4 of 11\" data-no-translation-aria-label=\"\"><a data-elementor-open-lightbox=\"yes\" data-elementor-lightbox-slideshow=\"b2e91db\" data-elementor-lightbox-title=\"Orgosolo,_Murales\" data-elementor-lightbox-description=\"Murales a Orgosolo\" data-e-action-hash=\"#elementor-action%3Aaction%3Dlightbox%26settings%3DeyJpZCI6MTc2NDQsInVybCI6Imh0dHBzOlwvXC93d3cueWVwc2VhLmNvbVwvd3AtY29udGVudFwvdXBsb2Fkc1wvT3Jnb3NvbG9fTXVyYWxlcy5qcGciLCJzbGlkZXNob3ciOiJiMmU5MWRiIn0%3D\" href=\"https:\/\/www.yepsea.com\/wp-content\/uploads\/Orgosolo_Murales.jpg\"><figure class=\"swiper-slide-inner\"><img decoding=\"async\" class=\"swiper-slide-image\" src=\"https:\/\/www.yepsea.com\/wp-content\/uploads\/Orgosolo_Murales.jpg\" alt=\"Murales en Orgosolo\" \/><figcaption class=\"elementor-image-carousel-caption\">Murales en Orgosolo<\/figcaption><\/figure><\/a><\/div><div class=\"swiper-slide\" role=\"group\" aria-roledescription=\"slide\" aria-label=\"5 of 11\" data-no-translation-aria-label=\"\"><a data-elementor-open-lightbox=\"yes\" data-elementor-lightbox-slideshow=\"b2e91db\" data-elementor-lightbox-title=\"Vista dell interno della dolina di Tiscali\" data-elementor-lightbox-description=\"Vista dell interno della dolina di Tiscali\" data-e-action-hash=\"#elementor-action%3Aaction%3Dlightbox%26settings%3DeyJpZCI6MTEyNDEsInVybCI6Imh0dHBzOlwvXC93d3cueWVwc2VhLmNvbVwvd3AtY29udGVudFwvdXBsb2Fkc1wvMjAyMlwvMDNcL1Zpc3RhLWRlbGwtaW50ZXJuby1kZWxsYS1kb2xpbmEtZGktVGlzY2FsaS5qcGciLCJzbGlkZXNob3ciOiJiMmU5MWRiIn0%3D\" href=\"https:\/\/www.yepsea.com\/wp-content\/uploads\/2022\/03\/Vista-dell-interno-della-dolina-di-Tiscali.jpg\"><figure class=\"swiper-slide-inner\"><img decoding=\"async\" class=\"swiper-slide-image\" src=\"https:\/\/www.yepsea.com\/wp-content\/uploads\/2022\/03\/Vista-dell-interno-della-dolina-di-Tiscali.jpg\" alt=\"Vista del interior del sumidero de Tiscali\" \/><figcaption class=\"elementor-image-carousel-caption\">Vista del interior del sumidero de Tiscali<\/figcaption><\/figure><\/a><\/div><div class=\"swiper-slide\" role=\"group\" aria-roledescription=\"slide\" aria-label=\"6 of 11\" data-no-translation-aria-label=\"\"><a data-elementor-open-lightbox=\"yes\" data-elementor-lightbox-slideshow=\"b2e91db\" data-elementor-lightbox-title=\"Mare e Costa di Cala Gonone\" data-elementor-lightbox-description=\"Mare e Costa di Cala Gonone\" data-e-action-hash=\"#elementor-action%3Aaction%3Dlightbox%26settings%3DeyJpZCI6MTQ5NDUsInVybCI6Imh0dHBzOlwvXC93d3cueWVwc2VhLmNvbVwvd3AtY29udGVudFwvdXBsb2Fkc1wvTWFyZS1lLUNvc3RhLWRpLUNhbGEtR29ub25lLmpwZyIsInNsaWRlc2hvdyI6ImIyZTkxZGIifQ%3D%3D\" href=\"https:\/\/www.yepsea.com\/wp-content\/uploads\/Mare-e-Costa-di-Cala-Gonone.jpg\"><figure class=\"swiper-slide-inner\"><img decoding=\"async\" class=\"swiper-slide-image\" src=\"https:\/\/www.yepsea.com\/wp-content\/uploads\/Mare-e-Costa-di-Cala-Gonone.jpg\" alt=\"Mar y Costa de Cala Gonone\" \/><figcaption class=\"elementor-image-carousel-caption\">Mar y Costa de Cala Gonone<\/figcaption><\/figure><\/a><\/div><div class=\"swiper-slide\" role=\"group\" aria-roledescription=\"slide\" aria-label=\"7 of 11\" data-no-translation-aria-label=\"\"><a data-elementor-open-lightbox=\"yes\" data-elementor-lightbox-slideshow=\"b2e91db\" data-elementor-lightbox-title=\"Rocce sulla Costa di Cala Gonone\" data-elementor-lightbox-description=\"Rocce sulla Costa di Cala Gonone\" data-e-action-hash=\"#elementor-action%3Aaction%3Dlightbox%26settings%3DeyJpZCI6MTQ5MjgsInVybCI6Imh0dHBzOlwvXC93d3cueWVwc2VhLmNvbVwvd3AtY29udGVudFwvdXBsb2Fkc1wvUm9jY2Utc3VsbGEtQ29zdGEtZGktQ2FsYS1Hb25vbmUuanBnIiwic2xpZGVzaG93IjoiYjJlOTFkYiJ9\" href=\"https:\/\/www.yepsea.com\/wp-content\/uploads\/Rocce-sulla-Costa-di-Cala-Gonone.jpg\"><figure class=\"swiper-slide-inner\"><img decoding=\"async\" class=\"swiper-slide-image\" src=\"https:\/\/www.yepsea.com\/wp-content\/uploads\/Rocce-sulla-Costa-di-Cala-Gonone.jpg\" alt=\"Rocas en la costa de Cala Gonone\" \/><figcaption class=\"elementor-image-carousel-caption\">Rocas en la costa de Cala Gonone<\/figcaption><\/figure><\/a><\/div><div class=\"swiper-slide\" role=\"group\" aria-roledescription=\"slide\" aria-label=\"8 of 11\" data-no-translation-aria-label=\"\"><a data-elementor-open-lightbox=\"yes\" data-elementor-lightbox-slideshow=\"b2e91db\" data-elementor-lightbox-title=\"Vista sulla vallata di Tiscali\" data-elementor-lightbox-description=\"Vista sulla vallata di Tiscali\" data-e-action-hash=\"#elementor-action%3Aaction%3Dlightbox%26settings%3DeyJpZCI6MTEyMjEsInVybCI6Imh0dHBzOlwvXC93d3cueWVwc2VhLmNvbVwvd3AtY29udGVudFwvdXBsb2Fkc1wvMjAyMlwvMDNcL1Zpc3RhLXN1bGxhLXZhbGxhdGEtMS5qcGciLCJzbGlkZXNob3ciOiJiMmU5MWRiIn0%3D\" href=\"https:\/\/www.yepsea.com\/wp-content\/uploads\/2022\/03\/Vista-sulla-vallata-1.jpg\"><figure class=\"swiper-slide-inner\"><img decoding=\"async\" class=\"swiper-slide-image\" src=\"https:\/\/www.yepsea.com\/wp-content\/uploads\/2022\/03\/Vista-sulla-vallata-1.jpg\" alt=\"Vista del valle de Tiscali\" \/><figcaption class=\"elementor-image-carousel-caption\">Vista del valle de Tiscali<\/figcaption><\/figure><\/a><\/div><div class=\"swiper-slide\" role=\"group\" aria-roledescription=\"slide\" aria-label=\"9 of 11\" data-no-translation-aria-label=\"\"><a data-elementor-open-lightbox=\"yes\" data-elementor-lightbox-slideshow=\"b2e91db\" data-elementor-lightbox-title=\"Mare e Scogli Cala Gonone\" data-elementor-lightbox-description=\"Mare e Scogli Cala Gonone\" data-e-action-hash=\"#elementor-action%3Aaction%3Dlightbox%26settings%3DeyJpZCI6MTQ5MzYsInVybCI6Imh0dHBzOlwvXC93d3cueWVwc2VhLmNvbVwvd3AtY29udGVudFwvdXBsb2Fkc1wvTWFyZS1lLVNjb2dsaS1DYWxhLUdvbm9uZS5qcGciLCJzbGlkZXNob3ciOiJiMmU5MWRiIn0%3D\" href=\"https:\/\/www.yepsea.com\/wp-content\/uploads\/Mare-e-Scogli-Cala-Gonone.jpg\"><figure class=\"swiper-slide-inner\"><img decoding=\"async\" class=\"swiper-slide-image\" src=\"https:\/\/www.yepsea.com\/wp-content\/uploads\/Mare-e-Scogli-Cala-Gonone.jpg\" alt=\"Mar y Rocas Cala Gonone\" \/><figcaption class=\"elementor-image-carousel-caption\">Mar y Rocas Cala Gonone<\/figcaption><\/figure><\/a><\/div><div class=\"swiper-slide\" role=\"group\" aria-roledescription=\"slide\" aria-label=\"10 of 11\" data-no-translation-aria-label=\"\"><a data-elementor-open-lightbox=\"yes\" data-elementor-lightbox-slideshow=\"b2e91db\" data-elementor-lightbox-title=\"Mare E Rocce sulla Costa di Cala Gonone\" data-elementor-lightbox-description=\"Mare E Rocce sulla Costa di Cala Gonone\" data-e-action-hash=\"#elementor-action%3Aaction%3Dlightbox%26settings%3DeyJpZCI6MTQ5NDEsInVybCI6Imh0dHBzOlwvXC93d3cueWVwc2VhLmNvbVwvd3AtY29udGVudFwvdXBsb2Fkc1wvTWFyZS1FLVJvY2NlLXN1bGxhLUNvc3RhLWRpLUNhbGEtR29ub25lLmpwZyIsInNsaWRlc2hvdyI6ImIyZTkxZGIifQ%3D%3D\" href=\"https:\/\/www.yepsea.com\/wp-content\/uploads\/Mare-E-Rocce-sulla-Costa-di-Cala-Gonone.jpg\"><figure class=\"swiper-slide-inner\"><img decoding=\"async\" class=\"swiper-slide-image\" src=\"https:\/\/www.yepsea.com\/wp-content\/uploads\/Mare-E-Rocce-sulla-Costa-di-Cala-Gonone.jpg\" alt=\"Mar Y Rocas En La Costa De Cala Gonone\" \/><figcaption class=\"elementor-image-carousel-caption\">Mar Y Rocas En La Costa De Cala Gonone<\/figcaption><\/figure><\/a><\/div><div class=\"swiper-slide\" role=\"group\" aria-roledescription=\"slide\" aria-label=\"11 of 11\" data-no-translation-aria-label=\"\"><a data-elementor-open-lightbox=\"yes\" data-elementor-lightbox-slideshow=\"b2e91db\" data-elementor-lightbox-title=\"Particolare rocce dolina Tiscali con alberi\" data-elementor-lightbox-description=\"Particolare rocce dolina Tiscali con alberi\" data-e-action-hash=\"#elementor-action%3Aaction%3Dlightbox%26settings%3DeyJpZCI6MTEyMTgsInVybCI6Imh0dHBzOlwvXC93d3cueWVwc2VhLmNvbVwvd3AtY29udGVudFwvdXBsb2Fkc1wvMjAyMlwvMDNcL1BhcnRpY29sYXJlLXJvY2NlLWRvbGluYS1UaXNjYWxpLWNvbi1hbGJlcmkuanBnIiwic2xpZGVzaG93IjoiYjJlOTFkYiJ9\" href=\"https:\/\/www.yepsea.com\/wp-content\/uploads\/2022\/03\/Particolare-rocce-dolina-Tiscali-con-alberi.jpg\"><figure class=\"swiper-slide-inner\"><img decoding=\"async\" class=\"swiper-slide-image\" src=\"https:\/\/www.yepsea.com\/wp-content\/uploads\/2022\/03\/Particolare-rocce-dolina-Tiscali-con-alberi.jpg\" alt=\"Detalle de las rocas de la dolina de Tiscali con \u00e1rboles\" \/><figcaption class=\"elementor-image-carousel-caption\">Detalle de las rocas de la dolina de Tiscali con \u00e1rboles<\/figcaption><\/figure><\/a><\/div>\t\t\t<\/div>\n\t\t\t\t\t\t\t\t\t\t\t\t<div class=\"elementor-swiper-button elementor-swiper-button-prev\" role=\"button\" tabindex=\"0\">\n\t\t\t\t\t\t<svg aria-hidden=\"true\" class=\"e-font-icon-svg e-eicon-chevron-left\" viewbox=\"0 0 1000 1000\" xmlns=\"http:\/\/www.w3.org\/2000\/svg\"><path d=\"M646 125C629 125 613 133 604 142L308 442C296 454 292 471 292 487 292 504 296 521 308 533L604 854C617 867 629 875 646 875 663 875 679 871 692 858 704 846 713 829 713 812 713 796 708 779 692 767L438 487 692 225C700 217 708 204 708 187 708 171 704 154 692 142 675 129 663 125 646 125Z\"><\/path><\/svg>\t\t\t\t\t<\/div>\n\t\t\t\t\t<div class=\"elementor-swiper-button elementor-swiper-button-next\" role=\"button\" tabindex=\"0\">\n\t\t\t\t\t\t<svg aria-hidden=\"true\" class=\"e-font-icon-svg e-eicon-chevron-right\" viewbox=\"0 0 1000 1000\" xmlns=\"http:\/\/www.w3.org\/2000\/svg\"><path d=\"M696 533C708 521 713 504 713 487 713 471 708 454 696 446L400 146C388 133 375 125 354 125 338 125 325 129 313 142 300 154 292 171 292 187 292 204 296 221 308 233L563 492 304 771C292 783 288 800 288 817 288 833 296 850 308 863 321 871 338 875 354 875 371 875 388 867 400 854L696 533Z\"><\/path><\/svg>\t\t\t\t\t<\/div>\n\t\t\t\t\n\t\t\t\t\t\t\t\t\t<div class=\"swiper-pagination\"><\/div>\n\t\t\t\t\t\t\t\t\t<\/div>\n\t\t\t\t\t\t<\/div>\n\t\t\t\t<\/div>\n\t\t\t\t<div class=\"elementor-element elementor-element-ee9d14d elementor-widget elementor-widget-heading\" data-id=\"ee9d14d\" data-element_type=\"widget\" data-widget_type=\"heading.default\">\n\t\t\t\t<div class=\"elementor-widget-container\">\n\t\t\t\t\t<h3 class=\"elementor-heading-title elementor-size-default\">Curiosidades sobre Barbagia<\/h3>\t\t\t\t<\/div>\n\t\t\t\t<\/div>\n\t\t\t\t<div class=\"elementor-element elementor-element-1141a89 elementor-widget elementor-widget-text-editor\" data-id=\"1141a89\" data-element_type=\"widget\" data-widget_type=\"text-editor.default\">\n\t\t\t\t<div class=\"elementor-widget-container\">\n\t\t\t\t\t\t\t\t\t<p>Barbagia cuenta con un territorio extenso y variado, la zona se caracteriza por la <strong>Macizo monta\u00f1oso de Gennargentu<\/strong>valles y el encantador mar de la costa en la zona de <a href=\"https:\/\/yepsea.com\/da-vedere\/cala-gonone\/\" target=\"_blank\" rel=\"noopener\">Cala Gonone<\/a>.<\/p><p>La cultura de Barbagia tiene ra\u00edces antiguas y hoy se recuerda en las fiestas tradicionales y ferias populares que se celebran cada a\u00f1o en los pueblos de Barbagia. Una de las m\u00e1s famosas es sin duda la '<strong>Oto\u00f1o en Barbagia<\/strong>\"se celebran cada a\u00f1o entre septiembre y diciembre. Durante el \"Autunno in Barbagia\" se celebran sucesivamente \"Cortes Apertas\" con actos, actuaciones y espect\u00e1culos en la calle en varias localidades de la zona.<\/p><p>Con el encendido de las hogueras de San Antonio se celebra cada a\u00f1o en Mamoiada una fiesta realmente sentida y de gran atractivo. Mamoiada es conocida internacionalmente por <strong>Mamuthones e Issohadores<\/strong>que no son s\u00f3lo m\u00e1scaras, sino tambi\u00e9n aut\u00e9nticos iconos. La primera presentaci\u00f3n anual de las m\u00e1scaras tiene lugar el 17 de enero, fiesta de Sant'Antonio Abate, que marca tambi\u00e9n el inicio oficial del carnaval de Barbagia. Una fiesta que no deben perderse quienes deseen sumergirse de lleno en las verdaderas tradiciones de Cerde\u00f1a.<\/p>\t\t\t\t\t\t\t\t<\/div>\n\t\t\t\t<\/div>\n\t\t\t\t<div class=\"elementor-element elementor-element-b2157ed elementor-widget elementor-widget-image\" data-id=\"b2157ed\" data-element_type=\"widget\" data-widget_type=\"image.default\">\n\t\t\t\t<div class=\"elementor-widget-container\">\n\t\t\t\t\t\t\t\t\t\t\t\t<figure class=\"wp-caption\">\n\t\t\t\t\t\t\t\t\t\t\t<a href=\"https:\/\/yepsea.com\/wp-content\/uploads\/Santuario-Nuragico-di-Gremanu.jpg\" data-elementor-open-lightbox=\"yes\" data-elementor-lightbox-title=\"Santuario Nuragico di Gremanu\" data-elementor-lightbox-description=\"Santuario Nuragico di Gremanu\" data-e-action-hash=\"#elementor-action%3Aaction%3Dlightbox%26settings%3DeyJpZCI6MTc4MTAsInVybCI6Imh0dHBzOlwvXC93d3cueWVwc2VhLmNvbVwvd3AtY29udGVudFwvdXBsb2Fkc1wvU2FudHVhcmlvLU51cmFnaWNvLWRpLUdyZW1hbnUuanBnIn0%3D\" target=\"_blank\" rel=\"noopener\">\n\t\t\t\t\t\t\t<img decoding=\"async\" width=\"600\" height=\"800\" src=\"https:\/\/www.yepsea.com\/wp-content\/uploads\/Santuario-Nuragico-di-Gremanu.jpg\" class=\"attachment-large size-large wp-image-17810\" alt=\"\" \/>\t\t\t\t\t\t\t\t<\/a>\n\t\t\t\t\t\t\t\t\t\t\t<figcaption class=\"widget-image-caption wp-caption-text\">Santuario nur\u00e1gico de Gremanu<\/figcaption>\n\t\t\t\t\t\t\t\t\t\t<\/figure>\n\t\t\t\t\t\t\t\t\t<\/div>\n\t\t\t\t<\/div>\n\t\t\t\t<div class=\"elementor-element elementor-element-2c4ba7a elementor-widget elementor-widget-heading\" data-id=\"2c4ba7a\" data-element_type=\"widget\" data-widget_type=\"heading.default\">\n\t\t\t\t<div class=\"elementor-widget-container\">\n\t\t\t\t\t<h3 class=\"elementor-heading-title elementor-size-default\">No te pierdas: Qu\u00e9 ver en Barbagia\n<\/h3>\t\t\t\t<\/div>\n\t\t\t\t<\/div>\n\t\t\t\t<div class=\"elementor-element elementor-element-0de5226 elementor-widget elementor-widget-text-editor\" data-id=\"0de5226\" data-element_type=\"widget\" data-widget_type=\"text-editor.default\">\n\t\t\t\t<div class=\"elementor-widget-container\">\n\t\t\t\t\t\t\t\t\t<p>Las atracciones imprescindibles de Barbagia son:<\/p><p>Salida de Mamuthones y los Issohadores<\/p><p><a href=\"https:\/\/yepsea.com\/tiscali-villaggio-nuragico-antica-sardegna\/\" target=\"_blank\" rel=\"noopener\">Tiscali, pueblo nur\u00e1gico en el coraz\u00f3n de la antigua Cerde\u00f1a<\/a><\/p><p><a href=\"https:\/\/yepsea.com\/appunti-di-viaggio-a-cala-gonone\/\" target=\"_blank\" rel=\"noopener\">Notas de viaje en Cala Gonone<\/a><\/p><p>Los pueblos de Orgosolo, Oliena y Mamoiada<\/p><p>Nuoro y el museo de Grazia Deledda<\/p><p>Santuario nur\u00e1gico de Gremanu y Foresta Montes<\/p>\t\t\t\t\t\t\t\t<\/div>\n\t\t\t\t<\/div>\n\t\t\t\t\t<\/div>\n\t\t<\/div>\n\t\t\t\t\t<\/div>\n\t\t<\/section>\n\t\t\t\t<section class=\"elementor-section elementor-top-section elementor-element elementor-element-b8d6d65 elementor-section-boxed elementor-section-height-default elementor-section-height-default\" data-id=\"b8d6d65\" data-element_type=\"section\">\n\t\t\t\t\t\t<div class=\"elementor-container elementor-column-gap-default\">\n\t\t\t\t\t<div class=\"elementor-column elementor-col-100 elementor-top-column elementor-element elementor-element-2ae8b3f\" data-id=\"2ae8b3f\" data-element_type=\"column\">\n\t\t\t<div class=\"elementor-widget-wrap elementor-element-populated\">\n\t\t\t\t\t\t<div class=\"elementor-element elementor-element-19decb1 elementor-widget elementor-widget-heading\" data-id=\"19decb1\" data-element_type=\"widget\" data-widget_type=\"heading.default\">\n\t\t\t\t<div class=\"elementor-widget-container\">\n\t\t\t\t\t<h2 class=\"elementor-heading-title elementor-size-default\">Mapa de Cerde\u00f1a: Ogliastra<\/h2>\t\t\t\t<\/div>\n\t\t\t\t<\/div>\n\t\t\t\t<div class=\"elementor-element elementor-element-4e6c0ef elementor-widget elementor-widget-image\" data-id=\"4e6c0ef\" data-element_type=\"widget\" data-widget_type=\"image.default\">\n\t\t\t\t<div class=\"elementor-widget-container\">\n\t\t\t\t\t\t\t\t\t\t\t\t<figure class=\"wp-caption\">\n\t\t\t\t\t\t\t\t\t\t\t<a href=\"https:\/\/yepsea.com\/wp-content\/uploads\/Tacchi-di-Ogliastra-Perda-Liana.jpg\" data-elementor-open-lightbox=\"yes\" data-elementor-lightbox-title=\"Tacchi di Ogliastra Perda Liana\" data-elementor-lightbox-description=\"Tacchi di Ogliastra Perda Liana\" data-e-action-hash=\"#elementor-action%3Aaction%3Dlightbox%26settings%3DeyJpZCI6MTc3NzUsInVybCI6Imh0dHBzOlwvXC93d3cueWVwc2VhLmNvbVwvd3AtY29udGVudFwvdXBsb2Fkc1wvVGFjY2hpLWRpLU9nbGlhc3RyYS1QZXJkYS1MaWFuYS5qcGcifQ%3D%3D\" target=\"_blank\" rel=\"noopener\">\n\t\t\t\t\t\t\t<img loading=\"lazy\" decoding=\"async\" width=\"1067\" height=\"800\" src=\"https:\/\/www.yepsea.com\/wp-content\/uploads\/Tacchi-di-Ogliastra-Perda-Liana.jpg\" class=\"attachment-large size-large wp-image-17775\" alt=\"Tacones de Ogliastra Perda Liana\" \/>\t\t\t\t\t\t\t\t<\/a>\n\t\t\t\t\t\t\t\t\t\t\t<figcaption class=\"widget-image-caption wp-caption-text\">Tacones de Ogliastra Perda Liana<\/figcaption>\n\t\t\t\t\t\t\t\t\t\t<\/figure>\n\t\t\t\t\t\t\t\t\t<\/div>\n\t\t\t\t<\/div>\n\t\t\t\t<div class=\"elementor-element elementor-element-4e272e3 elementor-widget elementor-widget-heading\" data-id=\"4e272e3\" data-element_type=\"widget\" data-widget_type=\"heading.default\">\n\t\t\t\t<div class=\"elementor-widget-container\">\n\t\t\t\t\t<h3 class=\"elementor-heading-title elementor-size-default\">D\u00f3nde est\u00e1 Ogliastra<\/h3>\t\t\t\t<\/div>\n\t\t\t\t<\/div>\n\t\t\t\t<div class=\"elementor-element elementor-element-a43e154 elementor-widget elementor-widget-text-editor\" data-id=\"a43e154\" data-element_type=\"widget\" data-widget_type=\"text-editor.default\">\n\t\t\t\t<div class=\"elementor-widget-container\">\n\t\t\t\t\t\t\t\t\t<p>La regi\u00f3n hist\u00f3rico-geogr\u00e1fica de Ogliastra se caracteriza por sus playas cristalinas, sus paisajes salvajes y su imponente naturaleza; est\u00e1 situada en la parte centro-oriental de Cerde\u00f1a.<\/p><p>Los municipios que forman parte de Ogliastra son: Arzana, Barisardo, Baunei, Cardedu, Elini, Gairo, Girasole, Ilbono, Jerzu, Lanusei, Loceri, Lotzorai, Osini, Perdasdefogu, Seui, Talana, Tertenia, Triei, Tortol\u00ec (Arbatax), Urzulei, Ulassai, Ussassai y Villagrande Strisaili.<\/p>\t\t\t\t\t\t\t\t<\/div>\n\t\t\t\t<\/div>\n\t\t\t\t<div class=\"elementor-element elementor-element-8d646ec elementor-widget elementor-widget-heading\" data-id=\"8d646ec\" data-element_type=\"widget\" data-widget_type=\"heading.default\">\n\t\t\t\t<div class=\"elementor-widget-container\">\n\t\t\t\t\t<h3 class=\"elementor-heading-title elementor-size-default\">Fotos de Ogliastra<\/h3>\t\t\t\t<\/div>\n\t\t\t\t<\/div>\n\t\t\t\t<div class=\"elementor-element elementor-element-dda3f5e elementor-arrows-position-inside elementor-pagination-position-outside elementor-widget elementor-widget-image-carousel\" data-id=\"dda3f5e\" data-element_type=\"widget\" data-settings=\"{&quot;autoplay&quot;:&quot;no&quot;,&quot;navigation&quot;:&quot;both&quot;,&quot;infinite&quot;:&quot;yes&quot;,&quot;speed&quot;:500,&quot;image_spacing_custom&quot;:{&quot;unit&quot;:&quot;px&quot;,&quot;size&quot;:20,&quot;sizes&quot;:[]},&quot;image_spacing_custom_tablet&quot;:{&quot;unit&quot;:&quot;px&quot;,&quot;size&quot;:&quot;&quot;,&quot;sizes&quot;:[]},&quot;image_spacing_custom_mobile&quot;:{&quot;unit&quot;:&quot;px&quot;,&quot;size&quot;:&quot;&quot;,&quot;sizes&quot;:[]}}\" data-widget_type=\"image-carousel.default\">\n\t\t\t\t<div class=\"elementor-widget-container\">\n\t\t\t\t\t\t\t<div class=\"elementor-image-carousel-wrapper swiper\" role=\"region\" aria-roledescription=\"carousel\" aria-label=\"Carrusel de im\u00e1genes\" dir=\"ltr\">\n\t\t\t<div class=\"elementor-image-carousel swiper-wrapper\" aria-live=\"polite\">\n\t\t\t\t\t\t\t\t<div class=\"swiper-slide\" role=\"group\" aria-roledescription=\"slide\" aria-label=\"1 of 3\" data-no-translation-aria-label=\"\"><a data-elementor-open-lightbox=\"yes\" data-elementor-lightbox-slideshow=\"dda3f5e\" data-elementor-lightbox-title=\"Cartelli Vetta Perda Liana\" data-elementor-lightbox-description=\"Cartelli Vetta Perda Liana\" data-e-action-hash=\"#elementor-action%3Aaction%3Dlightbox%26settings%3DeyJpZCI6MTc3ODAsInVybCI6Imh0dHBzOlwvXC93d3cueWVwc2VhLmNvbVwvd3AtY29udGVudFwvdXBsb2Fkc1wvQ2FydGVsbGktVmV0dGEtUGVyZGEtTGlhbmEuanBnIiwic2xpZGVzaG93IjoiZGRhM2Y1ZSJ9\" href=\"https:\/\/www.yepsea.com\/wp-content\/uploads\/Cartelli-Vetta-Perda-Liana.jpg\"><figure class=\"swiper-slide-inner\"><img decoding=\"async\" class=\"swiper-slide-image\" src=\"https:\/\/www.yepsea.com\/wp-content\/uploads\/Cartelli-Vetta-Perda-Liana.jpg\" alt=\"Carteles de la cumbre de Perda Liana\" \/><figcaption class=\"elementor-image-carousel-caption\">Carteles de la cumbre de Perda Liana<\/figcaption><\/figure><\/a><\/div><div class=\"swiper-slide\" role=\"group\" aria-roledescription=\"slide\" aria-label=\"2 of 3\" data-no-translation-aria-label=\"\"><a data-elementor-open-lightbox=\"yes\" data-elementor-lightbox-slideshow=\"dda3f5e\" data-elementor-lightbox-title=\"Cascate di Sothai\" data-elementor-lightbox-description=\"Cascate di Sothai Villagrande Strisaili\" data-e-action-hash=\"#elementor-action%3Aaction%3Dlightbox%26settings%3DeyJpZCI6MTc3ODIsInVybCI6Imh0dHBzOlwvXC93d3cueWVwc2VhLmNvbVwvd3AtY29udGVudFwvdXBsb2Fkc1wvQ0FTQ0FURS1ESS1TT1RIQUkuanBnIiwic2xpZGVzaG93IjoiZGRhM2Y1ZSJ9\" href=\"https:\/\/www.yepsea.com\/wp-content\/uploads\/CASCATE-DI-SOTHAI.jpg\"><figure class=\"swiper-slide-inner\"><img decoding=\"async\" class=\"swiper-slide-image\" src=\"https:\/\/www.yepsea.com\/wp-content\/uploads\/CASCATE-DI-SOTHAI.jpg\" alt=\"Cascadas de Sothai Villagrande Strisaili\" \/><figcaption class=\"elementor-image-carousel-caption\">Cascadas de Sothai Villagrande Strisaili<\/figcaption><\/figure><\/a><\/div><div class=\"swiper-slide\" role=\"group\" aria-roledescription=\"slide\" aria-label=\"3 of 3\" data-no-translation-aria-label=\"\"><a data-elementor-open-lightbox=\"yes\" data-elementor-lightbox-slideshow=\"dda3f5e\" data-elementor-lightbox-title=\"Foto Tacchi di Ogliastra\" data-elementor-lightbox-description=\"Foto Tacchi di Ogliastra Perda &#039;e Liana\" data-e-action-hash=\"#elementor-action%3Aaction%3Dlightbox%26settings%3DeyJpZCI6MTc3ODMsInVybCI6Imh0dHBzOlwvXC93d3cueWVwc2VhLmNvbVwvd3AtY29udGVudFwvdXBsb2Fkc1wvRm90by1UYWNjaGktZGktT2dsaWFzdHJhLmpwZyIsInNsaWRlc2hvdyI6ImRkYTNmNWUifQ%3D%3D\" href=\"https:\/\/www.yepsea.com\/wp-content\/uploads\/Foto-Tacchi-di-Ogliastra.jpg\"><figure class=\"swiper-slide-inner\"><img decoding=\"async\" class=\"swiper-slide-image\" src=\"https:\/\/www.yepsea.com\/wp-content\/uploads\/Foto-Tacchi-di-Ogliastra.jpg\" alt=\"Foto Tacchi di Ogliastra Perda &#039;e Liana\" \/><figcaption class=\"elementor-image-carousel-caption\">Foto Tacchi di Ogliastra Perda 'e Liana<\/figcaption><\/figure><\/a><\/div>\t\t\t<\/div>\n\t\t\t\t\t\t\t\t\t\t\t\t<div class=\"elementor-swiper-button elementor-swiper-button-prev\" role=\"button\" tabindex=\"0\">\n\t\t\t\t\t\t<svg aria-hidden=\"true\" class=\"e-font-icon-svg e-eicon-chevron-left\" viewbox=\"0 0 1000 1000\" xmlns=\"http:\/\/www.w3.org\/2000\/svg\"><path d=\"M646 125C629 125 613 133 604 142L308 442C296 454 292 471 292 487 292 504 296 521 308 533L604 854C617 867 629 875 646 875 663 875 679 871 692 858 704 846 713 829 713 812 713 796 708 779 692 767L438 487 692 225C700 217 708 204 708 187 708 171 704 154 692 142 675 129 663 125 646 125Z\"><\/path><\/svg>\t\t\t\t\t<\/div>\n\t\t\t\t\t<div class=\"elementor-swiper-button elementor-swiper-button-next\" role=\"button\" tabindex=\"0\">\n\t\t\t\t\t\t<svg aria-hidden=\"true\" class=\"e-font-icon-svg e-eicon-chevron-right\" viewbox=\"0 0 1000 1000\" xmlns=\"http:\/\/www.w3.org\/2000\/svg\"><path d=\"M696 533C708 521 713 504 713 487 713 471 708 454 696 446L400 146C388 133 375 125 354 125 338 125 325 129 313 142 300 154 292 171 292 187 292 204 296 221 308 233L563 492 304 771C292 783 288 800 288 817 288 833 296 850 308 863 321 871 338 875 354 875 371 875 388 867 400 854L696 533Z\"><\/path><\/svg>\t\t\t\t\t<\/div>\n\t\t\t\t\n\t\t\t\t\t\t\t\t\t<div class=\"swiper-pagination\"><\/div>\n\t\t\t\t\t\t\t\t\t<\/div>\n\t\t\t\t\t\t<\/div>\n\t\t\t\t<\/div>\n\t\t\t\t<div class=\"elementor-element elementor-element-f80deb5 elementor-widget elementor-widget-heading\" data-id=\"f80deb5\" data-element_type=\"widget\" data-widget_type=\"heading.default\">\n\t\t\t\t<div class=\"elementor-widget-container\">\n\t\t\t\t\t<h3 class=\"elementor-heading-title elementor-size-default\">Curiosidades sobre Ogliastra<\/h3>\t\t\t\t<\/div>\n\t\t\t\t<\/div>\n\t\t\t\t<div class=\"elementor-element elementor-element-4237f2d elementor-widget elementor-widget-text-editor\" data-id=\"4237f2d\" data-element_type=\"widget\" data-widget_type=\"text-editor.default\">\n\t\t\t\t<div class=\"elementor-widget-container\">\n\t\t\t\t\t\t\t\t\t<p>Entre las playas m\u00e1s llamativas que visitar en Ogliastra hay algunas a las que se puede llegar por mar y otras que s\u00f3lo se pueden admirar con unas horas de caminata y senderismo. Entre las playas m\u00e1s famosas se encuentran sin duda <a href=\"https:\/\/yepsea.com\/da-vedere\/cala-luna\/\" target=\"_blank\" rel=\"noopener\">Cala Luna<\/a>, <strong>Cala Sisine, Cala Mariolu y Cala Goloritz\u00e9<\/strong>.<\/p><p>Las mesetas que dominan la costa de Ogliastra se conocen como el Supramonte de Urzulei y Baunei y est\u00e1n salpicadas de itinerarios para practicar senderismo, bicicleta de monta\u00f1a y escalada.<\/p><p>Entre los lugares desde los que parten rutas de senderismo realmente impresionantes se encuentra \"<strong>la meseta del Golgo<\/strong>\"en Baunei. Un lugar de rara belleza y encanto. La zona es famosa por una extraordinaria sima llamada \"<strong>Su Sterru<\/strong>\", que se encuentra entre las m\u00e1s profundas de Europa.\u00a0<\/p><p>A lo largo de la escarpada costa de Ogliastra se encuentra tambi\u00e9n uno de los trekkings m\u00e1s famosos de Europa, el codiciado <strong>Azul salvaje<\/strong>.<\/p>\t\t\t\t\t\t\t\t<\/div>\n\t\t\t\t<\/div>\n\t\t\t\t<div class=\"elementor-element elementor-element-ee2be95 elementor-widget elementor-widget-image\" data-id=\"ee2be95\" data-element_type=\"widget\" data-widget_type=\"image.default\">\n\t\t\t\t<div class=\"elementor-widget-container\">\n\t\t\t\t\t\t\t\t\t\t\t\t<figure class=\"wp-caption\">\n\t\t\t\t\t\t\t\t\t\t\t<a href=\"https:\/\/yepsea.com\/wp-content\/uploads\/Cala-Luna-1.jpg\" data-elementor-open-lightbox=\"yes\" data-elementor-lightbox-title=\"Cala Luna\" data-elementor-lightbox-description=\"Cala Luna\" data-e-action-hash=\"#elementor-action%3Aaction%3Dlightbox%26settings%3DeyJpZCI6MTc4MjEsInVybCI6Imh0dHBzOlwvXC93d3cueWVwc2VhLmNvbVwvd3AtY29udGVudFwvdXBsb2Fkc1wvQ2FsYS1MdW5hLTEuanBnIn0%3D\" target=\"_blank\" rel=\"noopener\">\n\t\t\t\t\t\t\t<img loading=\"lazy\" decoding=\"async\" width=\"1200\" height=\"540\" src=\"https:\/\/www.yepsea.com\/wp-content\/uploads\/Cala-Luna-1.jpg\" class=\"attachment-large size-large wp-image-17821\" alt=\"\" \/>\t\t\t\t\t\t\t\t<\/a>\n\t\t\t\t\t\t\t\t\t\t\t<figcaption class=\"widget-image-caption wp-caption-text\">Cala Luna<\/figcaption>\n\t\t\t\t\t\t\t\t\t\t<\/figure>\n\t\t\t\t\t\t\t\t\t<\/div>\n\t\t\t\t<\/div>\n\t\t\t\t<div class=\"elementor-element elementor-element-66612d7 elementor-widget elementor-widget-heading\" data-id=\"66612d7\" data-element_type=\"widget\" data-widget_type=\"heading.default\">\n\t\t\t\t<div class=\"elementor-widget-container\">\n\t\t\t\t\t<h3 class=\"elementor-heading-title elementor-size-default\">Qu\u00e9 no perderse: qu\u00e9 ver en Ogliastra\n<\/h3>\t\t\t\t<\/div>\n\t\t\t\t<\/div>\n\t\t\t\t<div class=\"elementor-element elementor-element-0c1d545 elementor-widget elementor-widget-text-editor\" data-id=\"0c1d545\" data-element_type=\"widget\" data-widget_type=\"text-editor.default\">\n\t\t\t\t<div class=\"elementor-widget-container\">\n\t\t\t\t\t\t\t\t\t<p>Las atracciones que no hay que perderse en Ogliastra son:<\/p><p>Los talones de Ogliastra<\/p><p>Cala La Luna y sus cuevas<\/p><p>La cascada de Sothai en Villagrande Strisaili<\/p><p>Baunei y la meseta del Golgo<\/p>\t\t\t\t\t\t\t\t<\/div>\n\t\t\t\t<\/div>\n\t\t\t\t<div class=\"elementor-element elementor-element-bf0c54f elementor-widget elementor-widget-template\" data-id=\"bf0c54f\" data-element_type=\"widget\" data-widget_type=\"template.default\">\n\t\t\t\t<div class=\"elementor-widget-container\">\n\t\t\t\t\t\t\t<div class=\"elementor-template\">\n\t\t\t\t\t<div data-elementor-type=\"section\" data-elementor-id=\"26209\" class=\"elementor elementor-26209\" data-elementor-post-type=\"elementor_library\">\n\t\t\t\t\t<section class=\"elementor-section elementor-top-section elementor-element elementor-element-b7f1442 elementor-section-full_width elementor-section-height-default elementor-section-height-default\" data-id=\"b7f1442\" data-element_type=\"section\">\n\t\t\t\t\t\t<div class=\"elementor-container elementor-column-gap-default\">\n\t\t\t\t\t<div class=\"elementor-column elementor-col-100 elementor-top-column elementor-element elementor-element-ab32f36\" data-id=\"ab32f36\" data-element_type=\"column\">\n\t\t\t<div class=\"elementor-widget-wrap elementor-element-populated\">\n\t\t\t\t\t\t<div class=\"elementor-element elementor-element-b7b76b8 elementor-widget elementor-widget-button\" data-id=\"b7b76b8\" data-element_type=\"widget\" data-widget_type=\"button.default\">\n\t\t\t\t<div class=\"elementor-widget-container\">\n\t\t\t\t\t\t\t\t\t<div class=\"elementor-button-wrapper\">\n\t\t\t\t\t<a class=\"elementor-button elementor-size-sm\" role=\"button\">\n\t\t\t\t\t\t<span class=\"elementor-button-content-wrapper\">\n\t\t\t\t\t\t\t\t\t<span class=\"elementor-button-text\">ver excursiones por el Golfo de Orosei<\/span>\n\t\t\t\t\t<\/span>\n\t\t\t\t\t<\/a>\n\t\t\t\t<\/div>\n\t\t\t\t\t\t\t\t<\/div>\n\t\t\t\t<\/div>\n\t\t\t\t\t<\/div>\n\t\t<\/div>\n\t\t\t\t\t<\/div>\n\t\t<\/section>\n\t\t\t\t<\/div>\n\t\t\t\t<\/div>\n\t\t\t\t\t\t<\/div>\n\t\t\t\t<\/div>\n\t\t\t\t\t<\/div>\n\t\t<\/div>\n\t\t\t\t\t<\/div>\n\t\t<\/section>\n\t\t\t\t<section class=\"elementor-section elementor-top-section elementor-element elementor-element-0c7582f elementor-section-boxed elementor-section-height-default elementor-section-height-default\" data-id=\"0c7582f\" data-element_type=\"section\">\n\t\t\t\t\t\t<div class=\"elementor-container elementor-column-gap-default\">\n\t\t\t\t\t<div class=\"elementor-column elementor-col-100 elementor-top-column elementor-element elementor-element-a7de99a\" data-id=\"a7de99a\" data-element_type=\"column\">\n\t\t\t<div class=\"elementor-widget-wrap elementor-element-populated\">\n\t\t\t\t\t\t<div class=\"elementor-element elementor-element-0621cdb elementor-widget elementor-widget-heading\" data-id=\"0621cdb\" data-element_type=\"widget\" data-widget_type=\"heading.default\">\n\t\t\t\t<div class=\"elementor-widget-container\">\n\t\t\t\t\t<h2 class=\"elementor-heading-title elementor-size-default\">Mapa de Cerde\u00f1a: todas las subregiones<\/h2>\t\t\t\t<\/div>\n\t\t\t\t<\/div>\n\t\t\t\t<div class=\"elementor-element elementor-element-0f7072c elementor-widget elementor-widget-text-editor\" data-id=\"0f7072c\" data-element_type=\"widget\" data-widget_type=\"text-editor.default\">\n\t\t\t\t<div class=\"elementor-widget-container\">\n\t\t\t\t\t\t\t\t\t<p>He aqu\u00ed la lista de las subregiones, por orden alfab\u00e9tico: Anglona, Barbagia di Belvi, Barbagia di Nuoro y di Bitti, Barbagia di Ollolai, Barbagia di Se\u00f9lo, Barigadu, Le Baron\u00ece, Campidano di Cagliari, Campidano di Oristano, Gallura, Goceano, Logudoro Mandrolisai tambi\u00e9n conocida como Barbagia di Mandrolisai, Marghine Marmilla, Logudoro Meilogu, Monreale o Campidano di Sanluri, Logudoro Montacuto, Montiferru, Nurra, Ogliastra, Parte\u00f2lla, Planargia, Quirra, Romangia, Sarcidano, Sarrabus y Gerrei, Logudoro Turritano o Sassarese, Sulcis e Iglesiente, Trexenta.<\/p>\t\t\t\t\t\t\t\t<\/div>\n\t\t\t\t<\/div>\n\t\t\t\t\t<\/div>\n\t\t<\/div>\n\t\t\t\t\t<\/div>\n\t\t<\/section>\n\t\t\t\t<\/div>","protected":false},"excerpt":{"rendered":"<p>Cu\u00e1les son las zonas y qu\u00e9 ver en las antiguas e hist\u00f3ricas subregiones de Cerde\u00f1a: Gallura, Barbagia, Ogliastra. He aqu\u00ed d\u00f3nde est\u00e1n, los pueblos y el mapa<\/p>","protected":false},"author":2,"featured_media":17559,"parent":0,"comment_status":"open","ping_status":"closed","sticky":false,"template":"","format":"standard","meta":{"fifu_image_url":"","fifu_image_alt":"","footnotes":""},"categories":[19132],"tags":[],"class_list":["post-17557","post","type-post","status-publish","format-standard","has-post-thumbnail","hentry","category-destinazioni-sardegna"],"_links":{"self":[{"href":"https:\/\/www.yepsea.com\/es\/wp-json\/wp\/v2\/posts\/17557","targetHints":{"allow":["GET"]}}],"collection":[{"href":"https:\/\/www.yepsea.com\/es\/wp-json\/wp\/v2\/posts"}],"about":[{"href":"https:\/\/www.yepsea.com\/es\/wp-json\/wp\/v2\/types\/post"}],"author":[{"embeddable":true,"href":"https:\/\/www.yepsea.com\/es\/wp-json\/wp\/v2\/users\/2"}],"replies":[{"embeddable":true,"href":"https:\/\/www.yepsea.com\/es\/wp-json\/wp\/v2\/comments?post=17557"}],"version-history":[{"count":0,"href":"https:\/\/www.yepsea.com\/es\/wp-json\/wp\/v2\/posts\/17557\/revisions"}],"wp:featuredmedia":[{"embeddable":true,"href":"https:\/\/www.yepsea.com\/es\/wp-json\/wp\/v2\/media\/17559"}],"wp:attachment":[{"href":"https:\/\/www.yepsea.com\/es\/wp-json\/wp\/v2\/media?parent=17557"}],"wp:term":[{"taxonomy":"category","embeddable":true,"href":"https:\/\/www.yepsea.com\/es\/wp-json\/wp\/v2\/categories?post=17557"},{"taxonomy":"post_tag","embeddable":true,"href":"https:\/\/www.yepsea.com\/es\/wp-json\/wp\/v2\/tags?post=17557"}],"curies":[{"name":"wp","href":"https:\/\/api.w.org\/{rel}","templated":true}]}}