{"id":1681,"date":"2022-03-13T05:39:46","date_gmt":"2022-03-13T04:39:46","guid":{"rendered":"http:\/\/w-master-directory.com\/?p=1681"},"modified":"2025-07-23T16:27:07","modified_gmt":"2025-07-23T14:27:07","slug":"olivos-de-4-000-anos-de-luras-alberi","status":"publish","type":"post","link":"https:\/\/www.yepsea.com\/es\/olivos-de-4-000-anos-de-luras-alberi\/","title":{"rendered":"Ulivi Millenari Di Luras: \u00e1rboles de 4000 a\u00f1os"},"content":{"rendered":"<div data-elementor-type=\"wp-post\" data-elementor-id=\"1681\" class=\"elementor elementor-1681\" data-elementor-post-type=\"post\">\n\t\t\t\t\t\t<section class=\"elementor-section elementor-top-section elementor-element elementor-element-a9633f2 elementor-section-boxed elementor-section-height-default elementor-section-height-default\" data-id=\"a9633f2\" data-element_type=\"section\">\n\t\t\t\t\t\t<div class=\"elementor-container elementor-column-gap-default\">\n\t\t\t\t\t<div class=\"elementor-column elementor-col-100 elementor-top-column elementor-element elementor-element-5538da9\" data-id=\"5538da9\" data-element_type=\"column\">\n\t\t\t<div class=\"elementor-widget-wrap elementor-element-populated\">\n\t\t\t\t\t\t<div class=\"elementor-element elementor-element-f1276ad gallery-spacing-custom elementor-widget elementor-widget-image-gallery\" data-id=\"f1276ad\" data-element_type=\"widget\" data-widget_type=\"image-gallery.default\">\n\t\t\t\t<div class=\"elementor-widget-container\">\n\t\t\t\t\t\t\t<div class=\"elementor-image-gallery\">\n\t\t\t<div id='gallery-1' class='gallery galleryid-1681 gallery-columns-2 gallery-size-medium'><figure class='gallery-item'>\n\t\t\t<div class='gallery-icon landscape'>\n\t\t\t\t<a data-elementor-open-lightbox=\"yes\" data-elementor-lightbox-slideshow=\"f1276ad\" data-elementor-lightbox-title=\"Ulivi Millenari Costa Smeralda\" data-elementor-lightbox-description=\"Ulivo Millenario di Luras\" data-e-action-hash=\"#elementor-action%3Aaction%3Dlightbox%26settings%3DeyJpZCI6OTY5MCwidXJsIjoiaHR0cHM6XC9cL3d3dy55ZXBzZWEuY29tXC93cC1jb250ZW50XC91cGxvYWRzXC8yMDIyXC8wM1wvVWxpdmktTWlsbGVuYXJpLUNvc3RhLVNtZXJhbGRhLmpwZyIsInNsaWRlc2hvdyI6ImYxMjc2YWQifQ%3D%3D\" href='https:\/\/www.yepsea.com\/wp-content\/uploads\/2022\/03\/Ulivi-Millenari-Costa-Smeralda.jpg'><img fetchpriority=\"high\" width=\"1067\" height=\"800\" src=\"https:\/\/www.yepsea.com\/wp-content\/uploads\/2022\/03\/Ulivi-Millenari-Costa-Smeralda.jpg\" class=\"attachment-medium size-medium\" alt=\"\" aria-describedby=\"gallery-1-9690\" decoding=\"async\" \/><\/a>\n\t\t\t<\/div>\n\t\t\t\t<figcaption class='wp-caption-text gallery-caption' id='gallery-1-9690'>\n\t\t\t\tOlivo milenario de Luras\n\t\t\t\t<\/figcaption><\/figure><figure class='gallery-item'>\n\t\t\t<div class='gallery-icon landscape'>\n\t\t\t\t<a data-elementor-open-lightbox=\"yes\" data-elementor-lightbox-slideshow=\"f1276ad\" data-elementor-lightbox-title=\"Ulivo Secolare\" data-elementor-lightbox-description=\"Albero Monumentale Luras\" data-e-action-hash=\"#elementor-action%3Aaction%3Dlightbox%26settings%3DeyJpZCI6OTcxMCwidXJsIjoiaHR0cHM6XC9cL3d3dy55ZXBzZWEuY29tXC93cC1jb250ZW50XC91cGxvYWRzXC8yMDIyXC8wM1wvVWxpdm8tU2Vjb2xhcmUuanBnIiwic2xpZGVzaG93IjoiZjEyNzZhZCJ9\" href='https:\/\/www.yepsea.com\/wp-content\/uploads\/2022\/03\/Ulivo-Secolare.jpg'><img width=\"1067\" height=\"800\" src=\"https:\/\/www.yepsea.com\/wp-content\/uploads\/2022\/03\/Ulivo-Secolare.jpg\" class=\"attachment-medium size-medium\" alt=\"\" aria-describedby=\"gallery-1-9710\" decoding=\"async\" \/><\/a>\n\t\t\t<\/div>\n\t\t\t\t<figcaption class='wp-caption-text gallery-caption' id='gallery-1-9710'>\n\t\t\t\t\u00c1rbol monumental Luras\n\t\t\t\t<\/figcaption><\/figure>\n\t\t<\/div>\n\t\t<\/div>\n\t\t\t\t\t\t<\/div>\n\t\t\t\t<\/div>\n\t\t\t\t<div class=\"elementor-element elementor-element-8aa0156 elementor-widget elementor-widget-heading\" data-id=\"8aa0156\" data-element_type=\"widget\" data-widget_type=\"heading.default\">\n\t\t\t\t<div class=\"elementor-widget-container\">\n\t\t\t\t\t<h2 class=\"elementor-heading-title elementor-size-default\">Ulivi Millenari Luras: \u00e1rboles monumentales en Cerde\u00f1a<\/h2>\t\t\t\t<\/div>\n\t\t\t\t<\/div>\n\t\t\t\t<div class=\"elementor-element elementor-element-b01bfd5 elementor-widget elementor-widget-text-editor\" data-id=\"b01bfd5\" data-element_type=\"widget\" data-widget_type=\"text-editor.default\">\n\t\t\t\t<div class=\"elementor-widget-container\">\n\t\t\t\t\t\t\t\t\t<p>A s\u00f3lo media hora en coche de Olbia y su costa, podr\u00e1 descubrir otra maravillosa faceta de Cerde\u00f1a. Luras, un peque\u00f1o pueblo en el coraz\u00f3n de la verde Gallura, entre Bassacutena, Luogosanto, Calangianus y Sant'Antonio di Gallura, alberga \u00e1rboles monumentales que<strong> los magn\u00edficos olivos milenarios<\/strong>.<\/p><p>Los olivos en Cerde\u00f1a son \u00e1rboles muy comunes que pueden contarse entre los <a title=\"plantas t\u00edpicas de Cerde\u00f1a\" href=\"https:\/\/yepsea.com\/12-piante-tipiche-della-sardegna-tra-poesia-e-fotografia\/\" target=\"_blank\" rel=\"noopener\">plantas t\u00edpicas de Cerde\u00f1a<\/a>. Estos son <strong>olivos silvestres<\/strong> generalmente de altura media, con ramas j\u00f3venes enjutas y frutos no aptos para la producci\u00f3n de aceite.<\/p><p>Los olivos suelen ser plantas muy longevas, pero los Olivastri Millenari de Luras tienen unas caracter\u00edsticas realmente incre\u00edbles y, de hecho, se encuentran entre los <strong>los \u00e1rboles m\u00e1s antiguos del mundo<\/strong><\/p>\t\t\t\t\t\t\t\t<\/div>\n\t\t\t\t<\/div>\n\t\t\t\t<div class=\"elementor-element elementor-element-d154afa gallery-spacing-custom elementor-widget elementor-widget-image-gallery\" data-id=\"d154afa\" data-element_type=\"widget\" data-widget_type=\"image-gallery.default\">\n\t\t\t\t<div class=\"elementor-widget-container\">\n\t\t\t\t\t\t\t<div class=\"elementor-image-gallery\">\n\t\t\t<div id='gallery-2' class='gallery galleryid-1681 gallery-columns-2 gallery-size-medium'><figure class='gallery-item'>\n\t\t\t<div class='gallery-icon landscape'>\n\t\t\t\t<a data-elementor-open-lightbox=\"yes\" data-elementor-lightbox-slideshow=\"d154afa\" data-elementor-lightbox-title=\"Olivastri Millenari Sardegna\" data-elementor-lightbox-description=\"Ulivi Alberi Monumentali\" data-e-action-hash=\"#elementor-action%3Aaction%3Dlightbox%26settings%3DeyJpZCI6OTcxNiwidXJsIjoiaHR0cHM6XC9cL3d3dy55ZXBzZWEuY29tXC93cC1jb250ZW50XC91cGxvYWRzXC8yMDIyXC8wM1wvT2xpdmFzdHJpLU1pbGxlbmFyaS1TYXJkZWduYS5qcGciLCJzbGlkZXNob3ciOiJkMTU0YWZhIn0%3D\" href=\"https:\/\/www.yepsea.com\/wp-content\/uploads\/2022\/03\/Olivastri-Millenari-Sardegna.jpg\"><img width=\"1200\" height=\"675\" src=\"https:\/\/www.yepsea.com\/wp-content\/uploads\/2022\/03\/Olivastri-Millenari-Sardegna.jpg\" class=\"attachment-medium size-medium\" alt=\"\" aria-describedby=\"gallery-2-9716\" decoding=\"async\" \/><\/a>\n\t\t\t<\/div>\n\t\t\t\t<figcaption class='wp-caption-text gallery-caption' id='gallery-2-9716'>\n\t\t\t\tOlivos \u00c1rboles monumentales\n\t\t\t\t<\/figcaption><\/figure><figure class='gallery-item'>\n\t\t\t<div class='gallery-icon landscape'>\n\t\t\t\t<a data-elementor-open-lightbox=\"yes\" data-elementor-lightbox-slideshow=\"d154afa\" data-elementor-lightbox-title=\"Alberi secolari Sardegna\" data-elementor-lightbox-description=\"Chioma Albero Monumentale\" data-e-action-hash=\"#elementor-action%3Aaction%3Dlightbox%26settings%3DeyJpZCI6OTcwNywidXJsIjoiaHR0cHM6XC9cL3d3dy55ZXBzZWEuY29tXC93cC1jb250ZW50XC91cGxvYWRzXC8yMDIyXC8wM1wvQWxiZXJpLXNlY29sYXJpLVNhcmRlZ25hLmpwZyIsInNsaWRlc2hvdyI6ImQxNTRhZmEifQ%3D%3D\" href=\"https:\/\/www.yepsea.com\/wp-content\/uploads\/2022\/03\/Alberi-secolari-Sardegna.jpg\"><img loading=\"lazy\" width=\"1200\" height=\"675\" src=\"https:\/\/www.yepsea.com\/wp-content\/uploads\/2022\/03\/Alberi-secolari-Sardegna.jpg\" class=\"attachment-medium size-medium\" alt=\"\" aria-describedby=\"gallery-2-9707\" decoding=\"async\" \/><\/a>\n\t\t\t<\/div>\n\t\t\t\t<figcaption class='wp-caption-text gallery-caption' id='gallery-2-9707'>\n\t\t\t\tDosel de \u00e1rboles monumentales\n\t\t\t\t<\/figcaption><\/figure>\n\t\t<\/div>\n\t\t<\/div>\n\t\t\t\t\t\t<\/div>\n\t\t\t\t<\/div>\n\t\t\t\t\t<\/div>\n\t\t<\/div>\n\t\t\t\t\t<\/div>\n\t\t<\/section>\n\t\t\t\t<section class=\"elementor-section elementor-top-section elementor-element elementor-element-217ebfbe elementor-section-boxed elementor-section-height-default elementor-section-height-default\" data-id=\"217ebfbe\" data-element_type=\"section\">\n\t\t\t\t\t\t<div class=\"elementor-container elementor-column-gap-default\">\n\t\t\t\t\t<div class=\"elementor-column elementor-col-100 elementor-top-column elementor-element elementor-element-10ae1625\" data-id=\"10ae1625\" data-element_type=\"column\">\n\t\t\t<div class=\"elementor-widget-wrap elementor-element-populated\">\n\t\t\t\t\t\t<div class=\"elementor-element elementor-element-70f404e elementor-widget elementor-widget-heading\" data-id=\"70f404e\" data-element_type=\"widget\" data-widget_type=\"heading.default\">\n\t\t\t\t<div class=\"elementor-widget-container\">\n\t\t\t\t\t<h2 class=\"elementor-heading-title elementor-size-default\">Olivos milenarios: S'Ozzastru, El Senador<\/h2>\t\t\t\t<\/div>\n\t\t\t\t<\/div>\n\t\t\t\t<div class=\"elementor-element elementor-element-14447a24 elementor-widget elementor-widget-text-editor\" data-id=\"14447a24\" data-element_type=\"widget\" data-widget_type=\"text-editor.default\">\n\t\t\t\t<div class=\"elementor-widget-container\">\n\t\t\t\t\t\t\t\t\t<p>En Luras, en la zona de Carana (Karana), cerca de la presa de Liscia, se encuentra S'Ozzastru -el olivo-. <strong>uno de los 20 \u00e1rboles m\u00e1s antiguos de Italia, uno de los m\u00e1s antiguos de Europa y del mundo<\/strong>.<\/p><p>. El olivo silvestre milenario es un verdadero senador, un monumento natural muy importante de rara belleza. Los expertos datan el nacimiento de este \u00e1rbol entre 3000 y 4000 a\u00f1os atr\u00e1s.<\/p><p>Altura: aprox. 14 metros<br \/>Circunferencia: aproximadamente 19 metros<br \/>Toldo: aprox. 600 m2 de superficie<\/p><p>No muy lejos de este patriarca se encuentra otro olivo milenario, cuya edad se estima en unos 2000 a\u00f1os. Su follaje crea <strong>un verdadero bosque en miniatura<\/strong>un lugar m\u00e1gico fuera del tiempo.<\/p>\t\t\t\t\t\t\t\t<\/div>\n\t\t\t\t<\/div>\n\t\t\t\t<div class=\"elementor-element elementor-element-144238b gallery-spacing-custom elementor-widget elementor-widget-image-gallery\" data-id=\"144238b\" data-element_type=\"widget\" data-widget_type=\"image-gallery.default\">\n\t\t\t\t<div class=\"elementor-widget-container\">\n\t\t\t\t\t\t\t<div class=\"elementor-image-gallery\">\n\t\t\t<div id='gallery-3' class='gallery galleryid-1681 gallery-columns-1 gallery-size-medium'><figure class='gallery-item'>\n\t\t\t<div class='gallery-icon landscape'>\n\t\t\t\t<a data-elementor-open-lightbox=\"yes\" data-elementor-lightbox-slideshow=\"144238b\" data-elementor-lightbox-title=\"Luras Gli Ulivi Millenari\" data-elementor-lightbox-description=\"Luras Gli Ulivi Millenari\" data-e-action-hash=\"#elementor-action%3Aaction%3Dlightbox%26settings%3DeyJpZCI6OTY2OSwidXJsIjoiaHR0cHM6XC9cL3d3dy55ZXBzZWEuY29tXC93cC1jb250ZW50XC91cGxvYWRzXC8yMDIwXC8wN1wvTHVyYXMtR2xpLVVsaXZpLU1pbGxlbmFyaS5qcGciLCJzbGlkZXNob3ciOiIxNDQyMzhiIn0%3D\" href=\"https:\/\/www.yepsea.com\/wp-content\/uploads\/2020\/07\/Luras-Gli-Ulivi-Millenari.jpg\"><img loading=\"lazy\" width=\"1200\" height=\"675\" src=\"https:\/\/www.yepsea.com\/wp-content\/uploads\/2020\/07\/Luras-Gli-Ulivi-Millenari.jpg\" class=\"attachment-medium size-medium\" alt=\"Luras Los olivos milenarios\" aria-describedby=\"gallery-3-9669\" decoding=\"async\" \/><\/a>\n\t\t\t<\/div>\n\t\t\t\t<figcaption class='wp-caption-text gallery-caption' id='gallery-3-9669'>\n\t\t\t\tLuras Los olivos milenarios\n\t\t\t\t<\/figcaption><\/figure><figure class='gallery-item'>\n\t\t\t<div class='gallery-icon portrait'>\n\t\t\t\t<a data-elementor-open-lightbox=\"yes\" data-elementor-lightbox-slideshow=\"144238b\" data-elementor-lightbox-title=\"Alberi Monumentali in Sardegna. Gli Ulivi Millenari di Luras vicino Olbia\" data-elementor-lightbox-description=\"Alberi Monumentali in Sardegna. Gli Ulivi Millenari di Luras vicino Olbia\" data-e-action-hash=\"#elementor-action%3Aaction%3Dlightbox%26settings%3DeyJpZCI6OTc0NiwidXJsIjoiaHR0cHM6XC9cL3d3dy55ZXBzZWEuY29tXC93cC1jb250ZW50XC91cGxvYWRzXC8yMDIyXC8wM1wvR2FsbHVyYS1VbGl2aS1MdXJhcy5qcGciLCJzbGlkZXNob3ciOiIxNDQyMzhiIn0%3D\" href=\"https:\/\/www.yepsea.com\/wp-content\/uploads\/2022\/03\/Gallura-Ulivi-Luras.jpg\"><img loading=\"lazy\" width=\"450\" height=\"800\" src=\"https:\/\/www.yepsea.com\/wp-content\/uploads\/2022\/03\/Gallura-Ulivi-Luras.jpg\" class=\"attachment-medium size-medium\" alt=\"\u00c1rboles monumentales en Cerde\u00f1a. Los antiguos olivos de Luras, cerca de Olbia\" aria-describedby=\"gallery-3-9746\" decoding=\"async\" \/><\/a>\n\t\t\t<\/div>\n\t\t\t\t<figcaption class='wp-caption-text gallery-caption' id='gallery-3-9746'>\n\t\t\t\t\u00c1rboles monumentales en Cerde\u00f1a. Los antiguos olivos de Luras, cerca de Olbia\n\t\t\t\t<\/figcaption><\/figure>\n\t\t<\/div>\n\t\t<\/div>\n\t\t\t\t\t\t<\/div>\n\t\t\t\t<\/div>\n\t\t\t\t\t<\/div>\n\t\t<\/div>\n\t\t\t\t\t<\/div>\n\t\t<\/section>\n\t\t\t\t<section class=\"elementor-section elementor-top-section elementor-element elementor-element-bde9b94 elementor-section-boxed elementor-section-height-default elementor-section-height-default\" data-id=\"bde9b94\" data-element_type=\"section\">\n\t\t\t\t\t\t<div class=\"elementor-container elementor-column-gap-default\">\n\t\t\t\t\t<div class=\"elementor-column elementor-col-100 elementor-top-column elementor-element elementor-element-b28c338\" data-id=\"b28c338\" data-element_type=\"column\">\n\t\t\t<div class=\"elementor-widget-wrap elementor-element-populated\">\n\t\t\t\t\t\t<div class=\"elementor-element elementor-element-e143836 elementor-widget elementor-widget-heading\" data-id=\"e143836\" data-element_type=\"widget\" data-widget_type=\"heading.default\">\n\t\t\t\t<div class=\"elementor-widget-container\">\n\t\t\t\t\t<h2 class=\"elementor-heading-title elementor-size-default\">El Parque de los Olivos Milenarios<\/h2>\t\t\t\t<\/div>\n\t\t\t\t<\/div>\n\t\t\t\t<div class=\"elementor-element elementor-element-a1a01a9 elementor-widget elementor-widget-text-editor\" data-id=\"a1a01a9\" data-element_type=\"widget\" data-widget_type=\"text-editor.default\">\n\t\t\t\t<div class=\"elementor-widget-container\">\n\t\t\t\t\t\t\t\t\t<p>El <strong>el parque donde residen los olivos milenarios est\u00e1 vigilado, bien cuidado y mantenido<\/strong>. Hay vallas para delimitar las zonas sensibles y preservar los \u00e1rboles. La infograf\u00eda en el sitio dice:<\/p>\t\t\t\t\t\t\t\t<\/div>\n\t\t\t\t<\/div>\n\t\t\t\t<div class=\"elementor-element elementor-element-9541a58 elementor-blockquote--skin-quotation elementor-widget elementor-widget-blockquote\" data-id=\"9541a58\" data-element_type=\"widget\" data-widget_type=\"blockquote.default\">\n\t\t\t\t<div class=\"elementor-widget-container\">\n\t\t\t\t\t\t\t<blockquote class=\"elementor-blockquote\">\n\t\t\t<p class=\"elementor-blockquote__content\">\n\t\t\t\t<strong>El Patriarca Verde<\/strong><br><br>\nTestigos milenarios del severo paisaje, los olivos milenarios han observado silenciosamente el paso de la historia y seguramente la construcci\u00f3n de la cercana iglesia de San Bartolomeo, Santu Baltolu di Karana.<br><br>\n\nSe trata de olivos silvestres centenarios (Olea oleaster u Olea europaea var. Sylvestris), entre los que se encuentra el \"Patriarca\" verde (s'ozzastru en sardo), tambi\u00e9n definido como el \u00e1rbol m\u00e1s antiguo de Italia, que fue declarado Monumento Natural e incluido en 1991 por decreto ministerial para la regi\u00f3n de Cerde\u00f1a en la lista de \"veinte \u00e1rboles centenarios de Italia\".<br><br>\n\nEl patriarca mide 14 metros de altura, 18 metros y 60 cm de circunferencia del tronco en la base, 11 metros y 16 cm de circunferencia del tronco a un metro y treinta cent\u00edmetros de altura; el follaje cubre 600 metros cuadrados.<br><br>\nSu edad, seg\u00fan algunos expertos, se estima entre 3.00 y 4.00 a\u00f1os, lo que lo convierte en uno de los \u00e1rboles m\u00e1s antiguos de Europa.<br><br>\nDesde el nudoso coraz\u00f3n del tronco, unas largas ra\u00edces emergentes sujetan al gigante verde firmemente al suelo. El follaje irregular lame el suelo por un lado y se eleva por el otro, como si contemplara el magn\u00edfico panorama del lago de Liscia.<br><br>\nUn segundo olivo, de m\u00e1s de 2.000 a\u00f1os, mide 8 m de altura, 1.315 cm en el cuello y 820 cm a 1,30 m (apd).<br><br>\nEl grupo de centenarios se completa con otra planta de m\u00e1s de cinco siglos.<br><br>\n\t\t\t<\/p>\n\t\t\t\t\t<\/blockquote>\n\t\t\t\t\t\t<\/div>\n\t\t\t\t<\/div>\n\t\t\t\t<div class=\"elementor-element elementor-element-fe7c4e5 gallery-spacing-custom elementor-widget elementor-widget-image-gallery\" data-id=\"fe7c4e5\" data-element_type=\"widget\" data-widget_type=\"image-gallery.default\">\n\t\t\t\t<div class=\"elementor-widget-container\">\n\t\t\t\t\t\t\t<div class=\"elementor-image-gallery\">\n\t\t\t<div id='gallery-4' class='gallery galleryid-1681 gallery-columns-2 gallery-size-medium'><figure class='gallery-item'>\n\t\t\t<div class='gallery-icon portrait'>\n\t\t\t\t<a data-elementor-open-lightbox=\"yes\" data-elementor-lightbox-slideshow=\"fe7c4e5\" data-elementor-lightbox-title=\"Infografica Ulivi Millenari Luras\" data-elementor-lightbox-description=\"Cartellone informativo Parco degli Ulivi\" data-e-action-hash=\"#elementor-action%3Aaction%3Dlightbox%26settings%3DeyJpZCI6OTY3OSwidXJsIjoiaHR0cHM6XC9cL3d3dy55ZXBzZWEuY29tXC93cC1jb250ZW50XC91cGxvYWRzXC8yMDIyXC8wM1wvSW5mb2dyYWZpY2EtVWxpdmktTWlsbGVuYXJpLUx1cmFzLXJvdGF0ZWQuanBnIiwic2xpZGVzaG93IjoiZmU3YzRlNSJ9\" href=\"https:\/\/www.yepsea.com\/wp-content\/uploads\/2022\/03\/Infografica-Ulivi-Millenari-Luras-rotated.jpg\"><img loading=\"lazy\" width=\"800\" height=\"1067\" src=\"https:\/\/www.yepsea.com\/wp-content\/uploads\/2022\/03\/Infografica-Ulivi-Millenari-Luras-rotated.jpg\" class=\"attachment-medium size-medium\" alt=\"\" aria-describedby=\"gallery-4-9679\" decoding=\"async\" \/><\/a>\n\t\t\t<\/div>\n\t\t\t\t<figcaption class='wp-caption-text gallery-caption' id='gallery-4-9679'>\n\t\t\t\tCartel informativo Parque del Olivo\n\t\t\t\t<\/figcaption><\/figure><figure class='gallery-item'>\n\t\t\t<div class='gallery-icon portrait'>\n\t\t\t\t<a data-elementor-open-lightbox=\"yes\" data-elementor-lightbox-slideshow=\"fe7c4e5\" data-elementor-lightbox-title=\"Ulivo Millenario Sardegna\" data-elementor-lightbox-description=\"Ulivo Monumentale in Sardegna\" data-e-action-hash=\"#elementor-action%3Aaction%3Dlightbox%26settings%3DeyJpZCI6OTY4MCwidXJsIjoiaHR0cHM6XC9cL3d3dy55ZXBzZWEuY29tXC93cC1jb250ZW50XC91cGxvYWRzXC8yMDIyXC8wM1wvVWxpdm8tTWlsbGVuYXJpby1TYXJkZWduYS1yb3RhdGVkLmpwZyIsInNsaWRlc2hvdyI6ImZlN2M0ZTUifQ%3D%3D\" href=\"https:\/\/www.yepsea.com\/wp-content\/uploads\/2022\/03\/Ulivo-Millenario-Sardegna-rotated.jpg\"><img loading=\"lazy\" width=\"800\" height=\"1067\" src=\"https:\/\/www.yepsea.com\/wp-content\/uploads\/2022\/03\/Ulivo-Millenario-Sardegna-rotated.jpg\" class=\"attachment-medium size-medium\" alt=\"\" aria-describedby=\"gallery-4-9680\" decoding=\"async\" \/><\/a>\n\t\t\t<\/div>\n\t\t\t\t<figcaption class='wp-caption-text gallery-caption' id='gallery-4-9680'>\n\t\t\t\tOlivo monumental en Cerde\u00f1a\n\t\t\t\t<\/figcaption><\/figure>\n\t\t<\/div>\n\t\t<\/div>\n\t\t\t\t\t\t<\/div>\n\t\t\t\t<\/div>\n\t\t\t\t\t<\/div>\n\t\t<\/div>\n\t\t\t\t\t<\/div>\n\t\t<\/section>\n\t\t\t\t<section class=\"elementor-section elementor-top-section elementor-element elementor-element-a0c0aec elementor-section-boxed elementor-section-height-default elementor-section-height-default\" data-id=\"a0c0aec\" data-element_type=\"section\">\n\t\t\t\t\t\t<div class=\"elementor-container elementor-column-gap-default\">\n\t\t\t\t\t<div class=\"elementor-column elementor-col-100 elementor-top-column elementor-element elementor-element-f2da73f\" data-id=\"f2da73f\" data-element_type=\"column\">\n\t\t\t<div class=\"elementor-widget-wrap elementor-element-populated\">\n\t\t\t\t\t\t<div class=\"elementor-element elementor-element-ac802e7 elementor-widget elementor-widget-heading\" data-id=\"ac802e7\" data-element_type=\"widget\" data-widget_type=\"heading.default\">\n\t\t\t\t<div class=\"elementor-widget-container\">\n\t\t\t\t\t<h2 class=\"elementor-heading-title elementor-size-default\">Lagos en Cerde\u00f1a<\/h2>\t\t\t\t<\/div>\n\t\t\t\t<\/div>\n\t\t\t\t<div class=\"elementor-element elementor-element-2b45907 elementor-widget elementor-widget-text-editor\" data-id=\"2b45907\" data-element_type=\"widget\" data-widget_type=\"text-editor.default\">\n\t\t\t\t<div class=\"elementor-widget-container\">\n\t\t\t\t\t\t\t\t\t<p>Los lagos de Cerde\u00f1a son principalmente de <strong>origen artificial<\/strong>a excepci\u00f3n del lago Baratz, un lago natural situado en la Nurra di Sassari.<\/p><p>Tambi\u00e9n hay peque\u00f1os lagos en <strong>car\u00e1cter estacional<\/strong> que se crean a partir de zonas de captaci\u00f3n por el agua de lluvia y, por tanto, se alimentan exclusivamente de las precipitaciones.<\/p><p>Algunos de los <strong>Los lagos m\u00e1s importantes de Cerde\u00f1a<\/strong> son:<\/p><ul><li><span style=\"font-family: var(--font-body);\">lago de Baratz - provincia de Sassari<\/span><\/li><li>Lago de Coghinas - Provincia de Sassari<\/li><li>Lago de Mulargia - provincia de Nuoro y Cerde\u00f1a del Sur<\/li><li>Lago Omodeo - en la provincia de Oristano<\/li><li>Lago de Liscia - provincia de Sassari<\/li><\/ul>\t\t\t\t\t\t\t\t<\/div>\n\t\t\t\t<\/div>\n\t\t\t\t<div class=\"elementor-element elementor-element-b9c21fd gallery-spacing-custom elementor-widget elementor-widget-image-gallery\" data-id=\"b9c21fd\" data-element_type=\"widget\" data-widget_type=\"image-gallery.default\">\n\t\t\t\t<div class=\"elementor-widget-container\">\n\t\t\t\t\t\t\t<div class=\"elementor-image-gallery\">\n\t\t\t<div id='gallery-5' class='gallery galleryid-1681 gallery-columns-2 gallery-size-medium'><figure class='gallery-item'>\n\t\t\t<div class='gallery-icon landscape'>\n\t\t\t\t<a data-elementor-open-lightbox=\"yes\" data-elementor-lightbox-slideshow=\"b9c21fd\" data-elementor-lightbox-title=\"Sardegna Lago Liscia\" data-elementor-lightbox-description=\"Belvedere panoramico Lago Liscia\" data-e-action-hash=\"#elementor-action%3Aaction%3Dlightbox%26settings%3DeyJpZCI6OTc2NiwidXJsIjoiaHR0cHM6XC9cL3d3dy55ZXBzZWEuY29tXC93cC1jb250ZW50XC91cGxvYWRzXC8yMDIyXC8wM1wvU2FyZGVnbmEtTGFnby1MaXNjaWEuanBnIiwic2xpZGVzaG93IjoiYjljMjFmZCJ9\" href=\"https:\/\/www.yepsea.com\/wp-content\/uploads\/2022\/03\/Sardegna-Lago-Liscia.jpg\"><img loading=\"lazy\" width=\"1067\" height=\"800\" src=\"https:\/\/www.yepsea.com\/wp-content\/uploads\/2022\/03\/Sardegna-Lago-Liscia.jpg\" class=\"attachment-medium size-medium\" alt=\"\" aria-describedby=\"gallery-5-9766\" decoding=\"async\" \/><\/a>\n\t\t\t<\/div>\n\t\t\t\t<figcaption class='wp-caption-text gallery-caption' id='gallery-5-9766'>\n\t\t\t\tMirador del lago de Liscia\n\t\t\t\t<\/figcaption><\/figure><figure class='gallery-item'>\n\t\t\t<div class='gallery-icon landscape'>\n\t\t\t\t<a data-elementor-open-lightbox=\"yes\" data-elementor-lightbox-slideshow=\"b9c21fd\" data-elementor-lightbox-title=\"Diga Lago Liscia Sardegna\" data-elementor-lightbox-description=\"Diga su Lago di Liscia\" data-e-action-hash=\"#elementor-action%3Aaction%3Dlightbox%26settings%3DeyJpZCI6OTc5MiwidXJsIjoiaHR0cHM6XC9cL3d3dy55ZXBzZWEuY29tXC93cC1jb250ZW50XC91cGxvYWRzXC8yMDIyXC8wM1wvRGlnYS1MYWdvLUxpc2NpYS1TYXJkZWduYS5qcGciLCJzbGlkZXNob3ciOiJiOWMyMWZkIn0%3D\" href=\"https:\/\/www.yepsea.com\/wp-content\/uploads\/2022\/03\/Diga-Lago-Liscia-Sardegna.jpg\"><img loading=\"lazy\" width=\"1067\" height=\"800\" src=\"https:\/\/www.yepsea.com\/wp-content\/uploads\/2022\/03\/Diga-Lago-Liscia-Sardegna.jpg\" class=\"attachment-medium size-medium\" alt=\"\" aria-describedby=\"gallery-5-9792\" decoding=\"async\" \/><\/a>\n\t\t\t<\/div>\n\t\t\t\t<figcaption class='wp-caption-text gallery-caption' id='gallery-5-9792'>\n\t\t\t\tPresa en el lago de Liscia\n\t\t\t\t<\/figcaption><\/figure>\n\t\t<\/div>\n\t\t<\/div>\n\t\t\t\t\t\t<\/div>\n\t\t\t\t<\/div>\n\t\t\t\t\t<\/div>\n\t\t<\/div>\n\t\t\t\t\t<\/div>\n\t\t<\/section>\n\t\t\t\t<section class=\"elementor-section elementor-top-section elementor-element elementor-element-67fd575 elementor-section-boxed elementor-section-height-default elementor-section-height-default\" data-id=\"67fd575\" data-element_type=\"section\">\n\t\t\t\t\t\t<div class=\"elementor-container elementor-column-gap-default\">\n\t\t\t\t\t<div class=\"elementor-column elementor-col-100 elementor-top-column elementor-element elementor-element-958ee4f\" data-id=\"958ee4f\" data-element_type=\"column\">\n\t\t\t<div class=\"elementor-widget-wrap elementor-element-populated\">\n\t\t\t\t\t\t<div class=\"elementor-element elementor-element-ac17c8b elementor-widget elementor-widget-heading\" data-id=\"ac17c8b\" data-element_type=\"widget\" data-widget_type=\"heading.default\">\n\t\t\t\t<div class=\"elementor-widget-container\">\n\t\t\t\t\t<h2 class=\"elementor-heading-title elementor-size-default\">Lago de Liscia<\/h2>\t\t\t\t<\/div>\n\t\t\t\t<\/div>\n\t\t\t\t<div class=\"elementor-element elementor-element-7081929 elementor-widget elementor-widget-text-editor\" data-id=\"7081929\" data-element_type=\"widget\" data-widget_type=\"text-editor.default\">\n\t\t\t\t<div class=\"elementor-widget-container\">\n\t\t\t\t\t\t\t\t\t<p>El lago de Liscia es una cuenca artificial situada en Gallura entre los municipios de Luras, Sant'Antonio di Gallura, Arzachena, Calangianus y Luogosanto, <strong>totalmente rodeado de vegetaci\u00f3n y rocas de Gallura <\/strong>de <a title=\"zona norte de Cerde\u00f1a\" href=\"https:\/\/yepsea.com\/da-vedere\/sardegna-del-nord\/\" target=\"_blank\" rel=\"noopener\">zona norte de Cerde\u00f1a<\/a>.<\/p><p>El lago se forma por el represamiento del r\u00edo Liscia, que nace en el monte San Giorgio y desemboca con su amplia boca deltaica frente al<a href=\"https:\/\/yepsea.com\/la-maddalena-arcipelago-cosa-fare\/\" target=\"_blank\" rel=\"noopener\">Archipi\u00e9lago de la Maddalena<\/a>.<\/p><p>El lago de Liscia es muy conocido en Cerde\u00f1a por sus bellos paisajes, y es posible dar un paseo en barco para admirar sus orillas, su presa y su vegetaci\u00f3n. <strong>La presa de Liscia garantiza el suministro de agua a toda Gallura<\/strong> a Olbia y <a title=\"Golfo Aranci\" href=\"https:\/\/yepsea.com\/da-vedere\/golfo-aranci\/\" target=\"_blank\" rel=\"noopener\">Golfo Aranci<\/a>.<\/p>\t\t\t\t\t\t\t\t<\/div>\n\t\t\t\t<\/div>\n\t\t\t\t<div class=\"elementor-element elementor-element-f33116d gallery-spacing-custom elementor-widget elementor-widget-image-gallery\" data-id=\"f33116d\" data-element_type=\"widget\" data-widget_type=\"image-gallery.default\">\n\t\t\t\t<div class=\"elementor-widget-container\">\n\t\t\t\t\t\t\t<div class=\"elementor-image-gallery\">\n\t\t\t<div id='gallery-6' class='gallery galleryid-1681 gallery-columns-2 gallery-size-medium'><figure class='gallery-item'>\n\t\t\t<div class='gallery-icon landscape'>\n\t\t\t\t<a data-elementor-open-lightbox=\"yes\" data-elementor-lightbox-slideshow=\"f33116d\" data-elementor-lightbox-title=\"Ingresso Diga Liscia Sardegna\" data-elementor-lightbox-description=\"Ingresso diga del Liscia\" data-e-action-hash=\"#elementor-action%3Aaction%3Dlightbox%26settings%3DeyJpZCI6OTc3MSwidXJsIjoiaHR0cHM6XC9cL3d3dy55ZXBzZWEuY29tXC93cC1jb250ZW50XC91cGxvYWRzXC8yMDIyXC8wM1wvSW5ncmVzc28tRGlnYS1MaXNjaWEtU2FyZGVnbmEuanBnIiwic2xpZGVzaG93IjoiZjMzMTE2ZCJ9\" href=\"https:\/\/www.yepsea.com\/wp-content\/uploads\/2022\/03\/Ingresso-Diga-Liscia-Sardegna.jpg\"><img loading=\"lazy\" width=\"1067\" height=\"800\" src=\"https:\/\/www.yepsea.com\/wp-content\/uploads\/2022\/03\/Ingresso-Diga-Liscia-Sardegna.jpg\" class=\"attachment-medium size-medium\" alt=\"\" aria-describedby=\"gallery-6-9771\" decoding=\"async\" \/><\/a>\n\t\t\t<\/div>\n\t\t\t\t<figcaption class='wp-caption-text gallery-caption' id='gallery-6-9771'>\n\t\t\t\tEntrada de la presa de Liscia\n\t\t\t\t<\/figcaption><\/figure><figure class='gallery-item'>\n\t\t\t<div class='gallery-icon landscape'>\n\t\t\t\t<a data-elementor-open-lightbox=\"yes\" data-elementor-lightbox-slideshow=\"f33116d\" data-elementor-lightbox-title=\"Ingresso Diga Liscia Sardegna Luras\" data-elementor-lightbox-description=\"Camminamento sopra la diga\" data-e-action-hash=\"#elementor-action%3Aaction%3Dlightbox%26settings%3DeyJpZCI6OTc5OCwidXJsIjoiaHR0cHM6XC9cL3d3dy55ZXBzZWEuY29tXC93cC1jb250ZW50XC91cGxvYWRzXC8yMDIyXC8wM1wvSW5ncmVzc28tRGlnYS1MaXNjaWEtU2FyZGVnbmEtTHVyYXMuanBnIiwic2xpZGVzaG93IjoiZjMzMTE2ZCJ9\" href=\"https:\/\/www.yepsea.com\/wp-content\/uploads\/2022\/03\/Ingresso-Diga-Liscia-Sardegna-Luras.jpg\"><img loading=\"lazy\" width=\"1067\" height=\"800\" src=\"https:\/\/www.yepsea.com\/wp-content\/uploads\/2022\/03\/Ingresso-Diga-Liscia-Sardegna-Luras.jpg\" class=\"attachment-medium size-medium\" alt=\"\" aria-describedby=\"gallery-6-9798\" decoding=\"async\" \/><\/a>\n\t\t\t<\/div>\n\t\t\t\t<figcaption class='wp-caption-text gallery-caption' id='gallery-6-9798'>\n\t\t\t\tCaminando sobre la presa\n\t\t\t\t<\/figcaption><\/figure><figure class='gallery-item'>\n\t\t\t<div class='gallery-icon landscape'>\n\t\t\t\t<a data-elementor-open-lightbox=\"yes\" data-elementor-lightbox-slideshow=\"f33116d\" data-elementor-lightbox-title=\"Ingresso Diga Liscia Sardegna\" data-elementor-lightbox-description=\"Struttura di accesso alla diga\" data-e-action-hash=\"#elementor-action%3Aaction%3Dlightbox%26settings%3DeyJpZCI6OTc5NiwidXJsIjoiaHR0cHM6XC9cL3d3dy55ZXBzZWEuY29tXC93cC1jb250ZW50XC91cGxvYWRzXC8yMDIyXC8wM1wvSW5ncmVzc28tRGlnYS1MaXNjaWEtU2FyZGVnbmEtMS5qcGciLCJzbGlkZXNob3ciOiJmMzMxMTZkIn0%3D\" href=\"https:\/\/www.yepsea.com\/wp-content\/uploads\/2022\/03\/Ingresso-Diga-Liscia-Sardegna-1.jpg\"><img loading=\"lazy\" width=\"1067\" height=\"800\" src=\"https:\/\/www.yepsea.com\/wp-content\/uploads\/2022\/03\/Ingresso-Diga-Liscia-Sardegna-1.jpg\" class=\"attachment-medium size-medium\" alt=\"\" aria-describedby=\"gallery-6-9796\" decoding=\"async\" \/><\/a>\n\t\t\t<\/div>\n\t\t\t\t<figcaption class='wp-caption-text gallery-caption' id='gallery-6-9796'>\n\t\t\t\tEstructura de acceso a la presa\n\t\t\t\t<\/figcaption><\/figure><figure class='gallery-item'>\n\t\t\t<div class='gallery-icon landscape'>\n\t\t\t\t<a data-elementor-open-lightbox=\"yes\" data-elementor-lightbox-slideshow=\"f33116d\" data-elementor-lightbox-title=\"Diga Liscia Luras\" data-elementor-lightbox-description=\"Struttura della diga di Liscia\" data-e-action-hash=\"#elementor-action%3Aaction%3Dlightbox%26settings%3DeyJpZCI6OTg1OSwidXJsIjoiaHR0cHM6XC9cL3d3dy55ZXBzZWEuY29tXC93cC1jb250ZW50XC91cGxvYWRzXC8yMDIyXC8wM1wvRGlnYS1MaXNjaWEtTHVyYXMuanBnIiwic2xpZGVzaG93IjoiZjMzMTE2ZCJ9\" href=\"https:\/\/www.yepsea.com\/wp-content\/uploads\/2022\/03\/Diga-Liscia-Luras.jpg\"><img loading=\"lazy\" width=\"1067\" height=\"800\" src=\"https:\/\/www.yepsea.com\/wp-content\/uploads\/2022\/03\/Diga-Liscia-Luras.jpg\" class=\"attachment-medium size-medium\" alt=\"\" aria-describedby=\"gallery-6-9859\" decoding=\"async\" \/><\/a>\n\t\t\t<\/div>\n\t\t\t\t<figcaption class='wp-caption-text gallery-caption' id='gallery-6-9859'>\n\t\t\t\tEstructura de la presa de Liscia\n\t\t\t\t<\/figcaption><\/figure>\n\t\t<\/div>\n\t\t<\/div>\n\t\t\t\t\t\t<\/div>\n\t\t\t\t<\/div>\n\t\t\t\t\t<\/div>\n\t\t<\/div>\n\t\t\t\t\t<\/div>\n\t\t<\/section>\n\t\t\t\t<\/div>","protected":false},"excerpt":{"rendered":"<p>Los olivos milenarios de Luras, en el coraz\u00f3n de Gallura, son un verdadero monumento natural de Cerde\u00f1a.<\/p>","protected":false},"author":1,"featured_media":9669,"parent":0,"comment_status":"open","ping_status":"closed","sticky":false,"template":"","format":"standard","meta":{"fifu_image_url":"","fifu_image_alt":"","footnotes":""},"categories":[],"tags":[],"class_list":["post-1681","post","type-post","status-publish","format-standard","has-post-thumbnail","hentry"],"_links":{"self":[{"href":"https:\/\/www.yepsea.com\/es\/wp-json\/wp\/v2\/posts\/1681","targetHints":{"allow":["GET"]}}],"collection":[{"href":"https:\/\/www.yepsea.com\/es\/wp-json\/wp\/v2\/posts"}],"about":[{"href":"https:\/\/www.yepsea.com\/es\/wp-json\/wp\/v2\/types\/post"}],"author":[{"embeddable":true,"href":"https:\/\/www.yepsea.com\/es\/wp-json\/wp\/v2\/users\/1"}],"replies":[{"embeddable":true,"href":"https:\/\/www.yepsea.com\/es\/wp-json\/wp\/v2\/comments?post=1681"}],"version-history":[{"count":0,"href":"https:\/\/www.yepsea.com\/es\/wp-json\/wp\/v2\/posts\/1681\/revisions"}],"wp:featuredmedia":[{"embeddable":true,"href":"https:\/\/www.yepsea.com\/es\/wp-json\/wp\/v2\/media\/9669"}],"wp:attachment":[{"href":"https:\/\/www.yepsea.com\/es\/wp-json\/wp\/v2\/media?parent=1681"}],"wp:term":[{"taxonomy":"category","embeddable":true,"href":"https:\/\/www.yepsea.com\/es\/wp-json\/wp\/v2\/categories?post=1681"},{"taxonomy":"post_tag","embeddable":true,"href":"https:\/\/www.yepsea.com\/es\/wp-json\/wp\/v2\/tags?post=1681"}],"curies":[{"name":"wp","href":"https:\/\/api.w.org\/{rel}","templated":true}]}}